{"id":4797,"date":"2025-02-14T07:16:55","date_gmt":"2025-02-14T10:16:55","guid":{"rendered":"https:\/\/13.com.ar\/index.php\/google-celebra-san-valentin-2025-con-un-nuevo-doodle\/"},"modified":"2025-02-14T07:16:55","modified_gmt":"2025-02-14T10:16:55","slug":"google-celebra-san-valentin-2025-con-un-nuevo-doodle","status":"publish","type":"post","link":"https:\/\/13.com.ar\/index.php\/google-celebra-san-valentin-2025-con-un-nuevo-doodle\/","title":{"rendered":"Google celebra San Valent\u00edn 2025 con un nuevo Doodle"},"content":{"rendered":"<p> <br \/>\n<br \/><img decoding=\"async\" src=\"https:\/\/13.com.ar\/wp-content\/uploads\/2025\/02\/Google-celebra-San-Valentin-2025-con-un-nuevo-Doodle.jpg\" \/><\/p>\n<div>\n<p>Como todos los a\u00f1os, <strong>Google<\/strong> celebra San Valent\u00edn con un <strong>doodle <\/strong>especial dise\u00f1ado para la ocasi\u00f3n. <\/p>\n<\/div>\n<div>\n<p>El gigante tecnol\u00f3gico no pod\u00eda quedarse fuera de la celebraci\u00f3n y decor\u00f3 su portada con un dise\u00f1o especial, en donde predominan los corazones e im\u00e1genes alusivas, para que quienes est\u00e1n enamorados sigan sintiendo que es un d\u00eda especial.<\/p>\n<\/div>\n<div>\n<p>Cada 14 de febrero se recuerda a un sacerdote romano llamado Valent\u00edn que vivi\u00f3 durante el reinado de <strong>Claudio G\u00f3tico<\/strong> (268-270). El emperador convoc\u00f3 a <strong>Valent\u00edn <\/strong>e intent\u00f3 convertirlo a su religi\u00f3n polite\u00edsta sin \u00e9xito. Incluso le encarg\u00f3 la tarea a uno de sus hombres de confianza, un oficial llamado Asterius.<\/p>\n<\/div>\n<div>\n<p>Sin embargo, el oficial no tuvo buenos resultados en la misi\u00f3n, m\u00e1s bien todo lo contrario. Qued\u00f3 tan fascinado con Valent\u00edn que se convirti\u00f3 al cristianismo, despu\u00e9s de ver c\u00f3mo su hija, ciega desde peque\u00f1a, recuperaba <strong>milagrosamente <\/strong>la vista por intercesi\u00f3n del sacerdote.<\/p>\n<\/div>\n<div>\n<p>Enterado de la historia, <strong>Claudio G\u00f3tico mand\u00f3 a decapitar a Valent\u00edn un 14 de febrero en la V\u00eda Flaminia romana<\/strong>, cerca del lugar donde despu\u00e9s fue enterrado.<\/p>\n<\/div>\n<div>\n<p>Otra teor\u00eda se\u00f1ala que durante la \u00e9poca del emperador Claudio el G\u00f3tico se prohibieron los casamientos. La decisi\u00f3n se tom\u00f3 para que los hombres estuvieran libres y disponibles para la guerra. Y pese a esa restricci\u00f3n, San Valent\u00edn era de los pocos sacerdotes que casaba a las parejas, aunque fuera de forma clandestina.<\/p>\n<\/div>\n<div>\n<p>Otra de las versiones sobre el origen de San Valentin fue divulgada por el escritor ingl\u00e9s, <strong>Geoffrey Chaucer, autor de Los cuentos de Canterbury<\/strong>, quien se\u00f1al\u00f3 que a mitad de febrero los p\u00e1jaros se reproducen en el hemisferio norte. Y ese frenes\u00ed amoroso de las aves fue la excusa para reivindicar al santo asesinado a mediados de febrero.<\/p>\n<\/div>\n<div>\n<p>En el a\u00f1o 496, el Papa Gelasio determin\u00f3 que cada 14 de febrero se celebrara a San Valent\u00edn\u200b en el aniversario de su martirio. Sus reliquias se encuentran en diversas iglesias del mundo.<\/p>\n<\/div>\n<div>\n<p>Sea como fuere, la fecha qued\u00f3 en el calendario y Google eligi\u00f3 valorarla como cada a\u00f1o. Por eso los doodles del 14 de febrero comenzaron a volverse una tradici\u00f3n.<\/p>\n<\/div>\n<p><br \/>\n<br \/><a href=\"https:\/\/www.clarin.com\/internacional\/google-celebra-san-valentin-2025-nuevo-doodle_0_tyR72d963i.html\">Fuente Clarin.com <\/a><\/p>\n","protected":false},"excerpt":{"rendered":"<p>Como todos los a\u00f1os, Google celebra San Valent\u00edn con un doodle especial dise\u00f1ado para la ocasi\u00f3n. El gigante tecnol\u00f3gico no pod\u00eda quedarse fuera de la celebraci\u00f3n y decor\u00f3 su portada con un dise\u00f1o especial, en donde predominan los corazones e im\u00e1genes alusivas, para que quienes est\u00e1n enamorados sigan sintiendo que es un d\u00eda especial. Cada [&hellip;]<\/p>\n","protected":false},"author":1,"featured_media":4798,"comment_status":"open","ping_status":"open","sticky":false,"template":"","format":"standard","meta":{"footnotes":""},"categories":[2],"tags":[5144,18,6807,180,14,451,5350],"class_list":["post-4797","post","type-post","status-publish","format-standard","has-post-thumbnail","hentry","category-ultimas-noticias","tag-celebra","tag-con","tag-doodle","tag-google","tag-nuevo","tag-san","tag-valentin"],"_links":{"self":[{"href":"https:\/\/13.com.ar\/index.php\/wp-json\/wp\/v2\/posts\/4797","targetHints":{"allow":["GET"]}}],"collection":[{"href":"https:\/\/13.com.ar\/index.php\/wp-json\/wp\/v2\/posts"}],"about":[{"href":"https:\/\/13.com.ar\/index.php\/wp-json\/wp\/v2\/types\/post"}],"author":[{"embeddable":true,"href":"https:\/\/13.com.ar\/index.php\/wp-json\/wp\/v2\/users\/1"}],"replies":[{"embeddable":true,"href":"https:\/\/13.com.ar\/index.php\/wp-json\/wp\/v2\/comments?post=4797"}],"version-history":[{"count":0,"href":"https:\/\/13.com.ar\/index.php\/wp-json\/wp\/v2\/posts\/4797\/revisions"}],"wp:featuredmedia":[{"embeddable":true,"href":"https:\/\/13.com.ar\/index.php\/wp-json\/wp\/v2\/media\/4798"}],"wp:attachment":[{"href":"https:\/\/13.com.ar\/index.php\/wp-json\/wp\/v2\/media?parent=4797"}],"wp:term":[{"taxonomy":"category","embeddable":true,"href":"https:\/\/13.com.ar\/index.php\/wp-json\/wp\/v2\/categories?post=4797"},{"taxonomy":"post_tag","embeddable":true,"href":"https:\/\/13.com.ar\/index.php\/wp-json\/wp\/v2\/tags?post=4797"}],"curies":[{"name":"wp","href":"https:\/\/api.w.org\/{rel}","templated":true}]}}