{"id":47957,"date":"2025-08-04T12:06:57","date_gmt":"2025-08-04T15:06:57","guid":{"rendered":"https:\/\/13.com.ar\/index.php\/quien-era-la-familia-que-murio-aplastada-contra-un-guardarrail-en-un-fiat-147-en-una-ruta-de-cordoba\/"},"modified":"2025-08-04T12:06:57","modified_gmt":"2025-08-04T15:06:57","slug":"quien-era-la-familia-que-murio-aplastada-contra-un-guardarrail-en-un-fiat-147-en-una-ruta-de-cordoba","status":"publish","type":"post","link":"https:\/\/13.com.ar\/index.php\/quien-era-la-familia-que-murio-aplastada-contra-un-guardarrail-en-un-fiat-147-en-una-ruta-de-cordoba\/","title":{"rendered":"Qui\u00e9n era la familia que muri\u00f3 aplastada contra un guardarrail en un Fiat 147 en una ruta de C\u00f3rdoba"},"content":{"rendered":"<p> <br \/>\n<\/p>\n<div id=\"cuerpo\">\n<div class=\"sc-45461e9c-0 eqiBeF container-text text-embed \" id=\"element-body-0\">\n<p>Los vecinos de <strong>Arroyito<\/strong>, ubicada a 115 kil\u00f3metros al este de la ciudad de <strong>C\u00f3rdoba<\/strong>, est\u00e1n de duelo. Una tragedia en <strong>la ruta nacional 19 <\/strong>se llev\u00f3 la vida de un hombre y sus tres hijos de 12, 11 y 8 a\u00f1os.<\/p>\n<\/div>\n<div class=\"sc-45461e9c-0 eqiBeF container-text text-embed \" id=\"element-body-1\">\n<p>El domingo, a las 5 de la madrugada, <strong>Ricardo Oliva (33) <\/strong>manejaba el Fiat 147 en el que viajaban seis personas m\u00e1s: su esposa<strong> Anabela Cepeda (29)<\/strong>, sus hijos <strong>Thiago Benjam\u00edn (12), Miqueas Eliel (11) y Liz Angelina (8)<\/strong>, y dos sobrinas de 17 y 15 a\u00f1os.<\/p>\n<\/div>\n<div class=\"sc-45461e9c-0 eqiBeF container-text text-embed \" id=\"element-body-2\">\n<p>Seg\u00fan el intendente de Arroyito, <strong>Gustavo Benedetti<\/strong>, un Volkswagen Bora en el que iban tres j\u00f3venes de 19 a\u00f1os lo pas\u00f3 &#8220;por arriba&#8221; ya que &#8220;supuestamente no lo vieron&#8221;. Fue entre los parajes de El T\u00edo y El Fuertecito.<\/p>\n<\/div>\n<div class=\"sc-98b114a2-0 bkqiHH image-embed  image-embed \" id=\"element-body-3\"><picture class=\"sc-98b114a2-1 jRUlDm\"><source media=\"(min-width: 975px)\" width=\"720\" height=\"480\" \/><img fetchpriority=\"high\" alt=\"El 147 qued\u00f3 destrozado.\" loading=\"eager\" width=\"720\" height=\"480\" decoding=\"async\" data-nimg=\"1\" style=\"color:transparent\" src=\"https:\/\/13.com.ar\/wp-content\/uploads\/2025\/08\/Quien-era-la-familia-que-murio-aplastada-contra-un-guardarrail.jpg\"\/><span class=\"epigraphe\">El 147 qued\u00f3 destrozado.<\/span><span class=\"picture-open\"><button class=\"open-image\" aria-label=\"Open Image\"\/><\/span><\/picture><\/div>\n<div class=\"sc-45461e9c-0 eqiBeF container-text text-embed \" id=\"element-body-4\">\n<p>El 147 termin\u00f3 aplastado contra un guardarrail. Algunas de las v\u00edctimas salieron despedidas. Murieron el padre y los tres nenes. El resto de los ocupantes sufri\u00f3 heridas que no pon\u00edan en peligro sus vidas. Todos volv\u00edan de una fiesta.<strong> <\/strong><\/p>\n<\/div>\n<div class=\"sc-45461e9c-0 eqiBeF container-text text-embed \" id=\"element-body-5\">\n<p>El conductor del Bora, identificado como <strong>Franco Alejandro Sosa (19),<\/strong> qued\u00f3 detenido, acusado de <em>&#8220;homicidio culposo agravado y lesiones culposas agravadas&#8221;<\/em>.<\/p>\n<\/div>\n<div class=\"sc-45461e9c-0 eqiBeF container-text text-embed \" id=\"element-body-6\">\n<p>Seg\u00fan <em>El Doce TV<\/em>, hab\u00eda sido <strong>multado por alcoholemia positiva<\/strong> (dio 0,49 en el test) el pasado 15 de junio, apenas a 17 kil\u00f3metros del lugar del desastre, por lo que estaba inhabilitado para manejar. Es de la localidad de El T\u00edo.<\/p>\n<\/div>\n<div class=\"sc-45461e9c-0 eqiBeF container-text text-embed \" id=\"element-body-7\">\n<p>&#8220;La familia qued\u00f3 destruida. Es muy humilde&#8221;, sostuvo el jefe comunal.<\/p>\n<\/div>\n<div class=\"sc-98b114a2-0 bkqiHH image-embed  image-embed \" id=\"element-body-8\"><picture class=\"sc-98b114a2-1 jRUlDm\"><source media=\"(min-width: 975px)\" width=\"720\" height=\"480\" \/><img alt=\"Choque fatal en C\u00f3rdoba: murieron tres hermanitos de 12, 11 y 8 a\u00f1os, junto a su pap\u00e1. Su mam\u00e1 result\u00f3 herida.\" loading=\"eager\" width=\"720\" height=\"480\" decoding=\"async\" data-nimg=\"1\" style=\"color:transparent\" src=\"https:\/\/13.com.ar\/wp-content\/uploads\/2025\/08\/1754320017_142_Quien-era-la-familia-que-murio-aplastada-contra-un-guardarrail.jpg\"\/><span class=\"epigraphe\">Choque fatal en C\u00f3rdoba: murieron tres hermanitos de 12, 11 y 8 a\u00f1os, junto a su pap\u00e1. Su mam\u00e1 result\u00f3 herida.<\/span><span class=\"picture-open\"><button class=\"open-image\" aria-label=\"Open Image\"\/><\/span><\/picture><\/div>\n<div class=\"sc-45461e9c-0 eqiBeF container-text text-embed \" id=\"element-body-9\">\n<p>Oliva hab\u00eda trabajado como panadero y llevaba varios a\u00f1os en pareja con Cepeda.<\/p>\n<\/div>\n<div class=\"sc-45461e9c-0 eqiBeF container-text text-embed \" id=\"element-body-10\">\n<p>En las redes sociales hubo numerosas muestras de dolor por lo ocurrido. Desde <strong>la Escuela Jos\u00e9 Gim\u00e9nez Lagos<\/strong>, adonde asist\u00edan los chicos, postearon: &#8220;<em>Hoy nos toca atravesar uno de los momentos m\u00e1s tristes que puede vivir una Comunidad Educativa<\/em>&#8220;.<\/p>\n<\/div>\n<div class=\"sc-45461e9c-0 eqiBeF container-text text-embed \" id=\"element-body-11\">\n<p>&#8220;<em>Sabemos que no hay palabras suficientes para aliviar el impacto de esta tragedia, pero si queremos acompa\u00f1arnos en este duelo, sostenernos como equipo y brindar a nuestras familias y estudiantes, todo nuestro respeto, la contenci\u00f3n y el amor que necesitan<\/em>&#8220;, expresaron:<\/p>\n<\/div>\n<div class=\"sc-45461e9c-0 eqiBeF container-text text-embed \" id=\"element-body-12\">\n<p>Y concluyeron: &#8220;<em>Que el recuerdo de nuestros estudiantes Thiago, Miqueas y Liz nos gu\u00ede y nos inspire a seguir construyendo una escuela con sentido, con valores, con humanidad. Con afecto y fortaleza<\/em>&#8220;.<\/p>\n<\/div>\n<div class=\"sc-98b114a2-0 bkqiHH image-embed  image-embed \" id=\"element-body-13\"><picture class=\"sc-98b114a2-1 jRUlDm\"><source media=\"(min-width: 975px)\" width=\"720\" height=\"480\" \/><img alt=\"El posteo de la escuela a la que asist\u00edan los tres chicos que murieron en un choque en la ruta nacional 19, en C\u00f3rdoba.\" loading=\"eager\" width=\"720\" height=\"480\" decoding=\"async\" data-nimg=\"1\" style=\"color:transparent\" src=\"https:\/\/13.com.ar\/wp-content\/uploads\/2025\/08\/1754320017_585_Quien-era-la-familia-que-murio-aplastada-contra-un-guardarrail.jpg\"\/><span class=\"epigraphe\">El posteo de la escuela a la que asist\u00edan los tres chicos que murieron en un choque en la ruta nacional 19, en C\u00f3rdoba.<\/span><span class=\"picture-open\"><button class=\"open-image\" aria-label=\"Open Image\"\/><\/span><\/picture><\/div>\n<div class=\"sc-45461e9c-0 eqiBeF container-text text-embed \" id=\"element-body-14\">\n<p>Adem\u00e1s, <strong>el cura Sergio Fern\u00e1ndez Nieri<\/strong>, de la Parroquia Nuestra Se\u00f1ora de la Merced, public\u00f3 una carta.<\/p>\n<\/div>\n<div class=\"sc-45461e9c-0 eqiBeF container-text text-embed \" id=\"element-body-15\">\n<p>&#8220;<em>Querida comunidad: Con enorme dolor quiero expresar mi profundo pesar por el fallecimiento de tres ni\u00f1os: Miqueas, Liz y Thiago, en el tr\u00e1gico accidente ocurrido esta ma\u00f1ana en la Ruta 19. La muerte de inocentes no puede dejarnos indiferentes. Clama al cielo y reclama justicia<\/em>&#8220;.<\/p>\n<\/div>\n<div class=\"sc-45461e9c-0 eqiBeF container-text text-embed \" id=\"element-body-16\">\n<p>Cont\u00f3 que los chicos &#8220;<em>asist\u00edan al Merendero &#8216;Tacitas Calientes&#8217; y anoche (por el s\u00e1bado), en la \u00faltima noche de novena a San Cayetano, record\u00e1bamos su aniversario de creaci\u00f3n, dando gracias por los voluntarios que prestan su servicio all\u00ed&#8221;<\/em>.<\/p>\n<\/div>\n<div class=\"sc-98b114a2-0 bkqiHH image-embed  image-embed \" id=\"element-body-17\"><picture class=\"sc-98b114a2-1 jRUlDm\"><source media=\"(min-width: 975px)\" width=\"720\" height=\"480\" \/><img alt=\"El posteo del sacerdote Sergio Fern\u00e1ndez Nieri tras la muerte de tres nenes y su pap\u00e1 en un choque en la ruta nacional 19, en C\u00f3rdoba.\" loading=\"eager\" width=\"720\" height=\"480\" decoding=\"async\" data-nimg=\"1\" style=\"color:transparent\" src=\"https:\/\/13.com.ar\/wp-content\/uploads\/2025\/08\/1754320017_395_Quien-era-la-familia-que-murio-aplastada-contra-un-guardarrail.jpg\"\/><span class=\"epigraphe\">El posteo del sacerdote Sergio Fern\u00e1ndez Nieri tras la muerte de tres nenes y su pap\u00e1 en un choque en la ruta nacional 19, en C\u00f3rdoba.<\/span><span class=\"picture-open\"><button class=\"open-image\" aria-label=\"Open Image\"\/><\/span><\/picture><\/div>\n<div class=\"sc-45461e9c-0 eqiBeF container-text text-embed \" id=\"element-body-18\">\n<p>&#8220;<em>Ayer mismo rez\u00e1bamos por el merendero, sin imaginar esta dolorosa noticia que hoy enluta a toda nuestra ciudad. Elevamos nuestra oraci\u00f3n por ellos y Ricardo su pap\u00e1, tambi\u00e9n fallecido y por las familias vinculadas a esta tragedia. Tambi\u00e9n pedimos con firmeza a la justicia que se act\u00fae con celeridad y responsabilidad para esclarecer esta tragedia<\/em>&#8220;, apunt\u00f3.<\/p>\n<\/div>\n<div class=\"sc-45461e9c-0 eqiBeF container-text text-embed \" id=\"element-body-19\">\n<p>Fern\u00e1ndez Nieri advirti\u00f3 que &#8220;<strong><em>la inseguridad en las rutas no es un hecho aislado<\/em><\/strong><em>, y tiene, entre sus causas, la <\/em><strong><em>falta de controles <\/em><\/strong><em>adecuados por parte de quienes tienen la responsabilidad de hacerlo, especialmente los fines de semana, donde el tr\u00e1nsito aumenta y los &#8216;excesos&#8217; se multiplican en todos los \u00f3rdenes<\/em>&#8220;.<\/p>\n<\/div>\n<div class=\"sc-98b114a2-0 bkqiHH image-embed  image-embed \" id=\"element-body-20\"><picture class=\"sc-98b114a2-1 jRUlDm\"><source media=\"(min-width: 975px)\" width=\"720\" height=\"480\" \/><img alt=\"Los tres hermanitos de 12, 11 y 8 a\u00f1os que murieron.\" loading=\"eager\" width=\"720\" height=\"480\" decoding=\"async\" data-nimg=\"1\" style=\"color:transparent\" src=\"https:\/\/13.com.ar\/wp-content\/uploads\/2025\/08\/1754320017_22_Quien-era-la-familia-que-murio-aplastada-contra-un-guardarrail.jpg\"\/><span class=\"epigraphe\">Los tres hermanitos de 12, 11 y 8 a\u00f1os que murieron.<\/span><span class=\"picture-open\"><button class=\"open-image\" aria-label=\"Open Image\"\/><\/span><\/picture><\/div>\n<div class=\"sc-45461e9c-0 eqiBeF container-text text-embed \" id=\"element-body-21\">\n<p>&#8220;<em>La justicia debe llegar con prontitud, y nuestra fe nos impulsa a acompa\u00f1ar con oraci\u00f3n, solidaridad y tambi\u00e9n compromiso para que hechos como este no se repitan NUNCA MAS. Que el Se\u00f1or reciba a Miqueas, Liz y Thiago en su abrazo eterno, junto a su pap\u00e1. Descansen en paz. Am\u00e9n<\/em>&#8220;, complet\u00f3.<\/p>\n<\/div>\n<p><h2>La carta del intendente a Javier Milei<\/h2>\n<\/p>\n<div class=\"sc-45461e9c-0 eqiBeF container-text text-embed \" id=\"element-body-23\">\n<p>Tras la tragedia, el intendente Benedetti, quien lleg\u00f3 al cargo en 2019 a trav\u00e9s de la coalici\u00f3n Todos Juntos por Arroyito, una alianza integrada por el peronismo provincial, el PRO, el Frente C\u00edvico y otros partidos menores, y fue reelegido en 2023, public\u00f3 una carta abierta al presidente <strong>Javier Milei<\/strong> por el estado de la ruta nacional 19.<\/p>\n<\/div>\n<div class=\"sc-45461e9c-0 eqiBeF container-text text-embed \" id=\"element-body-24\">\n<p>&#8220;<em>Por favor, presidente Milei, transfiera la finalizaci\u00f3n de esta obra Autopista RN19 y mantenga las rutas. <\/em><strong><em>Ya no queremos m\u00e1s muertes<\/em><\/strong><em>. Es muy doloroso despertarnos con noticias como las de hoy, donde fallecieron cuatro vecinos, tres de ellos eran ni\u00f1os. \u00bfHasta cu\u00e1ndo vamos a tener que pasar por esto<\/em>&#8220;, escribi\u00f3.<\/p>\n<\/div>\n<div class=\"sc-45461e9c-0 eqiBeF container-text text-embed \" id=\"element-body-25\">\n<p>Y enumer\u00f3 que el Hospital Municipal de Arroyito asisti\u00f3 a &#8220;<strong><em>m\u00e1s de 63 personas por siniestros en los tramos inconclusos<\/em><\/strong>&#8221; de la carretera en los \u00faltimos meses. De acuerdo a estos datos, el promedio es de &#8220;<em>un accidente cada tres d\u00edas<\/em>&#8221; y &#8220;<em>de enero a julio<\/em>&#8221; hubo &#8220;<em>cinco muertes<\/em>&#8220;.<\/p>\n<\/div>\n<div class=\"sc-98b114a2-0 bkqiHH image-embed  image-embed \" id=\"element-body-26\"><picture class=\"sc-98b114a2-1 jRUlDm\"><source media=\"(min-width: 975px)\" width=\"720\" height=\"480\" \/><img alt=\"La carta del intendente de Arroyito, Gustavo Benedetti, al presidente Javier Milei, por las obras inconclusas en la ruta nacional 19.\" loading=\"eager\" width=\"720\" height=\"480\" decoding=\"async\" data-nimg=\"1\" style=\"color:transparent\" src=\"https:\/\/13.com.ar\/wp-content\/uploads\/2025\/08\/1754320017_920_Quien-era-la-familia-que-murio-aplastada-contra-un-guardarrail.jpg\"\/><span class=\"epigraphe\">La carta del intendente de Arroyito, Gustavo Benedetti, al presidente Javier Milei, por las obras inconclusas en la ruta nacional 19.<\/span><span class=\"picture-open\"><button class=\"open-image\" aria-label=\"Open Image\"\/><\/span><\/picture><\/div>\n<div class=\"sc-45461e9c-0 eqiBeF container-text text-embed \" id=\"element-body-27\">\n<p>&#8220;<em>La ruta tiene un tr\u00e1fico de 15.000 veh\u00edculos diarios. \u00bfHasta cu\u00e1ndo vamos a tener que ver morir a nuestros vecinos por consecuencia del ego\u00edsmo pol\u00edtico?<\/em>&#8220;, plante\u00f3 Benedetti, quien ya hab\u00eda sido intendente de Arroyito entre 2003 y 2011.<\/p>\n<\/div>\n<div class=\"sc-45461e9c-0 eqiBeF container-text text-embed \" id=\"element-body-28\">\n<p>Si bien el intendente mencion\u00f3 el mal estado de la ruta, se cree que la tragedia del domingo tuvo m\u00e1s que ver con la imprudencia y la negligencia. La Fiscal\u00eda de Instrucci\u00f3n de Arroyito investigan si el Bora iba a mucha velocidad y sus ocupantes no vieron al 147, un veh\u00edculo que iba sobrecargado, con siete personas a bordo.<\/p>\n<\/div>\n<\/div>\n<p><br \/>\n<br \/><a href=\"https:\/\/www.clarin.com\/sociedad\/familia-murio-aplastada-guardarrail-fiat-147-ruta-cordoba_0_qfxy3faahn.html\">Fuente Clarin.com <\/a><\/p>\n","protected":false},"excerpt":{"rendered":"<p>Los vecinos de Arroyito, ubicada a 115 kil\u00f3metros al este de la ciudad de C\u00f3rdoba, est\u00e1n de duelo. Una tragedia en la ruta nacional 19 se llev\u00f3 la vida de un hombre y sus tres hijos de 12, 11 y 8 a\u00f1os. El domingo, a las 5 de la madrugada, Ricardo Oliva (33) manejaba el [&hellip;]<\/p>\n","protected":false},"author":1,"featured_media":47958,"comment_status":"open","ping_status":"open","sticky":false,"template":"","format":"standard","meta":{"footnotes":""},"categories":[2],"tags":[17658,835,572,762,1497,3307,15211,611,3,493,73],"class_list":["post-47957","post","type-post","status-publish","format-standard","has-post-thumbnail","hentry","category-ultimas-noticias","tag-aplastada","tag-contra","tag-cordoba","tag-era","tag-familia","tag-fiat","tag-guardarrail","tag-murio","tag-quien","tag-ruta","tag-una"],"_links":{"self":[{"href":"https:\/\/13.com.ar\/index.php\/wp-json\/wp\/v2\/posts\/47957","targetHints":{"allow":["GET"]}}],"collection":[{"href":"https:\/\/13.com.ar\/index.php\/wp-json\/wp\/v2\/posts"}],"about":[{"href":"https:\/\/13.com.ar\/index.php\/wp-json\/wp\/v2\/types\/post"}],"author":[{"embeddable":true,"href":"https:\/\/13.com.ar\/index.php\/wp-json\/wp\/v2\/users\/1"}],"replies":[{"embeddable":true,"href":"https:\/\/13.com.ar\/index.php\/wp-json\/wp\/v2\/comments?post=47957"}],"version-history":[{"count":0,"href":"https:\/\/13.com.ar\/index.php\/wp-json\/wp\/v2\/posts\/47957\/revisions"}],"wp:featuredmedia":[{"embeddable":true,"href":"https:\/\/13.com.ar\/index.php\/wp-json\/wp\/v2\/media\/47958"}],"wp:attachment":[{"href":"https:\/\/13.com.ar\/index.php\/wp-json\/wp\/v2\/media?parent=47957"}],"wp:term":[{"taxonomy":"category","embeddable":true,"href":"https:\/\/13.com.ar\/index.php\/wp-json\/wp\/v2\/categories?post=47957"},{"taxonomy":"post_tag","embeddable":true,"href":"https:\/\/13.com.ar\/index.php\/wp-json\/wp\/v2\/tags?post=47957"}],"curies":[{"name":"wp","href":"https:\/\/api.w.org\/{rel}","templated":true}]}}