{"id":47953,"date":"2025-08-04T12:00:56","date_gmt":"2025-08-04T15:00:56","guid":{"rendered":"https:\/\/13.com.ar\/index.php\/se-despidio-del-teatro-colon-con-una-fuerte-ovacion-futbolera-y-lagrimas-de-emocion\/"},"modified":"2025-08-04T12:00:56","modified_gmt":"2025-08-04T15:00:56","slug":"se-despidio-del-teatro-colon-con-una-fuerte-ovacion-futbolera-y-lagrimas-de-emocion","status":"publish","type":"post","link":"https:\/\/13.com.ar\/index.php\/se-despidio-del-teatro-colon-con-una-fuerte-ovacion-futbolera-y-lagrimas-de-emocion\/","title":{"rendered":"se despidi\u00f3 del Teatro Col\u00f3n con una fuerte ovaci\u00f3n futbolera y l\u00e1grimas de emoci\u00f3n"},"content":{"rendered":"<p> <br \/>\n<br \/><img decoding=\"async\" src=\"https:\/\/13.com.ar\/wp-content\/uploads\/2025\/08\/se-despidio-del-Teatro-Colon-con-una-fuerte-ovacion-futbolera.jpg\" \/><\/p>\n<div id=\"element-body-0\">\n<p>Este domingo, <strong>Marianela N\u00fanez<\/strong> se despidi\u00f3 del Teatro Col\u00f3n. La bailarina, que se desempe\u00f1a hace varios a\u00f1os como<strong> primera figura del Royal Ballet de Londres <\/strong>y volvi\u00f3 a la Argentina para subirse al escenario m\u00e1s imponente del pa\u00eds,<strong> fue ovacionada por sus fans en una \u00faltima funci\u00f3n a pura emoci\u00f3n.<\/strong><\/p>\n<\/div>\n<div id=\"element-body-1\">\n<p>En las dos funciones que hizo durante esta viaje a la Argentina, que se llevaron a cabo el 31 de julio y el 3 de agosto, <strong>la artista oriunda de San Mart\u00edn encarn\u00f3 a Kitri, en el popular ballet de Don Quijote.<\/strong> Y si hay algo que caracteriz\u00f3 a ambas presentaciones fue la emoci\u00f3n del p\u00fablico.<\/p>\n<\/div>\n<div id=\"element-body-2\">\n<p>El panorama que se vivi\u00f3 fue \u00fanico: <strong>colas interminables, gritos, carteles, y una comunidad ansiosa por acercarse<\/strong> a aquella chica que llen\u00f3 su valija de sue\u00f1os a los 16 a\u00f1os y se fue a Europa a triunfar, sin mirar atr\u00e1s.<\/p>\n<\/div>\n<div id=\"element-body-3\">\n<p>En su \u00faltima presentaci\u00f3n en el pa\u00eds, con la gracia y la delicadeza que la caracterizan <strong>Marianela deslumbr\u00f3 a todos los presentes en la sala junto a su<em> partener<\/em>, el maravilloso bailar\u00edn de origen cubano Patricio Rev\u00e9<\/strong> -del Queensland Ballet de Australia- en el papel de su enamorado Basilio, y el Ballet Estable del Teatro Col\u00f3n con todo su cuerpo de baile.<\/p>\n<\/div>\n<div id=\"element-body-4\">\n<p>Al final, justo antes de que se cierre el tel\u00f3n,<strong> la protagonista de la noche levant\u00f3 una camiseta de Argentina<\/strong> y fue ovacionada por el teatro completo de pie. <\/p>\n<\/div>\n<div id=\"element-body-6\">\n<p>Otro que, sin estar en el escenario, se recibi\u00f3 el cari\u00f1o de los aficionados por la danza cl\u00e1sica fue Julio Bocca, actual director del Ballet del Col\u00f3n, quien <strong>se acerc\u00f3 c\u00e1lidamente a la gente para firmar sus programas. <\/strong><\/p>\n<\/div>\n<div id=\"element-body-8\">\n<p>Tal como ocurri\u00f3 en la primera funci\u00f3n de Marianela en <em>Don Quijote<\/em>, la emoci\u00f3n no se termin\u00f3 adentro de la sala. A la salida, <strong>centenares de fan\u00e1ticos la esperaron para sacarse fotos con ella, o intentar que firmara su programa<\/strong>. Con una sonrisa desbordada de felicidad, la bailarina devolvi\u00f3 el cari\u00f1o a cada uno de sus admiradores y se qued\u00f3 varios minutos para poder sacarse todas las fotos posibles.<\/p>\n<\/div>\n<div id=\"element-body-10\">\n<p>Esto dej\u00f3 demostrado, una vez m\u00e1s, que<strong> lo que N\u00fa\u00f1ez genera va mucho m\u00e1s all\u00e1 de cualquier p\u00fablico de nicho <\/strong>aficionado por la danza cl\u00e1sica. Gracias a su carisma, la bailarina ya<strong> logr\u00f3 convertirse en un fen\u00f3meno que pocas veces se llega a consolidar en el mundo del ballet.<\/strong><\/p>\n<\/div>\n<div id=\"element-body-11\">\n<p>Y esto qued\u00f3 demostrado este domingo por la noche en el Col\u00f3n, cuando el p\u00fablico le hizo una despedida al cant\u00f3 de<strong> &#8220;Ol\u00e9, Ol\u00e9, Ol\u00e9, Ol\u00e9, Nela&#8221;,<\/strong> como si en vez de una puesta de danza cl\u00e1sica estuvieran en una cancha de f\u00fatbol alentando a su equipo, o al m\u00fasico del momento.<\/p>\n<\/div>\n<div id=\"element-body-12\">\n<p>Lejos de quedarse con los aplausos, a trav\u00e9s de su cuenta de Instagram, en la que tiene m\u00e1s de 700.000 seguidores, <strong>la bailarina decidi\u00f3 poner en palabras lo que presentarse en su pa\u00eds le hace sentir. <\/strong><\/p>\n<\/div>\n<div id=\"element-body-14\">\n<p><strong>&#8220;\u00a1Argentina te amo! Los amo y el amor que compartimos en mutuo y profundo.<\/strong> Lo que estoy viviendo es algo que nunca imagin\u00e9 posible. Cuando el amor es puro y real como este, nos conecta. No es un reconocimiento, simplemente es amor. <strong>Hoy m\u00e1s que nunca quiero agradecer por reafirmar esto&#8221;<\/strong>, expres\u00f3.<\/p>\n<\/div>\n<div id=\"element-body-15\">\n<p>Y concluy\u00f3: &#8220;Gracias por record\u00e1rmelo con cada palabra, abrazo, mirada, cartas, etc.<strong> Los quiero por siempre y para siempre. \u00a1Por m\u00e1s momentos como estos! Est\u00e1n en mi coraz\u00f3n&#8221;<\/strong><\/p>\n<\/div>\n<p><br \/>\n<br \/><a href=\"https:\/\/www.clarin.com\/espectaculos\/ola-marianela-nunez-despidio-teatro-colon-fuerte-ovacion-futbolera-lagrimas-emocion_0_1F9WtixXMp.html\">Fuente Clarin.com <\/a><\/p>\n","protected":false},"excerpt":{"rendered":"<p>Este domingo, Marianela N\u00fanez se despidi\u00f3 del Teatro Col\u00f3n. La bailarina, que se desempe\u00f1a hace varios a\u00f1os como primera figura del Royal Ballet de Londres y volvi\u00f3 a la Argentina para subirse al escenario m\u00e1s imponente del pa\u00eds, fue ovacionada por sus fans en una \u00faltima funci\u00f3n a pura emoci\u00f3n. En las dos funciones que [&hellip;]<\/p>\n","protected":false},"author":1,"featured_media":47954,"comment_status":"open","ping_status":"open","sticky":false,"template":"","format":"standard","meta":{"footnotes":""},"categories":[2],"tags":[4423,18,100,4562,2476,624,13311,5396,3131,171,73],"class_list":["post-47953","post","type-post","status-publish","format-standard","has-post-thumbnail","hentry","category-ultimas-noticias","tag-colon","tag-con","tag-del","tag-despidio","tag-emocion","tag-fuerte","tag-futbolera","tag-lagrimas","tag-ovacion","tag-teatro","tag-una"],"_links":{"self":[{"href":"https:\/\/13.com.ar\/index.php\/wp-json\/wp\/v2\/posts\/47953","targetHints":{"allow":["GET"]}}],"collection":[{"href":"https:\/\/13.com.ar\/index.php\/wp-json\/wp\/v2\/posts"}],"about":[{"href":"https:\/\/13.com.ar\/index.php\/wp-json\/wp\/v2\/types\/post"}],"author":[{"embeddable":true,"href":"https:\/\/13.com.ar\/index.php\/wp-json\/wp\/v2\/users\/1"}],"replies":[{"embeddable":true,"href":"https:\/\/13.com.ar\/index.php\/wp-json\/wp\/v2\/comments?post=47953"}],"version-history":[{"count":0,"href":"https:\/\/13.com.ar\/index.php\/wp-json\/wp\/v2\/posts\/47953\/revisions"}],"wp:featuredmedia":[{"embeddable":true,"href":"https:\/\/13.com.ar\/index.php\/wp-json\/wp\/v2\/media\/47954"}],"wp:attachment":[{"href":"https:\/\/13.com.ar\/index.php\/wp-json\/wp\/v2\/media?parent=47953"}],"wp:term":[{"taxonomy":"category","embeddable":true,"href":"https:\/\/13.com.ar\/index.php\/wp-json\/wp\/v2\/categories?post=47953"},{"taxonomy":"post_tag","embeddable":true,"href":"https:\/\/13.com.ar\/index.php\/wp-json\/wp\/v2\/tags?post=47953"}],"curies":[{"name":"wp","href":"https:\/\/api.w.org\/{rel}","templated":true}]}}