{"id":47951,"date":"2025-08-04T11:57:56","date_gmt":"2025-08-04T14:57:56","guid":{"rendered":"https:\/\/13.com.ar\/index.php\/el-diablito-se-avecina-en-italia-aseguran-que-echeverri-se-sumara-a-dybala-y-soule-en-la-roma\/"},"modified":"2025-08-04T11:57:56","modified_gmt":"2025-08-04T14:57:56","slug":"el-diablito-se-avecina-en-italia-aseguran-que-echeverri-se-sumara-a-dybala-y-soule-en-la-roma","status":"publish","type":"post","link":"https:\/\/13.com.ar\/index.php\/el-diablito-se-avecina-en-italia-aseguran-que-echeverri-se-sumara-a-dybala-y-soule-en-la-roma\/","title":{"rendered":"&#8220;El Diablito se avecina&#8221;. en Italia aseguran que Echeverri se sumar\u00e1 a Dybala y Soul\u00e9 en la Roma"},"content":{"rendered":"<p> <br \/>\n<br \/><img decoding=\"async\" src=\"https:\/\/13.com.ar\/wp-content\/uploads\/2025\/08\/El-Diablito-se-avecina-en-Italia-aseguran-que-Echeverri-se.jpg\" \/><\/p>\n<div id=\"element-body-0\">\n<p><strong>Claudio<\/strong> &#8220;<strong>Diablito<\/strong>&#8221; <strong>Echeverri<\/strong> lleg\u00f3 al <strong>Manchester City<\/strong> a comienzos de 2025 despu\u00e9s de un salto mete\u00f3rico desde <strong>River<\/strong>, el cual gener\u00f3 bastante controversia para los hinchas. Desde su arribo a los &#8216;Citizens&#8217;, sin embargo, solo pudo disputar <strong>64 minutos en juegos oficiales<\/strong> y, seg\u00fan distintos medios europeos, no ser\u00e1 considerado por <strong>Pep Guardiola <\/strong>dentro de la estructura fija del plantel, por lo que su salida a un equipo donde tenga mayor protagonismo est\u00e1 a la orden del d\u00eda. <strong>Y ah\u00ed apareci\u00f3 la Roma de Italia<\/strong>, que sue\u00f1a con juntarlo con otros integrantes de la Selecci\u00f3n Argentina como <strong>Paulo Dybala <\/strong>y <strong>Mat\u00edas Soul\u00e9<\/strong>.<\/p>\n<\/div>\n<div id=\"element-body-1\">\n<blockquote class=\"twitter-tweet\">\n<p lang=\"es\" dir=\"ltr\">\u00a1\u00a1\u00a1GOLAZO DE TIRO LIBRE DEL DIABLITO ECHEVERRI PARA EL 2-0 DE MANCHESTER CITY ANTE AL AIN!!! <a rel=\"nofollow\" target=\"_blank\" href=\"https:\/\/t.co\/nxRY3BPJhM\">pic.twitter.com\/nxRY3BPJhM<\/a><\/p>\n<p>\u2014 SportsCenter (@SC_ESPN) <a rel=\"nofollow\" target=\"_blank\" href=\"https:\/\/twitter.com\/SC_ESPN\/status\/1936959582020002093?ref_src=twsrc%5Etfw\">June 23, 2025<\/a><\/p><\/blockquote>\n<\/div>\n<div id=\"element-body-2\">\n<p>Despu\u00e9s de estar entre las sombras en un equipo plagado de estrellas, el<strong> golazo de tiro libre<\/strong> que le marc\u00f3 al Al Ain en la goleada 6-0 por la fase de grupos del <strong>Mundial de Clubes<\/strong>, parec\u00eda darle un poco de visibilidad para ganarse la confianza de <strong>Guardiola<\/strong>. Sin embargo, para desgracia del joven, <strong>tuvo que retirarse en muletas<\/strong> en el entretiempo de dicho encuentro por una <strong>lesi\u00f3n de tobillo<\/strong> que lo margin\u00f3 del resto de la competencia. Esta situaci\u00f3n lo perjudic\u00f3 aun m\u00e1s en su objetivo de poder ganar rodaje, sumado a que no es prioridad para el t\u00e9cnico espa\u00f1ol.<\/p>\n<\/div>\n<div id=\"element-body-3\">\n<p>Si bien parec\u00eda estar encaminada su llegada al <strong>Girona<\/strong> de Espa\u00f1a -equipo que es parte del <strong>City Group<\/strong>-, el deseo del Diablito es poder sumarse a las filas de <strong>Roma<\/strong>, donde es pretendido por el flamante entrenador <strong>Gian Piero Gasperini<\/strong>. Tras la salida de <strong>Leandro Paredes<\/strong> a Boca, en la &#8216;Loba&#8217; se encuentran dos argentinos: <strong>Paulo Dybala <\/strong>y<strong> Mat\u00edas Soul\u00e9<\/strong>, quienes estar\u00edan haciendo fuerza para el arribo del ex River.<\/p>\n<\/div>\n<div id=\"element-body-4\">\n<p>Incluso, seg\u00fan el diario italiano &#8216;La Gazzetta dello Sport&#8217;, <strong>Lionel Scaloni <\/strong>preferir\u00eda un traspaso a la Roma antes que al Girona, ya que ser\u00eda un salto de calidad para el Diablito y una gran oportunidad para mostrarse.<\/p>\n<\/div>\n<div id=\"element-body-6\">\n<p><strong><em>&#8220;Top amigo&#8221;<\/em><\/strong>, le coment\u00f3 el Diablito a Soul\u00e9 en Instagram, en medio de los rumores de su llegada a la Loba.<\/p>\n<\/div>\n<div id=\"element-body-7\">\n<p>Este gui\u00f1o por parte del delantero argentino gener\u00f3 ruido en la Roma, que seg\u00fan medios italianos, <strong>aceler\u00f3 las negociaciones<\/strong> con el City. El equipo de la Serie A pretende sumarlo a <strong>pr\u00e9stamo con opci\u00f3n de compra<\/strong>, mientras que el conjunto de Guardiola \u00fanicamente quiere una cesi\u00f3n con el objetivo de que Echeverri gane rodaje en el futbol del viejo continente y pueda retornar a Manchester con mayor experiencia. <\/p>\n<\/div>\n<div id=\"element-body-8\">\n<p>El mercado de pases europeo cierra el lunes <strong>1\u00b0 de septiembre<\/strong>, por lo que ser\u00e1n d\u00edas movidos y de definiciones para el futuro de la joya chaque\u00f1a, quien pretende poder jugar y sumar minutos tras un primer semestre en el que estuvo pr\u00e1cticamente relegado.<\/p>\n<\/div>\n<p><script async src=\"\/\/platform.twitter.com\/widgets.js\" charset=\"utf-8\"><\/script><br \/>\n<br \/><br \/>\n<br \/><a href=\"https:\/\/www.clarin.com\/deportes\/diablito-avecina-italia-aseguran-echeverri-sumara-dybala-soule-roma_0_m7WEBzYCdf.html\">Fuente Clarin.com <\/a><\/p>\n","protected":false},"excerpt":{"rendered":"<p>Claudio &#8220;Diablito&#8221; Echeverri lleg\u00f3 al Manchester City a comienzos de 2025 despu\u00e9s de un salto mete\u00f3rico desde River, el cual gener\u00f3 bastante controversia para los hinchas. Desde su arribo a los &#8216;Citizens&#8217;, sin embargo, solo pudo disputar 64 minutos en juegos oficiales y, seg\u00fan distintos medios europeos, no ser\u00e1 considerado por Pep Guardiola dentro de [&hellip;]<\/p>\n","protected":false},"author":1,"featured_media":47952,"comment_status":"open","ping_status":"open","sticky":false,"template":"","format":"standard","meta":{"footnotes":""},"categories":[2],"tags":[3687,10040,9707,11275,5011,1696,750,7257,21485],"class_list":["post-47951","post","type-post","status-publish","format-standard","has-post-thumbnail","hentry","category-ultimas-noticias","tag-aseguran","tag-avecina","tag-diablito","tag-dybala","tag-echeverri","tag-italia","tag-roma","tag-soule","tag-sumara"],"_links":{"self":[{"href":"https:\/\/13.com.ar\/index.php\/wp-json\/wp\/v2\/posts\/47951","targetHints":{"allow":["GET"]}}],"collection":[{"href":"https:\/\/13.com.ar\/index.php\/wp-json\/wp\/v2\/posts"}],"about":[{"href":"https:\/\/13.com.ar\/index.php\/wp-json\/wp\/v2\/types\/post"}],"author":[{"embeddable":true,"href":"https:\/\/13.com.ar\/index.php\/wp-json\/wp\/v2\/users\/1"}],"replies":[{"embeddable":true,"href":"https:\/\/13.com.ar\/index.php\/wp-json\/wp\/v2\/comments?post=47951"}],"version-history":[{"count":0,"href":"https:\/\/13.com.ar\/index.php\/wp-json\/wp\/v2\/posts\/47951\/revisions"}],"wp:featuredmedia":[{"embeddable":true,"href":"https:\/\/13.com.ar\/index.php\/wp-json\/wp\/v2\/media\/47952"}],"wp:attachment":[{"href":"https:\/\/13.com.ar\/index.php\/wp-json\/wp\/v2\/media?parent=47951"}],"wp:term":[{"taxonomy":"category","embeddable":true,"href":"https:\/\/13.com.ar\/index.php\/wp-json\/wp\/v2\/categories?post=47951"},{"taxonomy":"post_tag","embeddable":true,"href":"https:\/\/13.com.ar\/index.php\/wp-json\/wp\/v2\/tags?post=47951"}],"curies":[{"name":"wp","href":"https:\/\/api.w.org\/{rel}","templated":true}]}}