{"id":47947,"date":"2025-08-04T11:51:56","date_gmt":"2025-08-04T14:51:56","guid":{"rendered":"https:\/\/13.com.ar\/index.php\/apuran-una-reunion-de-la-bicameral-de-inteligencia-ante-la-polemica-por-los-informes-de-la-side-de-opositores-y-sindicalistas\/"},"modified":"2025-08-04T11:51:56","modified_gmt":"2025-08-04T14:51:56","slug":"apuran-una-reunion-de-la-bicameral-de-inteligencia-ante-la-polemica-por-los-informes-de-la-side-de-opositores-y-sindicalistas","status":"publish","type":"post","link":"https:\/\/13.com.ar\/index.php\/apuran-una-reunion-de-la-bicameral-de-inteligencia-ante-la-polemica-por-los-informes-de-la-side-de-opositores-y-sindicalistas\/","title":{"rendered":"Apuran una reuni\u00f3n de la Bicameral de Inteligencia ante la pol\u00e9mica por los informes de la SIDE de opositores y sindicalistas"},"content":{"rendered":"<p> <br \/>\n<br \/><img decoding=\"async\" src=\"https:\/\/13.com.ar\/wp-content\/uploads\/2025\/08\/Apuran-una-reunion-de-la-Bicameral-de-Inteligencia-ante-la.jpg\" \/><\/p>\n<div id=\"element-body-0\">\n<p>Tras las nuevas denuncias sobre la existencia de reportes de la Secretar\u00eda de Inteligencia del Estado (SIDE) sobre las <strong>actividades y movilizaciones de organizaciones, sindicatos y l\u00edderes de la oposici\u00f3n<\/strong>, la comisi\u00f3n Bicameral de Seguimiento de Organismos de Inteligencia volver\u00e1 a reunirse la semana pr\u00f3xima para tratar \u00e9ste y otros temas que referidos a un \u00e1rea que controla el asesor <strong>Santiago Caputo <\/strong>a trav\u00e9s de un delegado como <strong>Sergio Neiffert<em>.<\/em><\/strong><\/p>\n<\/div>\n<div id=\"element-body-1\">\n<p>El \u00f3rgano parlamentario, presidido por el senador radical <strong>Mart\u00edn Lousteau<\/strong>, se hab\u00eda reunido por \u00faltima vez en junio pasado cuando recibi\u00f3 al propio Neiffert para consultarlo por los alcances del Plan de Inteligencia Nacional pero las respuestas del jefe de los esp\u00edas no terminaron de conformar a los diputados y senadores. Por este motivo, el cuerpo volver\u00eda a citar al ex funcionario de Malvinas Argentinas.<\/p>\n<\/div>\n<div id=\"element-body-2\">\n<p>Pero su asistencia no est\u00e1 confirmada para el pr\u00f3ximo encuentro de la Bicameral: este lunes Lousteau convocar\u00e1 a los integrantes del cuerpo para fijar una fecha la semana entrante y, de esa forma,volver a sesionar sobre temas &#8220;que revistan seriedad&#8221;, como<strong> la filtraci\u00f3n de reportes de inteligencia<\/strong>. El temario, no obstante, es secreto por ley pero fuentes consultadas descuentan que \u00e9ste y otros temas ser\u00edan parte de la agenda a discutir.<\/p>\n<\/div>\n<div id=\"element-body-3\">\n<p>Uno de los informes, divulgados por La Naci\u00f3n este domingo, titulado \u201cHechos previstos 09JUL25\u201d, dio cuenta de cu\u00e1les ser\u00edan las actividades pol\u00edticas de dirigentes peronistas, radicales, de la izquierda y de La C\u00e1mpora para el feriado del D\u00eda de la Independencia; el mismo fue redactado por la Agencia de Seguridad Nacional a cargo del ex comisario Alejandro Cecati.<\/p>\n<\/div>\n<div id=\"element-body-4\">\n<p>El reporte, fechado el 8 de julio, dio cuenta de <strong>una reuni\u00f3n entre el dirigente &#8220;amarillo&#8221; N\u00e9stor Grindetti y el diputado radical Facundo Manes<\/strong>. El mismo d\u00eda de la publicaci\u00f3n del escrito, seg\u00fan fuentes consultadas, varios<strong> funcionarios jer\u00e1rquicos de la SIDE se reunieron en una &#8220;parrilla&#8221;<\/strong> para discutir temas referidos al organismo de inteligencia.<\/p>\n<\/div>\n<div id=\"element-body-5\">\n<p>Como sea, la Bicameral de Inteligencia est\u00e1 controlada por el sector m\u00e1s cr\u00edtico de la oposici\u00f3n porque, adem\u00e1s de Lousteau, la integran 6 legisladores de Uni\u00f3n por la Patria como los senadores Eduardo De Pedro, Oscar Parrilli y Florencia L\u00f3pez; y los diputados Leopoldo Moreau, Rodolfo Tailhade y Blanca Osuna. A ellos se suman la radical Mariela Coletta del bloque Democracia para Siempre, que responde al titular de la UCR.<\/p>\n<\/div>\n<div id=\"element-body-6\">\n<p>En el Gobierno, en tanto, salieron a minimizar las suspicacias sobre el informe de inteligencia: no confirmaron su existencia y deslizaron que podr\u00eda haber sido elaborado por<strong> &#8220;electrones sueltos&#8221;,<\/strong> misma met\u00e1fora que hace poco se utiliz\u00f3 para denominar a los usuarios de redes sociales que cuestionaron a los candidatos de Provincia de LLA bendecidos por el armado pol\u00edtico de Karina Milei. <\/p>\n<\/div>\n<div id=\"element-body-7\">\n<p>Adem\u00e1s, le quitaron relevancia a dichos reportes que <strong>&#8220;parecen hechos con recortes period\u00edsticos&#8221;.<\/strong> Al respecto, advirtieron que &#8220;e<strong>l <\/strong>propio documento denota que no hab\u00eda recursos reales puestos a mirar lo que hace o no la oposici\u00f3n sino que partieron de alg\u00fan &#8220;entusiasta&#8221; de adentro pretendiendo hacer lo que cree que es su trabajo&#8221;.<\/p>\n<\/div>\n<div id=\"element-body-8\">\n<p>Con todo, en el armado libertario hubo inquietud por el temor a ser blanco de intercepciones de sus comunicaciones por parte de agentes vinculados al aparato de inteligencia. De hecho, una fuente bonaerense consultada por este diario admiti\u00f3 haber sido v\u00edctima de intercepciones de sus comunicaciones. <\/p>\n<\/div>\n<div id=\"element-body-9\">\n<p><strong>Tambi\u00e9n en las \u00faltimas horas el usuario de X @criminaalmambo, identificado como Samuel Gonz\u00e1lez, detect\u00f3 un patr\u00f3n irregular de consultas excesivas sobre su informaci\u00f3n personal<\/strong> en bases de datos oficiales. A trav\u00e9s de pedidos de acceso a la informaci\u00f3n a organismos como como RENAPER y firmas como NOSIS , obtuvo registros que revelan &#8220;accesos reiterados y sin justificaci\u00f3n aparente por parte de distintos organismos estatales como &#8220;el SIFCOP, Ministerio de Seguridad (Inteligencia Criminal), la Direcci\u00f3n Nacional de Migraciones, la Secretar\u00eda de Innovaci\u00f3n, Ciencia y Tecnolog\u00eda (con 49 accesos)&#8221; sobre su persona. Estos accesos, al no estar vinculados a una investigaci\u00f3n judicial notificada ni a una causa formal conocida, podr\u00edan configurar distintos delitos o irregularidades administrativas. Gonz\u00e1lez analiza llevar su caso a la justicia.<\/p>\n<\/div>\n<p><br \/>\n<br \/><a href=\"https:\/\/www.clarin.com\/politica\/apuran-reunion-bicameral-inteligencia-polemica-informes-side-opositores-sindicalistas_0_1jBloReV3a.html\">Fuente Clarin.com <\/a><\/p>\n","protected":false},"excerpt":{"rendered":"<p>Tras las nuevas denuncias sobre la existencia de reportes de la Secretar\u00eda de Inteligencia del Estado (SIDE) sobre las actividades y movilizaciones de organizaciones, sindicatos y l\u00edderes de la oposici\u00f3n, la comisi\u00f3n Bicameral de Seguimiento de Organismos de Inteligencia volver\u00e1 a reunirse la semana pr\u00f3xima para tratar \u00e9ste y otros temas que referidos a un [&hellip;]<\/p>\n","protected":false},"author":1,"featured_media":47948,"comment_status":"open","ping_status":"open","sticky":false,"template":"","format":"standard","meta":{"footnotes":""},"categories":[2],"tags":[2759,12309,11133,22378,606,28,7122,814,142,349,8088,11789,73],"class_list":["post-47947","post","type-post","status-publish","format-standard","has-post-thumbnail","hentry","category-ultimas-noticias","tag-ante","tag-apuran","tag-bicameral","tag-informes","tag-inteligencia","tag-los","tag-opositores","tag-polemica","tag-por","tag-reunion","tag-side","tag-sindicalistas","tag-una"],"_links":{"self":[{"href":"https:\/\/13.com.ar\/index.php\/wp-json\/wp\/v2\/posts\/47947","targetHints":{"allow":["GET"]}}],"collection":[{"href":"https:\/\/13.com.ar\/index.php\/wp-json\/wp\/v2\/posts"}],"about":[{"href":"https:\/\/13.com.ar\/index.php\/wp-json\/wp\/v2\/types\/post"}],"author":[{"embeddable":true,"href":"https:\/\/13.com.ar\/index.php\/wp-json\/wp\/v2\/users\/1"}],"replies":[{"embeddable":true,"href":"https:\/\/13.com.ar\/index.php\/wp-json\/wp\/v2\/comments?post=47947"}],"version-history":[{"count":0,"href":"https:\/\/13.com.ar\/index.php\/wp-json\/wp\/v2\/posts\/47947\/revisions"}],"wp:featuredmedia":[{"embeddable":true,"href":"https:\/\/13.com.ar\/index.php\/wp-json\/wp\/v2\/media\/47948"}],"wp:attachment":[{"href":"https:\/\/13.com.ar\/index.php\/wp-json\/wp\/v2\/media?parent=47947"}],"wp:term":[{"taxonomy":"category","embeddable":true,"href":"https:\/\/13.com.ar\/index.php\/wp-json\/wp\/v2\/categories?post=47947"},{"taxonomy":"post_tag","embeddable":true,"href":"https:\/\/13.com.ar\/index.php\/wp-json\/wp\/v2\/tags?post=47947"}],"curies":[{"name":"wp","href":"https:\/\/api.w.org\/{rel}","templated":true}]}}