{"id":47944,"date":"2025-08-04T11:46:03","date_gmt":"2025-08-04T14:46:03","guid":{"rendered":"https:\/\/13.com.ar\/index.php\/que-hara-el-piloto-argentino-en-el-receso-de-la-formula-1\/"},"modified":"2025-08-04T11:46:03","modified_gmt":"2025-08-04T14:46:03","slug":"que-hara-el-piloto-argentino-en-el-receso-de-la-formula-1","status":"publish","type":"post","link":"https:\/\/13.com.ar\/index.php\/que-hara-el-piloto-argentino-en-el-receso-de-la-formula-1\/","title":{"rendered":"\u00bfqu\u00e9 har\u00e1 el piloto argentino en el receso de la F\u00f3rmula 1?"},"content":{"rendered":"<p> <br \/>\n<br \/><img decoding=\"async\" src=\"https:\/\/13.com.ar\/wp-content\/uploads\/2025\/08\/se-metio-en-Q2-supero-a-su-companero-de-equipo.jpg\" \/><\/p>\n<div id=\"element-body-0\">\n<p>Casi todos en el Gran Circo de la <strong>F\u00f3rmula 1<\/strong> entraron en receso por las pr\u00f3ximas dos semanas. El &#8220;casi&#8221; es porque <strong>Alpine seguir\u00e1 girando en el circuito de Hungaroring<\/strong>, en las afueras de Budapest, despu\u00e9s del desastroso Gran Premio de Hungr\u00eda que protagoniz\u00f3 el domingo. Y lo har\u00e1 <strong>sin Franco Colapinto<\/strong>. El piloto argentino ser\u00e1 reemplazado por el reserva <strong>Paul Aron<\/strong>, que acompa\u00f1ar\u00e1 al franc\u00e9s <strong>Pierre Gasly<\/strong> en los test que la marca Pirelli organiza con las escuder\u00edas para probar los neum\u00e1ticos de la temporada 2026.<\/p>\n<\/div>\n<div id=\"element-body-1\">\n<p>Ya lo hab\u00eda hecho con <strong>Aston Martin <\/strong>y <strong>Sauber <\/strong>en Silverstone, y ahora ser\u00e1 el turno de la escuder\u00eda francesa, la \u00faltima de la tabla de posiciones del campeonato de constructores, con apenas 20 puntos, todos conseguidos por Gasly. As\u00ed, entre martes y mi\u00e9rcoles realizar\u00e1 estas pruebas que tienen como objetivo evaluar las construcciones de neum\u00e1ticos para el pr\u00f3ximo a\u00f1o, que deben ser homologadas antes del 1 de septiembre. Tambi\u00e9n se probar\u00e1n prototipos de compuestos, cuya homologaci\u00f3n est\u00e1 prevista para el 15 de diciembre.<\/p>\n<\/div>\n<div id=\"element-body-2\">\n<p>El estonio Aron estar\u00e1 en la primera jornada despu\u00e9s de haber formado parte del equipo Sauber durante la FP1 del GP de Hungr\u00eda el viernes pasado, mientras que  Gasly se subir\u00e1 al Alpine en la segunda, seg\u00fan detall\u00f3 el sitio especializado <em>Motorsport<\/em>.<\/p>\n<\/div>\n<div id=\"element-body-3\">\n<p>\u00bfY Colapinto? Durante el fin de semana en Hungaroring oscil\u00f3 en sus declaraciones. Primero el jueves anticip\u00f3 que iba a aprovechar el receso para seguir trabajando en la puesta a punto del auto, buscando mejorar el rendimiento. <strong>&#8220;Creo que en mi caso la temporada ha sido un poco m\u00e1s corta hasta ahora, hice algunas carreras menos (ocho de 14 disputadas), as\u00ed que tengo que seguir trabajando. Y cuando no est\u00e1s realmente c\u00f3modo con el rendimiento en algunas cosas, simplemente hay que seguir empujando y seguir adelante&#8221;<\/strong>, expres\u00f3 el bahiense, de 22 a\u00f1os.<\/p>\n<\/div>\n<div id=\"element-body-4\">\n<p>Pero el domingo, despu\u00e9s de la carrera en la que larg\u00f3 14\u00b0 y finaliz\u00f3 18\u00b0, modific\u00f3 un poco esa idea. Como los talleres estar\u00e1n obligatoriamente cerrados durante las pr\u00f3ximas dos semanas, desconectarse del Gran Circo puede hacerle bien para renovar energ\u00edas. <strong>&#8220;Viene bien, obviamente hay que seguir trabajando y mejorar, pero no viene mal un poco de descanso y volver m\u00e1s fuerte&#8221;<\/strong>, asegur\u00f3.<\/p>\n<\/div>\n<div id=\"element-body-6\">\n<p>Las redes sociales se volcaron a favor de Colapinto despu\u00e9s del desastroso trabajo de los mec\u00e1nicos en los dos ingresos a boxes durante el GP de Hungr\u00eda, que complic\u00f3 las aspiraciones del argentino, que hab\u00eda hecho una buena clasificaci\u00f3n para largar 14\u00b0. Mientras que los de McLaren clavaban 1s9 para sacarle y ponerle las gomas al auto de Lando Norris, a la postre ganador sobre un enojado Oscar Piastri y un feliz George Russell, los mec\u00e1nicos de Alpine demoraron&#8230; <strong>\u00a111s1 en la primera parada y 7s2 en la segunda! Una falta de respeto profesional. Una mala praxis deportiva<\/strong>.<\/p>\n<\/div>\n<div id=\"element-body-7\">\n<p>Adem\u00e1s del dardo que el manager del piloto argentino y Marcos Galperin, fundador de Mercado Libre -su principal patrocinador-, este lunes se sum\u00f3 su amigo Bizarrap. El productor musical banc\u00f3 a Franco con un sentido mensaje: <strong>&#8220;As\u00ed es la vida, es fundamental esta etapa para lo que viene.. mas fuertes que nunca hermano&#8221;<\/strong>, le coment\u00f3 Biza al pilarense, quien horas antes hab\u00eda publicado un posteo bancando al equipo.<\/p>\n<\/div>\n<div id=\"element-body-8\">\n<p>&#8220;Ganamos y perdemos juntos. Seguimos luchando. ya van a venir las buenas \ud83d\udcaa\ud83c\udffc\u2764\ufe0f @alpinef1team&#8221;, escribi\u00f3.<\/p>\n<\/div>\n<p><br \/>\n<br \/><a href=\"https:\/\/www.clarin.com\/deportes\/alpine-hace-pruebas-hungria-colapinto-hara-piloto-argentino-receso-formula-1_0_k5aLLwTF6P.html\">Fuente Clarin.com <\/a><\/p>\n","protected":false},"excerpt":{"rendered":"<p>Casi todos en el Gran Circo de la F\u00f3rmula 1 entraron en receso por las pr\u00f3ximas dos semanas. El &#8220;casi&#8221; es porque Alpine seguir\u00e1 girando en el circuito de Hungaroring, en las afueras de Budapest, despu\u00e9s del desastroso Gran Premio de Hungr\u00eda que protagoniz\u00f3 el domingo. Y lo har\u00e1 sin Franco Colapinto. El piloto argentino [&hellip;]<\/p>\n","protected":false},"author":1,"featured_media":47413,"comment_status":"open","ping_status":"open","sticky":false,"template":"","format":"standard","meta":{"footnotes":""},"categories":[2],"tags":[508,3016,1753,1598,286,25060],"class_list":["post-47944","post","type-post","status-publish","format-standard","has-post-thumbnail","hentry","category-ultimas-noticias","tag-argentino","tag-formula","tag-hara","tag-piloto","tag-que","tag-receso"],"_links":{"self":[{"href":"https:\/\/13.com.ar\/index.php\/wp-json\/wp\/v2\/posts\/47944","targetHints":{"allow":["GET"]}}],"collection":[{"href":"https:\/\/13.com.ar\/index.php\/wp-json\/wp\/v2\/posts"}],"about":[{"href":"https:\/\/13.com.ar\/index.php\/wp-json\/wp\/v2\/types\/post"}],"author":[{"embeddable":true,"href":"https:\/\/13.com.ar\/index.php\/wp-json\/wp\/v2\/users\/1"}],"replies":[{"embeddable":true,"href":"https:\/\/13.com.ar\/index.php\/wp-json\/wp\/v2\/comments?post=47944"}],"version-history":[{"count":0,"href":"https:\/\/13.com.ar\/index.php\/wp-json\/wp\/v2\/posts\/47944\/revisions"}],"wp:featuredmedia":[{"embeddable":true,"href":"https:\/\/13.com.ar\/index.php\/wp-json\/wp\/v2\/media\/47413"}],"wp:attachment":[{"href":"https:\/\/13.com.ar\/index.php\/wp-json\/wp\/v2\/media?parent=47944"}],"wp:term":[{"taxonomy":"category","embeddable":true,"href":"https:\/\/13.com.ar\/index.php\/wp-json\/wp\/v2\/categories?post=47944"},{"taxonomy":"post_tag","embeddable":true,"href":"https:\/\/13.com.ar\/index.php\/wp-json\/wp\/v2\/tags?post=47944"}],"curies":[{"name":"wp","href":"https:\/\/api.w.org\/{rel}","templated":true}]}}