{"id":47943,"date":"2025-08-04T11:42:56","date_gmt":"2025-08-04T14:42:56","guid":{"rendered":"https:\/\/13.com.ar\/index.php\/cada-vez-mas-lejos-de-lla-se-reune-el-pro-para-definir-si-revive-juntos-por-el-cambio-en-la-ciudad\/"},"modified":"2025-08-04T11:42:56","modified_gmt":"2025-08-04T14:42:56","slug":"cada-vez-mas-lejos-de-lla-se-reune-el-pro-para-definir-si-revive-juntos-por-el-cambio-en-la-ciudad","status":"publish","type":"post","link":"https:\/\/13.com.ar\/index.php\/cada-vez-mas-lejos-de-lla-se-reune-el-pro-para-definir-si-revive-juntos-por-el-cambio-en-la-ciudad\/","title":{"rendered":"Cada vez m\u00e1s lejos de LLA, se re\u00fane el PRO para definir si revive Juntos por el Cambio en la Ciudad"},"content":{"rendered":"<p> <br \/>\n<br \/><img decoding=\"async\" src=\"https:\/\/13.com.ar\/wp-content\/uploads\/2025\/06\/Su-ambicion-era-quedar-en-los-libros-de-historia-y.jpg\" \/><\/p>\n<div id=\"cuerpo\">\n<div class=\"sc-45461e9c-0 eqiBeF container-text text-embed \" id=\"element-body-0\">\n<p>A pocos d\u00edas de plazo fijado para la inscripci\u00f3n de las alianzas que competir\u00e1n en las elecciones de octubre,<strong> la conducci\u00f3n del PRO, encabezada por Mauricio Macr<\/strong>i, se re\u00fane desde las 11 en la sede partidaria de la calle Balcarce para definir su armado electoral en la Ciudad. Y pese a que el di\u00e1logo con<strong> La Libertad Avanza<\/strong> sigue abierto, las negociaciones se complicaron m\u00e1s de la cuenta en las \u00faltimas horas y en la c\u00fapula del partido amarillo ya <strong>eval\u00faan la alternativa de revivir un entramado similar a Juntos por el Cambio<\/strong> para dar la pelea electoral en el territorio porte\u00f1o.<\/p>\n<\/div>\n<div class=\"sc-45461e9c-0 eqiBeF container-text text-embed \" id=\"element-body-1\">\n<p>Desde la semana pasada la discusi\u00f3n las conversaciones entre libertarios y el PRO atraviesan un escenario complejo. Si bien a diferencia de lo que pas\u00f3 en mayo, cuando fueron separados a la elecci\u00f3n que gan\u00f3 Manuel Adorni y que dej\u00f3 tercero al macrismo, la chance de una sociedad electoral no fue descartada del todo, el <strong>fr\u00e1gil v\u00ednculo<\/strong> entre los espacios hace peligrar las negociaciones, que adem\u00e1s conviven con un <strong>clima de tensi\u00f3n cada vez mayor entre los primos Mauricio y Jorge Macri. <\/strong><\/p>\n<\/div>\n<div class=\"sc-45461e9c-0 eqiBeF container-text text-embed \" id=\"element-body-2\">\n<p>Las diferencias pasan especialmente por la conveniencia o no de competir aliado con un espacio que le dar\u00eda pocos lugares en las listas en comparaci\u00f3n a los que podr\u00eda tener si elige competir por su cuenta, aliados con otros sectores como el radicalismo, la Coalici\u00f3n C\u00edvica, el GEN o lo socialistas, que conformaron en su momento Juntos por el Cambio. Adem\u00e1s, <strong>no convence en absoluto al PRO la propuesta de reparto de candidaturas formulada por LLA.<\/strong><\/p>\n<\/div>\n<div class=\"sc-c2c2a3c6-0 ecgiEX border-video video-embed horizontal border-video video-embed horizontal\" id=\"element-body-3\">\n<div class=\"sc-c2c2a3c6-1 kQhBlc videoText videoText\">\n<h2>Video<\/h2>\n<p>El desplante de Javier Milei a Jorge Macri y Victoria Villarruel<\/p>\n<\/div>\n<\/div>\n<div class=\"sc-45461e9c-0 eqiBeF container-text text-embed \" id=\"element-body-4\">\n<p>Incluso con diferencias con los hermanos Karina y Javier Milei, Mauricio Macri cree que hay que cerrar un entendimiento con LLA para evitar otro fracaso electoral. En cambio, el jefe de Gobierno, a quien el Presidente directamente le niega el saludo, insiste con la propuesta de explorar un acuerdo con el radicalismo y otros partidos, y deja una puerta abierta tambi\u00e9n al nuevo frente federal que construyen los gobernadores de seis provincias.<\/p>\n<\/div>\n<div class=\"sc-45461e9c-0 eqiBeF container-text text-embed \" id=\"element-body-5\">\n<p>En ese contexto, el ex presidente encabeza desde las 11 una reuni\u00f3n en la sede de la calle Balcarce (algunos se conectar\u00e1n virtualmente) para limar esas asperezas y tratar de definir la posici\u00f3n del partido de cara al cierre de alianza. Por la tarde, Macri liderar\u00e1 otro encuentro, destinado a marcar la postura que los legisladores del partido deben tomar frente a los vetos que firm\u00f3 Milei este lunes.<\/p>\n<\/div>\n<p><h2>Negociaci\u00f3n con calculadora <\/h2>\n<\/p>\n<div class=\"sc-45461e9c-0 eqiBeF container-text text-embed \" id=\"element-body-7\">\n<p>Seg\u00fan con quien se dialogue en el PRO, el <strong>c\u00e1lculo que hace es bien diferente<\/strong> en lo que tiene que ver con la posibilidad de alg\u00fan entendimiento con los libertarios. Los m\u00e1s convencidos plantean que de no competir juntos el partido corre riesgo no s\u00f3lo de terminar tercero sino de culminar con <strong>una performance a\u00fan m\u00e1s baja que en las legislativas porte\u00f1as de mayo<\/strong>, cuando Silvia Lospennato sac\u00f3 apenas el 16% de los votos.<\/p>\n<\/div>\n<div class=\"sc-45461e9c-0 eqiBeF container-text text-embed \" id=\"element-body-8\">\n<p>En t\u00e9rminos de bancas de diputados,<strong> la ecuaci\u00f3n no cambiar\u00eda demasiado<\/strong>, ya que de sacar m\u00e1s de 12 puntos jugando solo el oficialismo porte\u00f1o se asegurar\u00eda dos dirigentes en el pr\u00f3ximo Congreso de los 13 que se ponen en juego en octubre.<\/p>\n<\/div>\n<div class=\"sc-45461e9c-0 eqiBeF container-text text-embed \" id=\"element-body-9\">\n<p>&#8220;Los libertarios no le van a dar m\u00e1s que eso. Mauricio pide tres, pero la oferta es s\u00f3lo dos y ning\u00fan senador de de los dos que entrar\u00edan&#8221;, comentan quienes creen que el \u00fanico motivo por el que ser\u00eda positivo un acuerdo ser\u00eda para que el PRO vuelva a levantar el pecho y sentirse parte de una f\u00f3rmula ganadora en la Ciudad.<\/p>\n<\/div>\n<div class=\"sc-45461e9c-0 eqiBeF container-text text-embed \" id=\"element-body-10\">\n<p>Los m\u00e1s incr\u00e9dulos, adem\u00e1s,<strong> no comprenden todav\u00eda por qu\u00e9 tras el triunfo de mayo, Karina Milei le va a abrir el juego al macrismo <\/strong>en vez de terminar de romperlo electoralmente de cara a la elecci\u00f3n ejecutiva de 2027.<\/p>\n<\/div>\n<div class=\"sc-45461e9c-0 eqiBeF container-text text-embed \" id=\"element-body-11\">\n<p>&#8220;Ac\u00e1 no pasa como en Provincia, donde el PRO jugando solo puede hacerte da\u00f1o en el mano a mano con Kicillof. Ac\u00e1 gana Milei sin transpirar, no necesita a los Macri&#8221;, suelta otra fuente que tiene di\u00e1logo frecuente con los negociadores de ambos sectores. <\/p>\n<\/div>\n<div class=\"sc-45461e9c-0 eqiBeF container-text text-embed \" id=\"element-body-12\">\n<p>El otro punto que muchos resaltan sobre por qu\u00e9 <strong>no le hace falta a los libertarios meter en la bolsa electoral al PRO<\/strong> es porque de hacerlo el triunfo ser\u00eda mucho m\u00e1s contundente, superior al 50%, y la principal beneficiada ser\u00eda Patricia Bullrich, que va a liderar la boleta para senadores.<\/p>\n<\/div>\n<div class=\"sc-45461e9c-0 eqiBeF container-text text-embed \" id=\"element-body-13\">\n<p>&#8220;Pueden <strong>levantar un monstruo de manera innecesaria<\/strong> de cara a 2027. Patricia ya demostr\u00f3 mil veces en la pol\u00edtica que te puede traicionar&#8221;, opinan sobre la intenci\u00f3n de la actual ministra de aspirar a un cargo de peso dentro de dos a\u00f1os, ya sea como compa\u00f1era de f\u00f3rmula de Milei o para la jefatura de Gobierno.<\/p>\n<\/div>\n<p><h2>El armado paralelo que se puede potenciar<\/h2>\n<\/p>\n<div class=\"sc-45461e9c-0 eqiBeF container-text text-embed \" id=\"element-body-15\">\n<p>Por el lado de<strong> Jorge Macri saben que la relaci\u00f3n con Milei es irremontable<\/strong>. El Presidente no lo salud\u00f3 en el Tedeum del 25 de Mayo y volvi\u00f3 a esquivarlo en la inauguraci\u00f3n de La Rural. <\/p>\n<\/div>\n<div class=\"sc-45461e9c-0 eqiBeF container-text text-embed \" id=\"element-body-16\">\n<p>Lo ningunea, lo maltrata, y en la Ciudad no entienden el motivo m\u00e1s all\u00e1 de que Milei siempre les recuerde que para la elecci\u00f3n de mayo contrataron al asesor catal\u00e1n Antoni Guti\u00e9rrez Rub\u00ed, que busc\u00f3 erosionar su imagen en las presidenciales de 2023.<\/p>\n<\/div>\n<div class=\"sc-45461e9c-0 eqiBeF container-text text-embed \" id=\"element-body-17\">\n<p>Por estas horas,<strong> quien define desde Uspallata la estrategia de cara al cierre de alianzas es Ezequiel Sabor<\/strong>, al que Jorge Macri puso como jefe de asesores porte\u00f1o. En Ciudad intentan no tensar la relaci\u00f3n entre los primos, pero hay un convencimiento de que un eventual acuerdo con los libertarios tiene gusto a poco.<\/p>\n<\/div>\n<div class=\"sc-45461e9c-0 eqiBeF container-text text-embed \" id=\"element-body-18\">\n<p>Por eso est\u00e1n abiertas las puertas a posibles socios de cara a lo que viene, ya sea a trav\u00e9s de una suerte de revival de Juntos por el Cambio o de un acuerdo diferente, con el radicalismo por intermedio del operador local Daniel Angelici, de quien se dice se reuni\u00f3 hace d\u00edas con la l\u00edder de la Coalici\u00f3n C\u00edvica, Elisa Carri\u00f3.<\/p>\n<\/div>\n<div class=\"sc-45461e9c-0 eqiBeF container-text text-embed \" id=\"element-body-19\">\n<p>El <strong>flamante frente de seis gobernadores <\/strong>que se conform\u00f3 hacia las pr\u00f3ximas elecciones tambi\u00e9n puede ser bienvenido si tienen intenci\u00f3n de poner una pata en Ciudad m\u00e1s all\u00e1 de la estrategia que dise\u00f1en en cada una de sus provincias. Hubo contactos, pero por ahora ning\u00fan avance formal. <\/p>\n<\/div>\n<div class=\"sc-45461e9c-0 eqiBeF container-text text-embed \" id=\"element-body-20\">\n<p>Las provincias d\u00edscolas a Milei no piensan ir a buscar a Jorge Macri. &#8220;No nos corre el cierre de alianzas a nosotros, si no cierran con los libertarios quiz\u00e1s puedan tener un paraguas ac\u00e1, pero tampoco los vamos a tratar de convencer&#8221;, dicen los armadores.<\/p>\n<\/div>\n<\/div>\n<p><br \/>\n<br \/><a href=\"https:\/\/www.clarin.com\/politica\/vez-lejos-lla-reune-pro-definir-revive-juntos-cambio-ciudad_0_6ORod5Hx1s.html\">Fuente Clarin.com <\/a><\/p>\n","protected":false},"excerpt":{"rendered":"<p>A pocos d\u00edas de plazo fijado para la inscripci\u00f3n de las alianzas que competir\u00e1n en las elecciones de octubre, la conducci\u00f3n del PRO, encabezada por Mauricio Macri, se re\u00fane desde las 11 en la sede partidaria de la calle Balcarce para definir su armado electoral en la Ciudad. Y pese a que el di\u00e1logo con [&hellip;]<\/p>\n","protected":false},"author":1,"featured_media":34012,"comment_status":"open","ping_status":"open","sticky":false,"template":"","format":"standard","meta":{"footnotes":""},"categories":[2],"tags":[1153,809,984,5751,3279,6276,1115,155,16,142,1111,2972,9353,111],"class_list":["post-47943","post","type-post","status-publish","format-standard","has-post-thumbnail","hentry","category-ultimas-noticias","tag-cada","tag-cambio","tag-ciudad","tag-definir","tag-juntos","tag-lejos","tag-lla","tag-mas","tag-para","tag-por","tag-pro","tag-reune","tag-revive","tag-vez"],"_links":{"self":[{"href":"https:\/\/13.com.ar\/index.php\/wp-json\/wp\/v2\/posts\/47943","targetHints":{"allow":["GET"]}}],"collection":[{"href":"https:\/\/13.com.ar\/index.php\/wp-json\/wp\/v2\/posts"}],"about":[{"href":"https:\/\/13.com.ar\/index.php\/wp-json\/wp\/v2\/types\/post"}],"author":[{"embeddable":true,"href":"https:\/\/13.com.ar\/index.php\/wp-json\/wp\/v2\/users\/1"}],"replies":[{"embeddable":true,"href":"https:\/\/13.com.ar\/index.php\/wp-json\/wp\/v2\/comments?post=47943"}],"version-history":[{"count":0,"href":"https:\/\/13.com.ar\/index.php\/wp-json\/wp\/v2\/posts\/47943\/revisions"}],"wp:featuredmedia":[{"embeddable":true,"href":"https:\/\/13.com.ar\/index.php\/wp-json\/wp\/v2\/media\/34012"}],"wp:attachment":[{"href":"https:\/\/13.com.ar\/index.php\/wp-json\/wp\/v2\/media?parent=47943"}],"wp:term":[{"taxonomy":"category","embeddable":true,"href":"https:\/\/13.com.ar\/index.php\/wp-json\/wp\/v2\/categories?post=47943"},{"taxonomy":"post_tag","embeddable":true,"href":"https:\/\/13.com.ar\/index.php\/wp-json\/wp\/v2\/tags?post=47943"}],"curies":[{"name":"wp","href":"https:\/\/api.w.org\/{rel}","templated":true}]}}