{"id":47936,"date":"2025-08-04T11:30:58","date_gmt":"2025-08-04T14:30:58","guid":{"rendered":"https:\/\/13.com.ar\/index.php\/en-que-pueblo-es-y-cuando-se-celebra\/"},"modified":"2025-08-04T11:30:58","modified_gmt":"2025-08-04T14:30:58","slug":"en-que-pueblo-es-y-cuando-se-celebra","status":"publish","type":"post","link":"https:\/\/13.com.ar\/index.php\/en-que-pueblo-es-y-cuando-se-celebra\/","title":{"rendered":"en qu\u00e9 pueblo es y cu\u00e1ndo se celebra"},"content":{"rendered":"<p> <br \/>\n<br \/><img decoding=\"async\" src=\"https:\/\/13.com.ar\/wp-content\/uploads\/2025\/08\/en-que-pueblo-es-y-cuando-se-celebra.jpg\" \/><\/p>\n<div id=\"element-body-0\">\n<p>La <strong>provincia de C\u00f3rdoba<\/strong> se prepara para celebrar una <strong>nueva edici\u00f3n de la esperada Jornada Gastron\u00f3mica del Cordero<\/strong>. Este es <strong>uno de los festivales m\u00e1s destacados del calendario cordob\u00e9s<\/strong>, donde los visitantes podr\u00e1n disfrutar de una <strong>gran variedad de platos tradicionales <\/strong>elaborados con cordero serrano.<\/p>\n<\/div>\n<div id=\"element-body-1\">\n<p>La celebraci\u00f3n, que en su<strong> edici\u00f3n n\u00famero 11 promete ser \u00fanica<\/strong>, contar\u00e1 con demostraciones culinarias, recorridos gastron\u00f3micos y una amplia oferta de entretenimiento.<\/p>\n<\/div>\n<div id=\"element-body-3\">\n<p><strong>Tanti <\/strong>ser\u00e1 el <strong>escenario de esta fiesta gastron\u00f3mica <\/strong>el <strong>s\u00e1bado 16 de agosto de 2025,<\/strong> desde las <strong>12 horas<\/strong>, en el<strong> Anfiteatro Municipal Solar de Piedra<\/strong>.<\/p>\n<\/div>\n<div id=\"element-body-4\">\n<p>Este <strong>evento anual se caracteriza por ofrecer una experiencia integral<\/strong> que atrae tanto a los turistas como a los vecinos de la regi\u00f3n. En la jornada, m\u00e1s de 250 corderos ser\u00e1n preparados en diferentes estilos.<\/p>\n<\/div>\n<div id=\"element-body-6\">\n<p>Adem\u00e1s de la gastronom\u00eda, <strong>habr\u00e1 una feria de artesanos y productores locales<\/strong> que exhibir\u00e1n productos regionales.<\/p>\n<\/div>\n<div id=\"element-body-13\">\n<p>La <strong>Jornada Gastron\u00f3mica del Cordero<\/strong> se posicion\u00f3 como <strong>uno de los eventos m\u00e1s emblem\u00e1ticos del turismo en C\u00f3rdoba<\/strong>, por su atractivo gastron\u00f3mico as\u00ed como por la forma en que refleja la identidad cultural de la regi\u00f3n.<\/p>\n<\/div>\n<div id=\"element-body-15\">\n<p>Este encuentro <strong>promueve un turismo sustentable<\/strong>, que <strong>respeta y celebra las tradiciones serranas<\/strong> mientras <strong>apoya a los productores y artesanos<\/strong> <strong>locales<\/strong>.<\/p>\n<\/div>\n<div id=\"element-body-16\">\n<p>En cuanto al<strong> precio de las entradas<\/strong>, el valor de la<strong> entrada general <\/strong>ser\u00e1 de <strong>10.000 pesos en puerta<\/strong>. Sin embargo, quienes adquieran sus entradas de <strong>forma anticipada <\/strong>podr\u00e1n obtenerlas por un costo de <strong>7.000 pesos<\/strong>.<\/p>\n<\/div>\n<p><br \/>\n<br \/><a href=\"https:\/\/www.clarin.com\/informacion-general\/cordoba-testigo-nueva-jornada-gastronomica-cordero-pueblo-celebra_0_WBfN1jvrZW.html\">Fuente Clarin.com <\/a><\/p>\n","protected":false},"excerpt":{"rendered":"<p>La provincia de C\u00f3rdoba se prepara para celebrar una nueva edici\u00f3n de la esperada Jornada Gastron\u00f3mica del Cordero. Este es uno de los festivales m\u00e1s destacados del calendario cordob\u00e9s, donde los visitantes podr\u00e1n disfrutar de una gran variedad de platos tradicionales elaborados con cordero serrano. La celebraci\u00f3n, que en su edici\u00f3n n\u00famero 11 promete ser [&hellip;]<\/p>\n","protected":false},"author":1,"featured_media":47937,"comment_status":"open","ping_status":"open","sticky":false,"template":"","format":"standard","meta":{"footnotes":""},"categories":[2],"tags":[5144,677,3371,286],"class_list":["post-47936","post","type-post","status-publish","format-standard","has-post-thumbnail","hentry","category-ultimas-noticias","tag-celebra","tag-cuando","tag-pueblo","tag-que"],"_links":{"self":[{"href":"https:\/\/13.com.ar\/index.php\/wp-json\/wp\/v2\/posts\/47936","targetHints":{"allow":["GET"]}}],"collection":[{"href":"https:\/\/13.com.ar\/index.php\/wp-json\/wp\/v2\/posts"}],"about":[{"href":"https:\/\/13.com.ar\/index.php\/wp-json\/wp\/v2\/types\/post"}],"author":[{"embeddable":true,"href":"https:\/\/13.com.ar\/index.php\/wp-json\/wp\/v2\/users\/1"}],"replies":[{"embeddable":true,"href":"https:\/\/13.com.ar\/index.php\/wp-json\/wp\/v2\/comments?post=47936"}],"version-history":[{"count":0,"href":"https:\/\/13.com.ar\/index.php\/wp-json\/wp\/v2\/posts\/47936\/revisions"}],"wp:featuredmedia":[{"embeddable":true,"href":"https:\/\/13.com.ar\/index.php\/wp-json\/wp\/v2\/media\/47937"}],"wp:attachment":[{"href":"https:\/\/13.com.ar\/index.php\/wp-json\/wp\/v2\/media?parent=47936"}],"wp:term":[{"taxonomy":"category","embeddable":true,"href":"https:\/\/13.com.ar\/index.php\/wp-json\/wp\/v2\/categories?post=47936"},{"taxonomy":"post_tag","embeddable":true,"href":"https:\/\/13.com.ar\/index.php\/wp-json\/wp\/v2\/tags?post=47936"}],"curies":[{"name":"wp","href":"https:\/\/api.w.org\/{rel}","templated":true}]}}