{"id":47934,"date":"2025-08-04T11:28:01","date_gmt":"2025-08-04T14:28:01","guid":{"rendered":"https:\/\/13.com.ar\/index.php\/el-tortugo-jorge-llego-a-las-playas-de-rio-de-janeiro-y-hay-preocupacion-porque-dejo-de-emitir-senales\/"},"modified":"2025-08-04T11:28:01","modified_gmt":"2025-08-04T14:28:01","slug":"el-tortugo-jorge-llego-a-las-playas-de-rio-de-janeiro-y-hay-preocupacion-porque-dejo-de-emitir-senales","status":"publish","type":"post","link":"https:\/\/13.com.ar\/index.php\/el-tortugo-jorge-llego-a-las-playas-de-rio-de-janeiro-y-hay-preocupacion-porque-dejo-de-emitir-senales\/","title":{"rendered":"El tortugo Jorge lleg\u00f3 a las playas de R\u00edo de Janeiro y hay preocupaci\u00f3n porque dej\u00f3 de emitir se\u00f1ales"},"content":{"rendered":"<p> <br \/>\n<\/p>\n<div id=\"cuerpo\">\n<div class=\"sc-45461e9c-0 eqiBeF container-text text-embed \" id=\"element-body-0\">\n<p>Jorge sigue su traves\u00eda en aguas c\u00e1lidas rumbo al norte de Brasil. <strong>El tortugo que vivi\u00f3 40 a\u00f1os en una pecera<\/strong> del ex acuario de Mendoza, lleg\u00f3 hace unas semana a R\u00edo de Janeiro. Le faltan solo 1.000 km para Salvador de Bah\u00eda y Praia do Forte, el para\u00edso del norte de ese pa\u00eds, donde naci\u00f3.<\/p>\n<\/div>\n<div class=\"sc-45461e9c-0 eqiBeF container-text text-embed \" id=\"element-body-1\">\n<p>Cuando en 2022 cerr\u00f3 el acuario, la Ciudad de Mendoza decidi\u00f3 su readapataci\u00f3n a su h\u00e1bitat y junto al Aquarium de Mar del Plata, <strong>lo trasladaron en avi\u00f3n a la Costa Atl\u00e1ntica<\/strong> para prepararlo y que pueda volver al oc\u00e9ano.<\/p>\n<\/div>\n<div class=\"sc-45461e9c-0 eqiBeF container-text text-embed \" id=\"element-body-2\">\n<p><strong>Jorge tiene unos 60 a\u00f1os y pesa 100 kilos.<\/strong> El 11 de abril, en una embarcaci\u00f3n de la Prefectura Naval Argentina que zarp\u00f3 desde Playa Constituci\u00f3n en Mar del Plata, el tortugo fue devuelto al mar.<\/p>\n<\/div>\n<div class=\"sc-45461e9c-0 eqiBeF container-text text-embed \" id=\"element-body-3\">\n<p>Mariela Dassis es quien le coloc\u00f3 el tel\u00e9metro al tortugo y la encargada de monitorear a diario su periplo. &#8220;Nad\u00f3 en una noche el R\u00edo de la Plata y se qued\u00f3 unos d\u00edas en las costas de Piri\u00e1polis, en Uruguay&#8221;, detalla.<\/p>\n<\/div>\n<div class=\"sc-45461e9c-0 eqiBeF container-text text-embed \" id=\"element-body-4\">\n<p>A los 18 d\u00edas de su liberaci\u00f3n, el 29 de abril, el tortugo emiti\u00f3 otra se\u00f1al que el equipo de investigadores recibi\u00f3 con gran emoci\u00f3n: <strong>&#8220;El D\u00eda del Animal, lleg\u00f3 a las costas de Brasil, al sur de la laguna Mangueira&#8221;.<\/strong><\/p>\n<\/div>\n<div class=\"sc-98b114a2-0 bkqiHH image-embed  image-embed \" id=\"element-body-5\"><picture class=\"sc-98b114a2-1 jRUlDm\"><source media=\"(min-width: 975px)\" width=\"720\" height=\"480\" \/><img fetchpriority=\"high\" alt=\"El tortugo Jorge en el ex acuario Municipal de Ciudad de Mendoza. Sigue con su viaje pero hace d\u00edas que no se reciben sea\u00f1es. Foto: Jos\u00e9 Gutierrez \/ Los Andes\" loading=\"eager\" width=\"720\" height=\"480\" decoding=\"async\" data-nimg=\"1\" style=\"color:transparent\" src=\"https:\/\/13.com.ar\/wp-content\/uploads\/2025\/08\/El-tortugo-Jorge-llego-a-las-playas-de-Rio-de.jpg\"\/><span class=\"epigraphe\">El tortugo Jorge en el ex acuario Municipal de Ciudad de Mendoza. Sigue con su viaje pero hace d\u00edas que no se reciben sea\u00f1es. Foto: Jos\u00e9 Gutierrez \/ Los Andes<\/span><span class=\"picture-open\"><button class=\"open-image\" aria-label=\"Open Image\"\/><\/span><\/picture><\/div>\n<p><h2>En 100 d\u00edas recorri\u00f3 cerca de 3.000 km <\/h2>\n<\/p>\n<div class=\"sc-45461e9c-0 eqiBeF container-text text-embed \" id=\"element-body-7\">\n<p>&#8220;Tiene \u00edmpetu, potencia,<strong> es un animal curioso y territorial&#8221;, <\/strong>asegura Mariela Dassis, investigadora del Conicet y de la Universidad Nacional de Mar del Plata, doctora en en Ciencias Biol\u00f3gicas del Instituto de Investigaciones Marinas y Costeras.<\/p>\n<\/div>\n<div class=\"sc-45461e9c-0 eqiBeF container-text text-embed \" id=\"element-body-8\">\n<p>A mediados de julio, Jorge estaba en la costa de Ubatuba (al norte de San Pablo) disfrutando del mar y el agua c\u00e1lida que genera un entorno agradable para los ejemplares de su especie. <\/p>\n<\/div>\n<div class=\"sc-45461e9c-0 eqiBeF container-text text-embed \" id=\"element-body-9\">\n<p>Durante una semana, nad\u00f3 hasta Paraty, despu\u00e9s se fue a la paradis\u00edaca Isla Grande y finalmente se fue <strong>directo a R\u00edo de Janeiro.<\/strong><\/p>\n<\/div>\n<div class=\"sc-45461e9c-0 eqiBeF container-text text-embed \" id=\"element-body-10\">\n<p>\u201cAmigos de R\u00edo de Janeiro, atentos que Jorge est\u00e1 muy cerca de la cosa. Por favor, si lo ven les pedimos que nos env\u00eden una fotograf\u00eda\u201d, postearon el 18 de julio los investigadores en la cuenta oficial de Biolog\u00eda, Ecolog\u00eda y Conservaci\u00f3n de Mam\u00edferos Marinos de la Universidad Nacional de Mar del Plata.<\/p>\n<\/div>\n<p><h2>Hasta d\u00f3nde puede llegar<\/h2>\n<\/p>\n<div class=\"sc-45461e9c-0 eqiBeF container-text text-embed \" id=\"element-body-12\">\n<p>Jorge es de una especie considerada en peligro por la Uni\u00f3n Internacional para la Conservaci\u00f3n de la Naturaleza (UICN). Es de la especie Caretta-Caretta, o cabezona, una tortuga migratoria, de <strong>mares tropicales y subtropicales<\/strong>, que se desplaza por corrientes c\u00e1lidas de las costas de Uruguay y el sur de Brasil.<\/p>\n<\/div>\n<div class=\"sc-45461e9c-0 eqiBeF container-text text-embed \" id=\"element-body-13\">\n<p>&#8220;Hemos rehabilitado muchas tortugas, alrededor de 25, pero <strong>ninguna que haya estado tantos a\u00f1os en cautiverio, como es el caso de Jorge&#8221;<\/strong>, dice el bi\u00f3logo Alejandro Saubidet.<\/p>\n<\/div>\n<div class=\"sc-45461e9c-0 eqiBeF container-text text-embed \" id=\"element-body-14\">\n<p>Apenas fue liberado, en una temperatura de 19,5 grados cent\u00edgrados, Jorge nad\u00f3 mucho, tras la corriente c\u00e1lida, que se extiende de febrero a mayo. A los 30 d\u00edas lleg\u00f3 a un mar de 24 grados de temperatura.<\/p>\n<\/div>\n<div class=\"sc-45461e9c-0 eqiBeF container-text text-embed \" id=\"element-body-15\">\n<p>&#8220;Ha mostrado un comportamiento similar, nadar a mucha velocidad y luego, <strong>quedarse por varios d\u00edas en un mismo lugar&#8221;<\/strong>, observa Dassis.<\/p>\n<\/div>\n<div class=\"sc-45461e9c-0 eqiBeF container-text text-embed \" id=\"element-body-16\">\n<p>\u201cUno fue al inicio de su migraci\u00f3n, ni bien se fue de Mar del Plata, y hasta que lleg\u00f3 al sur de Brasil. Ah\u00ed se caracteriz\u00f3 por tener d\u00edas de movimiento, desplazamiento muy marcado con una direcci\u00f3n siempre al noreste. <strong>Se quedaba uno o dos d\u00edas en un mismo lugar,<\/strong> que probablemente eleg\u00eda para alimentarse, descansar o explorar, y luego continuaba su viaje. Tal es as\u00ed, que se mantuvo siempre en esa l\u00ednea y a los 18 d\u00edas, el 29 de abril, cruz\u00f3 el l\u00edmite con Brasil\u201d, agreg\u00f3.<\/p>\n<\/div>\n<div class=\"sc-45461e9c-0 eqiBeF container-text text-embed \" id=\"element-body-17\">\n<p><strong>El tel\u00e9metro emite una se\u00f1al solo cuando sale a respirar el tortugo<\/strong>, varias veces al d\u00eda. Por los sensores de humedad y conectividad, el equipo de bi\u00f3logos en Mar del Plata conoce la hora y el sitio donde est\u00e1 nadando Jorge.<\/p>\n<\/div>\n<div class=\"sc-45461e9c-0 eqiBeF container-text text-embed \" id=\"element-body-18\">\n<p>&#8220;Cuando fue liberado se movi\u00f3 rumbo al Norte. Nad\u00f3 alrededor de 30 horas seguidas, entre 60 y 80 kil\u00f3metros, a una velocidad de entre dos y tres kil\u00f3metros por hora. Despu\u00e9s se detuvo en una misma zona un par de d\u00edas y volvi\u00f3 a avanzar&#8221;, detalla Dassis.<\/p>\n<\/div>\n<div class=\"sc-45461e9c-0 eqiBeF container-text text-embed \" id=\"element-body-19\">\n<p>El tortugo <strong>se alimenta de crust\u00e1ceos, moluscos, medusas y an\u00e9monas<\/strong>. En su adultez, la tortuga marina pr\u00e1cticamente no corre riesgo de que un predador mayor pueda matarlo.<\/p>\n<\/div>\n<div class=\"sc-45461e9c-0 eqiBeF container-text text-embed \" id=\"element-body-20\">\n<p>El peligro, seg\u00fan detalla el equipo de bi\u00f3logos, es<strong> la contaminaci\u00f3n oce\u00e1nica por pl\u00e1sticos, incluyendo el celof\u00e1<\/strong>n, un problema ambiental grave que afecta a la vida marina. La pesca en redes es el otro gran riesgo que corre en el mar.<\/p>\n<\/div>\n<div class=\"sc-45461e9c-0 eqiBeF container-text text-embed \" id=\"element-body-21\">\n<p>Hace dos d\u00edas que no est\u00e1 emitiendo, hubo una tormenta muy grande en R\u00edo que puede haber da\u00f1ado el equipo.<\/p>\n<\/div>\n<\/div>\n<p><br \/>\n<br \/><a href=\"https:\/\/www.clarin.com\/sociedad\/tortugo-jorge-llego-playas-rio-janeiro-preocupacion-dejo-emitir-senales_0_ObAAsywwmI.html\">Fuente Clarin.com <\/a><\/p>\n","protected":false},"excerpt":{"rendered":"<p>Jorge sigue su traves\u00eda en aguas c\u00e1lidas rumbo al norte de Brasil. El tortugo que vivi\u00f3 40 a\u00f1os en una pecera del ex acuario de Mendoza, lleg\u00f3 hace unas semana a R\u00edo de Janeiro. Le faltan solo 1.000 km para Salvador de Bah\u00eda y Praia do Forte, el para\u00edso del norte de ese pa\u00eds, donde [&hellip;]<\/p>\n","protected":false},"author":1,"featured_media":47935,"comment_status":"open","ping_status":"open","sticky":false,"template":"","format":"standard","meta":{"footnotes":""},"categories":[2],"tags":[647,17592,942,6289,876,48,1096,5257,1624,1968,2344,3064,9899],"class_list":["post-47934","post","type-post","status-publish","format-standard","has-post-thumbnail","hentry","category-ultimas-noticias","tag-dejo","tag-emitir","tag-hay","tag-janeiro","tag-jorge","tag-las","tag-llego","tag-playas","tag-porque","tag-preocupacion","tag-rio","tag-senales","tag-tortugo"],"_links":{"self":[{"href":"https:\/\/13.com.ar\/index.php\/wp-json\/wp\/v2\/posts\/47934","targetHints":{"allow":["GET"]}}],"collection":[{"href":"https:\/\/13.com.ar\/index.php\/wp-json\/wp\/v2\/posts"}],"about":[{"href":"https:\/\/13.com.ar\/index.php\/wp-json\/wp\/v2\/types\/post"}],"author":[{"embeddable":true,"href":"https:\/\/13.com.ar\/index.php\/wp-json\/wp\/v2\/users\/1"}],"replies":[{"embeddable":true,"href":"https:\/\/13.com.ar\/index.php\/wp-json\/wp\/v2\/comments?post=47934"}],"version-history":[{"count":0,"href":"https:\/\/13.com.ar\/index.php\/wp-json\/wp\/v2\/posts\/47934\/revisions"}],"wp:featuredmedia":[{"embeddable":true,"href":"https:\/\/13.com.ar\/index.php\/wp-json\/wp\/v2\/media\/47935"}],"wp:attachment":[{"href":"https:\/\/13.com.ar\/index.php\/wp-json\/wp\/v2\/media?parent=47934"}],"wp:term":[{"taxonomy":"category","embeddable":true,"href":"https:\/\/13.com.ar\/index.php\/wp-json\/wp\/v2\/categories?post=47934"},{"taxonomy":"post_tag","embeddable":true,"href":"https:\/\/13.com.ar\/index.php\/wp-json\/wp\/v2\/tags?post=47934"}],"curies":[{"name":"wp","href":"https:\/\/api.w.org\/{rel}","templated":true}]}}