{"id":47930,"date":"2025-08-04T11:21:58","date_gmt":"2025-08-04T14:21:58","guid":{"rendered":"https:\/\/13.com.ar\/index.php\/sabemos-que-el-agua-esta-contaminada-pero-que-podemos-hacer\/"},"modified":"2025-08-04T11:21:58","modified_gmt":"2025-08-04T14:21:58","slug":"sabemos-que-el-agua-esta-contaminada-pero-que-podemos-hacer","status":"publish","type":"post","link":"https:\/\/13.com.ar\/index.php\/sabemos-que-el-agua-esta-contaminada-pero-que-podemos-hacer\/","title":{"rendered":"Sabemos que el agua est\u00e1 contaminada, pero \u00bfqu\u00e9 podemos hacer?"},"content":{"rendered":"<p> <br \/>\n<br \/><img decoding=\"async\" src=\"https:\/\/13.com.ar\/wp-content\/uploads\/2025\/08\/Sabemos-que-el-agua-esta-contaminada-pero-\u00bfque-podemos-hacer.jpg\" \/><\/p>\n<div id=\"element-body-0\">\n<p>Bajo un sol abrasador, gazat\u00edes agotados y hambrientos recorren cada d\u00eda kil\u00f3metros a pie<strong> en busca de agua<\/strong>, a menudo salobre o contaminada, un problema que ya exist\u00eda antes de la guerra pero que se ha agravado enormemente, seg\u00fan organizaciones humanitarias y autoridades locales.<\/p>\n<\/div>\n<div id=\"element-body-1\">\n<p>&#8220;A veces siento que<strong> mi cuerpo se seca por dentro.<\/strong> La sed me roba toda la energ\u00eda, y tambi\u00e9n a mis hijos&#8221;, dice Um Nidal Abu Nahl, una madre de cuatro hijos que vive en Ciudad de Gaza.<\/p>\n<\/div>\n<div id=\"element-body-3\">\n<p>El<strong> 80 % de las infraestructuras relacionadas con el agua<\/strong> est\u00e1n <strong>da\u00f1adas<\/strong> por la guerra y los gazat\u00edes solo pueden contar con suministros aleatorios, como <strong>un cami\u00f3n cisterna <\/strong>o una canilla instalada por una ONG en medio de un campamento.<\/p>\n<\/div>\n<div id=\"element-body-4\">\n<p>Al comienzo de la guerra, desencadenada por el ataque de Hamas contra territorio israel\u00ed del 7 de octubre de 2023, Israel cort\u00f3 el suministro.<\/p>\n<\/div>\n<div id=\"element-body-5\">\n<p>M\u00e1s tarde reconect\u00f3 la red palestina del norte de la Franja al sistema de distribuci\u00f3n de agua de la empresa israel\u00ed Mekorot.<\/p>\n<\/div>\n<div id=\"element-body-6\">\n<p>Sin embargo, los habitantes aseguran a AFP que el agua no sale de las canillas. Seg\u00fan las autoridades locales es<strong> la consecuencia de los bombardeos.<\/strong><\/p>\n<\/div>\n<div id=\"element-body-7\">\n<p>Seg\u00fan dijo el jueves la administraci\u00f3n local de Ciudad de Gaza, en esta zona<strong> no hay agua en la red<\/strong>, alimentada por Mekorot, desde hace al menos once d\u00edas.<\/p>\n<\/div>\n<div id=\"element-body-9\">\n<p>La red de pozos que abastec\u00eda a parte de la poblaci\u00f3n antes de la guerra tambi\u00e9n est\u00e1 da\u00f1ada. Algunos est\u00e1n <strong>contaminados por aguas residuales o por la basura<\/strong>. Otros son inaccesibles porque se encuentran en zonas de combate o en instalaciones militares israel\u00edes.<\/p>\n<\/div>\n<div id=\"element-body-10\">\n<p>En todo el territorio solo hay <strong>una planta desalinizadora<\/strong>, que la semana pasada volvi\u00f3 a funcionar gracias al suministro de electricidad desde Israel.<\/p>\n<\/div>\n<div id=\"element-body-11\">\n<p>Seg\u00fan Asem al Nabih, portavoz de la municipalidad de Ciudad de Gaza, m\u00e1s del 75 % de los pozos principales est\u00e1n fuera de servicio y el 85 % del material para hacer obras p\u00fablicas est\u00e1 destruido.<\/p>\n<\/div>\n<div id=\"element-body-13\">\n<p>Adem\u00e1s hay <strong>100.000 metros de tuber\u00edas de agua da\u00f1adas<\/strong> y 200.000 metros de redes de alcantarillado inutilizables.<\/p>\n<\/div>\n<div id=\"element-body-14\">\n<p>A esto se suma el hecho de que numerosas estaciones de bombeo y tratamiento de agua est\u00e1n detenidas. Adem\u00e1s hay <strong>250.000 toneladas de residuos acumulados en la ciudad.<\/strong><\/p>\n<\/div>\n<div id=\"element-body-15\">\n<p>&#8220;Las <strong>aguas residuales<\/strong> inundan las zonas donde vive la gente&#8221;, apunta Mohamed Abu Sukhayla desde Jabalia (norte). &#8220;Vivimos literalmente en medio de cat\u00e1strofes sanitarias&#8221;, agrega.<\/p>\n<\/div>\n<div id=\"element-body-16\">\n<p>Por su parte Al Nabih reconoce que la municipalidad &#8220;es incapaz de responder a las necesidades, por falta de equipamiento&#8221;.<\/p>\n<\/div>\n<div id=\"element-body-17\">\n<p>Cientos de miles de personas<strong> intentan recuperar el agua subterr\u00e1nea de los pozos<\/strong> pero como Gaza est\u00e1 junto al mar, su <strong>acu\u00edfero es salobre<\/strong>, y el agua extra\u00edda supera los niveles aceptables de salinidad, con los riesgos que conlleva para la salud.<\/p>\n<\/div>\n<div id=\"element-body-18\">\n<p>La crisis del agua <strong>es menos medi\u00e1tica que la del hambre<\/strong> pero <strong>igual de mortal<\/strong>, en una regi\u00f3n con recursos h\u00eddricos escasos donde el acceso al agua es un problema geopol\u00edtico de primera magnitud.<\/p>\n<\/div>\n<div id=\"element-body-20\">\n<p>&#8220;El agua, como los alimentos, nunca debe utilizarse con fines pol\u00edticos&#8221;, recuerda Rosalia Bollen, de Unicef, y apunta que es muy dif\u00edcil medir la sed que sufren los 2,4 millones de habitantes de la Franja.<\/p>\n<\/div>\n<div id=\"element-body-21\">\n<p>&#8220;Hace un calor terrible, las enfermedades se propagan &#8211; el agua es realmente un tema del que no hablamos lo suficiente&#8221;, asegura.<\/p>\n<\/div>\n<div id=\"element-body-22\">\n<p>En las pr\u00f3ximas semanas se espera que una tuber\u00eda de 6,7 kil\u00f3metros lleve agua desde una planta desalinizadora<strong> situada en Egipto hasta la zona costera de Al Mawasi,<\/strong> entre Khan Yunis y Rafah, un proyecto impulsado por Emiratos \u00c1rabes Unidos, con el acuerdo de Israel.<\/p>\n<\/div>\n<div id=\"element-body-23\">\n<p>Pero algunos lo ven como <strong>una manera de justificar la concentraci\u00f3n de la poblaci\u00f3n en el sur del territorio palestino<\/strong>, asediado por Israel.<\/p>\n<\/div>\n<div id=\"element-body-24\">\n<p>Mahmud Deeb, de 35 a\u00f1os, reconoce que el agua que encuentra en Ciudad de Gaza suele ser no apta para el consumo. &#8220;Sabemos que est\u00e1 contaminada, pero<strong> \u00bfqu\u00e9 podemos hacer?<\/strong>&#8220;.<\/p>\n<\/div>\n<p><br \/>\n<br \/><a href=\"https:\/\/www.clarin.com\/mundo\/gaza-hambruna-suma-sabemos-agua-contaminada-podemos-hacer_0_IHrjvsXkih.html\">Fuente Clarin.com <\/a><\/p>\n","protected":false},"excerpt":{"rendered":"<p>Bajo un sol abrasador, gazat\u00edes agotados y hambrientos recorren cada d\u00eda kil\u00f3metros a pie en busca de agua, a menudo salobre o contaminada, un problema que ya exist\u00eda antes de la guerra pero que se ha agravado enormemente, seg\u00fan organizaciones humanitarias y autoridades locales. &#8220;A veces siento que mi cuerpo se seca por dentro. La [&hellip;]<\/p>\n","protected":false},"author":1,"featured_media":47931,"comment_status":"open","ping_status":"open","sticky":false,"template":"","format":"standard","meta":{"footnotes":""},"categories":[2],"tags":[409,25317,300,127,265,9211,286,6541],"class_list":["post-47930","post","type-post","status-publish","format-standard","has-post-thumbnail","hentry","category-ultimas-noticias","tag-agua","tag-contaminada","tag-esta","tag-hacer","tag-pero","tag-podemos","tag-que","tag-sabemos"],"_links":{"self":[{"href":"https:\/\/13.com.ar\/index.php\/wp-json\/wp\/v2\/posts\/47930","targetHints":{"allow":["GET"]}}],"collection":[{"href":"https:\/\/13.com.ar\/index.php\/wp-json\/wp\/v2\/posts"}],"about":[{"href":"https:\/\/13.com.ar\/index.php\/wp-json\/wp\/v2\/types\/post"}],"author":[{"embeddable":true,"href":"https:\/\/13.com.ar\/index.php\/wp-json\/wp\/v2\/users\/1"}],"replies":[{"embeddable":true,"href":"https:\/\/13.com.ar\/index.php\/wp-json\/wp\/v2\/comments?post=47930"}],"version-history":[{"count":0,"href":"https:\/\/13.com.ar\/index.php\/wp-json\/wp\/v2\/posts\/47930\/revisions"}],"wp:featuredmedia":[{"embeddable":true,"href":"https:\/\/13.com.ar\/index.php\/wp-json\/wp\/v2\/media\/47931"}],"wp:attachment":[{"href":"https:\/\/13.com.ar\/index.php\/wp-json\/wp\/v2\/media?parent=47930"}],"wp:term":[{"taxonomy":"category","embeddable":true,"href":"https:\/\/13.com.ar\/index.php\/wp-json\/wp\/v2\/categories?post=47930"},{"taxonomy":"post_tag","embeddable":true,"href":"https:\/\/13.com.ar\/index.php\/wp-json\/wp\/v2\/tags?post=47930"}],"curies":[{"name":"wp","href":"https:\/\/api.w.org\/{rel}","templated":true}]}}