{"id":47926,"date":"2025-08-04T11:03:55","date_gmt":"2025-08-04T14:03:55","guid":{"rendered":"https:\/\/13.com.ar\/index.php\/tengo-una-campana-de-mani\/"},"modified":"2025-08-04T11:03:55","modified_gmt":"2025-08-04T14:03:55","slug":"tengo-una-campana-de-mani","status":"publish","type":"post","link":"https:\/\/13.com.ar\/index.php\/tengo-una-campana-de-mani\/","title":{"rendered":"Tengo una campa\u00f1a de man\u00ed"},"content":{"rendered":"<p> <br \/>\n<br \/><img decoding=\"async\" src=\"https:\/\/13.com.ar\/wp-content\/uploads\/2025\/08\/Tengo-una-campana-de-mani.jpg\" \/><\/p>\n<div id=\"element-body-0\">\n<p>Antes de viajar a Rosario junto a sus hijas para celebrar los 15 a\u00f1os de la sobrina de <strong>Mauro Icardi<\/strong>, <strong>Wanda Nara<\/strong> aterriz\u00f3 en Buenos Aires luego de pasar dos semanas en Europa junto a L-Gante y lanz\u00f3 un fuerte palito hacia el futbolista.<\/p>\n<\/div>\n<div id=\"element-body-1\">\n<p>Cabe recordar que la conductora y su ex marido se encuentran en una interminable batalla legal y medi\u00e1tica, a la que se le suma los rumores de que Icardi estar\u00eda planeando donar las pertenencias que ella no pudo recuperar de su casa en Turqu\u00eda.<\/p>\n<\/div>\n<div id=\"element-body-2\">\n<p>Como si fuera poco, se le suma el reciente esc\u00e1ndalo con la vedette uruguaya <strong>Natasha Rey<\/strong> que public\u00f3 un video \u00edntimo que Mauro le hab\u00eda enviado y quien <strong>se burl\u00f3 del tama\u00f1o de su miembro.<\/strong><\/p>\n<\/div>\n<div id=\"element-body-3\">\n<p>En esa l\u00ednea, tanto el futbolista como su pareja, <strong>Eugenia \u201cLa China\u201d Su\u00e1rez<\/strong>, aseguran que aquel video se lo habr\u00eda enviado a Wanda cuando a\u00fan estaban juntos y la acusan de haberlo filtrado en los \u00faltimos d\u00edas.<\/p>\n<\/div>\n<div id=\"element-body-4\">\n<p>Al aterrizar en el aeropuerto de Ezeiza, Wanda fue abordada por distintos medios y respondi\u00f3 las preguntas a todos los temas m\u00e1s escandalosos que la envuelven.<\/p>\n<\/div>\n<div id=\"element-body-5\">\n<p>Sin embargo, el momento que m\u00e1s destac\u00f3 fue cuando lanz\u00f3: <strong>\u201cCreo que el lunes grabo una campa\u00f1a de man\u00ed\u2026\u201d<\/strong>. En ese momento, un notero le ofreci\u00f3 una bolsa de man\u00ed que llevaba en la mano y ella ironiz\u00f3:<strong> \u201cYa no quiero comer m\u00e1s man\u00ed\u201d.<\/strong><\/p>\n<\/div>\n<div id=\"element-body-7\">\n<p>Otra de las preguntas que le hicieron fue acerca de la entrevista que le hicieron a Mauro Icardi en Turqu\u00eda<strong> Marley y Susana Gim\u00e9nez <\/strong>para <em>Por el mundo<\/em> (Telefe), teniendo en cuenta que ambos mantienen un v\u00ednculo con ella, al igual que el canal.<\/p>\n<\/div>\n<div id=\"element-body-8\">\n<p>Sin embargo, Wanda neg\u00f3 estar molesta por la nota: \u201cLa gente piensa que todo el mundo me traiciona a m\u00ed y yo creo que cada uno elige qu\u00e9 hacer\u201d. Y, consultada sobre por qu\u00e9 no le atendi\u00f3 el tel\u00e9fono al conductor, fue contundente: <strong>\u201cYo soy muy de clavar el visto, a veces. O quiz\u00e1s soy muy intuitiva&#8221;.<\/strong><\/p>\n<\/div>\n<div id=\"element-body-9\">\n<p>\u201c\u00bfTe molestar\u00eda que la China aparezca en Telefe? Es tu casa&#8221;, insistieron, y ella agreg\u00f3: <strong>\u201cA m\u00ed no me molesta nada\u201d.<\/strong><\/p>\n<\/div>\n<div id=\"element-body-10\">\n<p>\u201cHace tres a\u00f1os que Telefe me paga un sueldo. <strong>Yo les pas\u00e9 el tel\u00e9fono de mi ex.<\/strong> Yo estoy en contacto con Fede Levrino todo el tiempo que estaba tambi\u00e9n all\u00e1 y quer\u00edan una camiseta. Quer\u00edan ir\u201d, aclar\u00f3, y explic\u00f3 que ella no pidi\u00f3 que no estuviera La China como se hablaba.<\/p>\n<\/div>\n<div id=\"element-body-12\">\n<p>Sobre su relaci\u00f3n con Gim\u00e9nez, Wanda explic\u00f3: \u201cCada uno se maneja con los c\u00f3digos que tiene en la vida. Yo soy una mina que tiene muchos c\u00f3digos.<strong> Susana es una mujer que tiene muchos c\u00f3digos, es buena persona<\/strong>, est\u00e1 en este ambiente hace mil a\u00f1os y si hay una persona a la que yo quiero seguir o inspirarme es Susana. Tenemos el mismo peluquero y s\u00e9 lo que piensa, s\u00e9 lo que dijo. Ella conoce muchas cosas y es mujer, est\u00e1 bueno que entre mujeres seamos emp\u00e1ticas entre nosotras\u201d.<\/p>\n<\/div>\n<div id=\"element-body-14\">\n<p>En la nota, Wanda fue consultada acerca de la relaci\u00f3n de Mauro Icardi y La China Su\u00e1rez y explic\u00f3 que cree que ambos deben pensar que ella es \u201clo peor\u201d: <strong>\u201cHay hombres que no soportan cuando una lo deja\u201d.<\/strong><\/p>\n<\/div>\n<div id=\"element-body-15\">\n<p>\u201c<strong>Me da l\u00e1stima una mujer que por dinero acepta un mont\u00f3n de cosas<\/strong>. A m\u00ed me encanta la plata pero me lo gano con mucha dignidad. Cuando yo lo conoc\u00ed a Mauro, yo ten\u00eda cinco veces m\u00e1s patrimonio que \u00e9l. O sea yo no me acerqu\u00e9 a \u00e9l por dinero y ojal\u00e1 que ella tampoco\u201d, arremeti\u00f3.<\/p>\n<\/div>\n<div id=\"element-body-17\">\n<p>\u201cOjal\u00e1 que sean muy felices, que valga la pena el sufrimiento de tantos, de tanta gente, de tantos ni\u00f1os que no est\u00e1n con sus pap\u00e1s. <strong>Les deseo lo mejor, los veo muy felices<\/strong>\u201d, sum\u00f3.<\/p>\n<\/div>\n<div id=\"element-body-18\">\n<p>Acerca de las versiones de que Icardi tendr\u00eda pensado donar sus pertenencias a una ONG, Wanda fue ir\u00f3nica: <strong>\u201cEn todo caso ser\u00eda yo la que est\u00e1 donando. Si son mis cosas\u201d.<\/strong><\/p>\n<\/div>\n<div id=\"element-body-19\">\n<p>Adem\u00e1s, Nara dijo que no volver\u00eda con Icardi si \u00e9l le pidiera y, sobre si \u00e9l le insiste, fue rotunda:<strong> \u201cNo voy a hablar de eso\u201d.<\/strong><\/p>\n<\/div>\n<div id=\"element-body-21\">\n<p>\u201cYo estoy muy feliz\u201d, \u201ccada uno se comporta como quiere\u201d, y <strong>\u201ca m\u00ed no me interesa lo que digan los dem\u00e1s y nunca me import\u00f3\u201d<\/strong>, fueron otras de las frases que solt\u00f3.<\/p>\n<\/div>\n<div id=\"element-body-22\">\n<p>Adem\u00e1s, Wanda salt\u00f3 r\u00e1pidamente cuando mencionaron que Graciela Alfano sali\u00f3 a defender a La China: \u201c\u00a1Pero cu\u00e1nta gente que habla de m\u00ed, chicos! Yo hago mi vida. Me est\u00e1s hablando que Marley habla de m\u00ed. Mi ex habla de m\u00ed.<strong> La otra chica que est\u00e1 con mi ex habla de m\u00ed. <\/strong>Yo no hablo de nadie. Yo solo respondo a quienes me atacan\u201d.<\/p>\n<\/div>\n<div id=\"element-body-23\">\n<p>Luego, tambi\u00e9n le preguntaron sobre los rumores de que su hija Francesca querr\u00eda quitarse el apellido Icardi y, aunque en un principio evit\u00f3 hablar del tema, dijo: \u201c<strong>No habl\u00f3 de eso porque es algo \u00edntimo de mi hija y la verdad que es algo muy triste.<\/strong> Es algo que vengo a hablar en familia. Es algo que cont\u00f3 la gente que estaba con mi hija, mi familia que estaba ac\u00e1\u201d.<\/p>\n<\/div>\n<p><br \/>\n<br \/><a href=\"https:\/\/www.clarin.com\/fama\/wanda-nara-lapido-china-suarez-lanzo-palito-mauro-icardi-campana-mani_0_8VdGWTkaDW.html\">Fuente Clarin.com <\/a><\/p>\n","protected":false},"excerpt":{"rendered":"<p>Antes de viajar a Rosario junto a sus hijas para celebrar los 15 a\u00f1os de la sobrina de Mauro Icardi, Wanda Nara aterriz\u00f3 en Buenos Aires luego de pasar dos semanas en Europa junto a L-Gante y lanz\u00f3 un fuerte palito hacia el futbolista. Cabe recordar que la conductora y su ex marido se encuentran [&hellip;]<\/p>\n","protected":false},"author":1,"featured_media":47927,"comment_status":"open","ping_status":"open","sticky":false,"template":"","format":"standard","meta":{"footnotes":""},"categories":[2],"tags":[2813,15639,5294,73],"class_list":["post-47926","post","type-post","status-publish","format-standard","has-post-thumbnail","hentry","category-ultimas-noticias","tag-campana","tag-mani","tag-tengo","tag-una"],"_links":{"self":[{"href":"https:\/\/13.com.ar\/index.php\/wp-json\/wp\/v2\/posts\/47926","targetHints":{"allow":["GET"]}}],"collection":[{"href":"https:\/\/13.com.ar\/index.php\/wp-json\/wp\/v2\/posts"}],"about":[{"href":"https:\/\/13.com.ar\/index.php\/wp-json\/wp\/v2\/types\/post"}],"author":[{"embeddable":true,"href":"https:\/\/13.com.ar\/index.php\/wp-json\/wp\/v2\/users\/1"}],"replies":[{"embeddable":true,"href":"https:\/\/13.com.ar\/index.php\/wp-json\/wp\/v2\/comments?post=47926"}],"version-history":[{"count":0,"href":"https:\/\/13.com.ar\/index.php\/wp-json\/wp\/v2\/posts\/47926\/revisions"}],"wp:featuredmedia":[{"embeddable":true,"href":"https:\/\/13.com.ar\/index.php\/wp-json\/wp\/v2\/media\/47927"}],"wp:attachment":[{"href":"https:\/\/13.com.ar\/index.php\/wp-json\/wp\/v2\/media?parent=47926"}],"wp:term":[{"taxonomy":"category","embeddable":true,"href":"https:\/\/13.com.ar\/index.php\/wp-json\/wp\/v2\/categories?post=47926"},{"taxonomy":"post_tag","embeddable":true,"href":"https:\/\/13.com.ar\/index.php\/wp-json\/wp\/v2\/tags?post=47926"}],"curies":[{"name":"wp","href":"https:\/\/api.w.org\/{rel}","templated":true}]}}