{"id":47922,"date":"2025-08-04T10:57:56","date_gmt":"2025-08-04T13:57:56","guid":{"rendered":"https:\/\/13.com.ar\/index.php\/cuanto-cobraran-de-minima-en-agosto-2025-tras-el-veto-de-javier-milei\/"},"modified":"2025-08-04T10:57:56","modified_gmt":"2025-08-04T13:57:56","slug":"cuanto-cobraran-de-minima-en-agosto-2025-tras-el-veto-de-javier-milei","status":"publish","type":"post","link":"https:\/\/13.com.ar\/index.php\/cuanto-cobraran-de-minima-en-agosto-2025-tras-el-veto-de-javier-milei\/","title":{"rendered":"cu\u00e1nto cobrar\u00e1n de m\u00ednima en agosto 2025 tras el veto de Javier Milei"},"content":{"rendered":"<p> <br \/>\n<br \/><img decoding=\"async\" src=\"https:\/\/13.com.ar\/wp-content\/uploads\/2025\/08\/cuanto-cobraran-de-minima-en-agosto-2025-tras-el-veto.jpg\" \/><\/p>\n<div id=\"element-body-0\">\n<p><strong>El presidente Javier Milei cumpli\u00f3 con su advertencia y este lunes vet\u00f3 dos leyes sancionadas el pasado 10 de julio <\/strong>por mayor\u00eda opositora en el Congreso. El veto se hizo oficial a trav\u00e9s del Decreto 534\/2025, publicado en el Bolet\u00edn Oficial.<\/p>\n<\/div>\n<div id=\"element-body-1\">\n<p>La primera norma vetada contemplaba<strong> un incremento del 7,2%<\/strong> en las jubilaciones y pensiones, mientras que la segunda declaraba la <strong>emergencia en discapacidad<\/strong> y ampliaba la asistencia estatal a personas con invalidez.<\/p>\n<\/div>\n<div id=\"element-body-2\">\n<p>Tras la decisi\u00f3n del Ejecutivo, queda por determinar cu\u00e1l ser\u00e1 finalmente el monto de los haberes previsionales luego del rechazo a ambas iniciativas.<\/p>\n<\/div>\n<div id=\"element-body-3\">\n<p>El Presidente sostuvo desde el primer d\u00eda que las normas sobre aumentos en beneficios sociales atentaban contra el super\u00e1vit fiscal, su principal bandera de gesti\u00f3n, y que su aprobaci\u00f3n fue un \u201cintento de golpe institucional\u201d perpetrado por el peronismo, en lo que fue un cruce de ataques y acusaciones entre Milei, la ministra Patricia Bullrich y otros funcionarios contra la vicepresidenta Victoria Villarruel (presidenta del Senado), en aquella jornada cuando se votaron ambas leyes en la C\u00e1mara alta.<\/p>\n<\/div>\n<div id=\"element-body-4\">\n<p>Este mes, tras el veto del aumento de emergencia del 7,2% (que tambi\u00e9n contemplaba una suba del bono $ 110.000), los haberes jubilatorios y las asignaciones recibir\u00e1n un<strong> ajuste de 1,62%,<\/strong> en l\u00ednea con la variaci\u00f3n del IPC de junio. Y bono -que lo reciben entero quienes cobran la m\u00ednima, as\u00ed como a beneficiarios de la Pensi\u00f3n Universal para el Adulto Mayor (PUAM) y las Pensiones No Contributivas (PNC)-<strong> se mantendr\u00e1 en $ 70.000<\/strong><\/p>\n<\/div>\n<div id=\"element-body-5\">\n<p>Con esta actualizaci\u00f3n, el haber m\u00ednimo pasa a ser de $ 314.305,37. Al sumarle el bono, el monto total a<strong> cobrar ser\u00e1 de $ 384.305,37<\/strong>.La PUAM llegar\u00e1 a $251.394,80 en agosto. Con el bono, el monto total ser\u00e1 de $ 321.394,80. Las <strong>PNC por invalidez o vejez llegar\u00e1n a $ 219.970,45. <\/strong>Con el bono, este monto se elevar\u00e1 a $289.970,45. Estos incrementos buscan compensar el impacto de la inflaci\u00f3n en los ingresos de los beneficiarios m\u00e1s vulnerables. Por su parte, el haber m\u00e1ximo del r\u00e9gimen general se elevar\u00e1 a $ 2.114.977,59. Estas \u00faltimas no reciben el extra.<\/p>\n<\/div>\n<div id=\"element-body-6\">\n<p>El incremento tambi\u00e9n impactar\u00e1 en la Asignaci\u00f3n Universal por Hijo (AUH), la Asignaci\u00f3n por Embarazo (AUE) y las asignaciones familiares, que se actualizar\u00e1n con el mismo porcentaje.<\/p>\n<\/div>\n<div id=\"element-body-7\">\n<p>Adem\u00e1s, del aumento del 7,2% y la suba del extra, el proyecto aprobado por el Congreso <strong>reinstalaba por dos a\u00f1os el Plan de Pago de Deuda Previsional<\/strong>, permitiendo el acceso a la jubilaci\u00f3n sin los 30 a\u00f1os de aportes efectivos, y flexibilizaba las condiciones para acceder a la Pensi\u00f3n Universal para el Adulto Mayor (PUAM).<\/p>\n<\/div>\n<div id=\"element-body-14\">\n<p>Las asignaciones por embarazo se abonar\u00e1n entre el 11 y el 25 de este mes (Imagen Ilustrativa Infobae)<\/p>\n<\/div>\n<div id=\"element-body-22\">\n<p><strong>Las asignaciones de pago \u00fanico se abonar\u00e1n a partir del 11 de agosto<\/strong><\/p>\n<\/div>\n<div id=\"element-body-25\">\n<p>Pensiones No Contributivas (PNC)<\/p>\n<\/div>\n<div id=\"element-body-28\">\n<p>Todas las terminaciones de DNI, del 8 de agosto al 10 de septiembre<\/p>\n<\/div>\n<div id=\"element-body-32\">\n<p>Todas las terminaciones de DNI (julio), del 31 de julio al 11 de agosto<\/p>\n<\/div>\n<p><br \/>\n<br \/><a href=\"https:\/\/www.clarin.com\/economia\/jubilados-cobraran-minima-agosto-2025-veto-javier-milei_0_pRUdfBw632.html\">Fuente Clarin.com <\/a><\/p>\n","protected":false},"excerpt":{"rendered":"<p>El presidente Javier Milei cumpli\u00f3 con su advertencia y este lunes vet\u00f3 dos leyes sancionadas el pasado 10 de julio por mayor\u00eda opositora en el Congreso. El veto se hizo oficial a trav\u00e9s del Decreto 534\/2025, publicado en el Bolet\u00edn Oficial. La primera norma vetada contemplaba un incremento del 7,2% en las jubilaciones y pensiones, [&hellip;]<\/p>\n","protected":false},"author":1,"featured_media":47923,"comment_status":"open","ping_status":"open","sticky":false,"template":"","format":"standard","meta":{"footnotes":""},"categories":[2],"tags":[12442,3967,448,273,77,2062,312,19904],"class_list":["post-47922","post","type-post","status-publish","format-standard","has-post-thumbnail","hentry","category-ultimas-noticias","tag-agosto","tag-cobraran","tag-cuanto","tag-javier","tag-milei","tag-minima","tag-tras","tag-veto"],"_links":{"self":[{"href":"https:\/\/13.com.ar\/index.php\/wp-json\/wp\/v2\/posts\/47922","targetHints":{"allow":["GET"]}}],"collection":[{"href":"https:\/\/13.com.ar\/index.php\/wp-json\/wp\/v2\/posts"}],"about":[{"href":"https:\/\/13.com.ar\/index.php\/wp-json\/wp\/v2\/types\/post"}],"author":[{"embeddable":true,"href":"https:\/\/13.com.ar\/index.php\/wp-json\/wp\/v2\/users\/1"}],"replies":[{"embeddable":true,"href":"https:\/\/13.com.ar\/index.php\/wp-json\/wp\/v2\/comments?post=47922"}],"version-history":[{"count":0,"href":"https:\/\/13.com.ar\/index.php\/wp-json\/wp\/v2\/posts\/47922\/revisions"}],"wp:featuredmedia":[{"embeddable":true,"href":"https:\/\/13.com.ar\/index.php\/wp-json\/wp\/v2\/media\/47923"}],"wp:attachment":[{"href":"https:\/\/13.com.ar\/index.php\/wp-json\/wp\/v2\/media?parent=47922"}],"wp:term":[{"taxonomy":"category","embeddable":true,"href":"https:\/\/13.com.ar\/index.php\/wp-json\/wp\/v2\/categories?post=47922"},{"taxonomy":"post_tag","embeddable":true,"href":"https:\/\/13.com.ar\/index.php\/wp-json\/wp\/v2\/tags?post=47922"}],"curies":[{"name":"wp","href":"https:\/\/api.w.org\/{rel}","templated":true}]}}