{"id":47920,"date":"2025-08-04T10:48:59","date_gmt":"2025-08-04T13:48:59","guid":{"rendered":"https:\/\/13.com.ar\/index.php\/la-siniestra-historia-del-presunto-asesino-serial-de-jujuy\/"},"modified":"2025-08-04T10:48:59","modified_gmt":"2025-08-04T13:48:59","slug":"la-siniestra-historia-del-presunto-asesino-serial-de-jujuy","status":"publish","type":"post","link":"https:\/\/13.com.ar\/index.php\/la-siniestra-historia-del-presunto-asesino-serial-de-jujuy\/","title":{"rendered":"la siniestra historia del presunto asesino serial de Jujuy"},"content":{"rendered":"<p> <br \/>\n<br \/><img decoding=\"async\" src=\"https:\/\/13.com.ar\/wp-content\/uploads\/2025\/08\/la-siniestra-historia-del-presunto-asesino-serial-de-Jujuy.jpg\" \/><\/p>\n<div id=\"element-body-0\">\n<p>El chico de 16 a\u00f1os viv\u00eda aterrado, tan aterrado que se orinaba en la cama. Su familia lo hab\u00eda mandado a vivir con su abuelo para cuidarlo porque ya estaba muy grande. Compart\u00eda con \u00e9l una humilde casa del <strong>barrio Alto Comedero<\/strong>, a unos cinco kil\u00f3metros del centro de la ciudad de <strong>San Salvador de Jujuy<\/strong>. Pero el problema no era el hombre mayor, sino su hijo, t\u00edo del adolescente, que tambi\u00e9n viv\u00eda all\u00ed.<\/p>\n<\/div>\n<div id=\"element-body-1\">\n<p><strong>Mat\u00edas Jurado (37)<\/strong> era violento, alcoh\u00f3lico y ten\u00eda problemas con las drogas. Tres veces hab\u00eda estado preso: la primera siendo menor de edad, la segunda en 2017 por robo agravado y la tercera en 2018 por amenazas con arma en ocasi\u00f3n de robo. Hab\u00eda salido en <strong>libertad condicional <\/strong>en 2020.<\/p>\n<\/div>\n<div id=\"element-body-2\">\n<p>Su familia no quer\u00eda saber nada de \u00e9l y termin\u00f3 en lo de su padre. Pero nada mejor\u00f3 para nadie. El adolescente y su abuelo quedaron atrapados en una verdadera <strong>casa del horror<\/strong> que fue lo que se encontr\u00f3 la Polic\u00eda juje\u00f1a cuando, el mi\u00e9rcoles de la semana pasada, allan\u00f3 el lugar siguiendo la pista de <strong>Jorge Omar Anachuri (68)<\/strong>, desaparecido el pasado 25 de julio.<\/p>\n<\/div>\n<div id=\"element-body-4\">\n<p>Hasta la casa del barrio Alto Comedero (una zona superpoblada de 150 mil habitantes), la Justicia lleg\u00f3 luego de detectar a la v\u00edctima subiendo a un taxi con un hombre. Ese hombre era Mat\u00edas Jurado.<\/p>\n<\/div>\n<div id=\"element-body-5\">\n<p>Pero la historia reci\u00e9n estaba comenzando.<\/p>\n<\/div>\n<div id=\"element-body-6\">\n<p>En la casa, la Polic\u00eda encontr\u00f3 <strong>sangre, huesos y restos de piel<\/strong>. Tambi\u00e9n, una historia espeluznante: el sobrino del acusado les cont\u00f3 que <strong>todos los viernes <\/strong>su t\u00edo se iba a la antigua estaci\u00f3n terminal (un aguantadero de todo tipo) y volv\u00eda con un hombre mayor, que luego desaparec\u00eda.<\/p>\n<\/div>\n<div id=\"element-body-8\">\n<p>\u00c9l, dijo, se iba porque sab\u00eda que pasaban &#8220;cosas malas&#8221;. Pero se\u00f1al\u00f3 un terreno donde su t\u00edo, al parecer, <strong>enterraba las partes descuartizadas de sus &#8220;invitados&#8221;<\/strong>, todos en situaci\u00f3n de calle. <\/p>\n<\/div>\n<div id=\"element-body-9\">\n<p>En el lugar, la Polic\u00eda tambi\u00e9n encontr\u00f3 indicios de cremaciones. Los vecinos contaron que Jurado andaba <strong>todo el d\u00eda con un machete en la mano<\/strong>.<\/p>\n<\/div>\n<div id=\"element-body-10\">\n<p>El sobrino que hizo una declaraci\u00f3n corta en C\u00e1mara Gesell lleg\u00f3 a asegurar que le hab\u00eda advertido a su familia lo que pasaba, pero nadie quiso creerle. Solo un primo accedi\u00f3 a acompa\u00f1arlo a la casa de Alto Comedero, pero cuando vio la sangre sali\u00f3 espantado.<\/p>\n<\/div>\n<div id=\"element-body-12\">\n<p>Con Jurado detenido, una mujer de la familia se anim\u00f3 a declarar el domingo a la noche el secuestro de otro hombre ocurrido el 1\u00b0 de enero pasado. Y este segundo caso pudo ser tambi\u00e9n corroborado por las c\u00e1maras de seguridad de la ciudad.<\/p>\n<\/div>\n<div id=\"element-body-13\">\n<p>Lo que que sospechan ahora los fiscales es que se podr\u00eda estar frente a <strong>un asesino serial con al menos media docena de v\u00edctimas <\/strong>y ning\u00fan otro m\u00f3vil m\u00e1s que el placer de matar.<\/p>\n<\/div>\n<div id=\"element-body-14\">\n<p>Este lunes, a las 16, ser\u00e1 la audiencia imputativa a cargo del <strong>fiscal regional Guillermo Beller <\/strong>y el comienzo de una investigaci\u00f3n con final aun incierto.<\/p>\n<\/div>\n<div id=\"element-body-16\">\n<p>El Ministerio P\u00fablico de la Acusaci\u00f3n detuvo a Mat\u00edas Jurado tras allanar la precaria vivienda del barrio Alto Comedero, en la capital de Jujuy.<\/p>\n<\/div>\n<div id=\"element-body-17\">\n<p>El <strong>fiscal general Sergio Lello S\u00e1nchez <\/strong>sostuvo que &#8220;los indicios llevan a suponer que son restos humanos&#8221; los encontrados en la casa &#8220;y los cinco hechos de desaparici\u00f3n tendr\u00edan ese patr\u00f3n com\u00fan&#8221;.<\/p>\n<\/div>\n<div id=\"element-body-18\">\n<p>El Centro de Monitoreo de la Polic\u00eda de Jujuy reconstruy\u00f3 los trayectos de Jurado a partir de las desapariciones denunciadas. En varias grabaciones se observa a las v\u00edctimas siguiendo un patr\u00f3n com\u00fan: abordaban un rem\u00eds con Jurado y eran llevadas hasta su casa. Ninguna fue vista saliendo del lugar. <\/p>\n<\/div>\n<div id=\"element-body-20\">\n<p>Las v\u00edctimas eran todas personas mayores, en situaci\u00f3n de calle o con dificultades sociales.<\/p>\n<\/div>\n<p><br \/>\n<br \/><a href=\"https:\/\/www.clarin.com\/policiales\/viernes-caza-chico-nadie-creia-siniestra-historia-presunto-asesino-serial-jujuy_0_56mTKTY6Ys.html\">Fuente Clarin.com <\/a><\/p>\n","protected":false},"excerpt":{"rendered":"<p>El chico de 16 a\u00f1os viv\u00eda aterrado, tan aterrado que se orinaba en la cama. Su familia lo hab\u00eda mandado a vivir con su abuelo para cuidarlo porque ya estaba muy grande. Compart\u00eda con \u00e9l una humilde casa del barrio Alto Comedero, a unos cinco kil\u00f3metros del centro de la ciudad de San Salvador de [&hellip;]<\/p>\n","protected":false},"author":1,"featured_media":47921,"comment_status":"open","ping_status":"open","sticky":false,"template":"","format":"standard","meta":{"footnotes":""},"categories":[2],"tags":[1450,100,1329,11805,9862,4033,4806],"class_list":["post-47920","post","type-post","status-publish","format-standard","has-post-thumbnail","hentry","category-ultimas-noticias","tag-asesino","tag-del","tag-historia","tag-jujuy","tag-presunto","tag-serial","tag-siniestra"],"_links":{"self":[{"href":"https:\/\/13.com.ar\/index.php\/wp-json\/wp\/v2\/posts\/47920","targetHints":{"allow":["GET"]}}],"collection":[{"href":"https:\/\/13.com.ar\/index.php\/wp-json\/wp\/v2\/posts"}],"about":[{"href":"https:\/\/13.com.ar\/index.php\/wp-json\/wp\/v2\/types\/post"}],"author":[{"embeddable":true,"href":"https:\/\/13.com.ar\/index.php\/wp-json\/wp\/v2\/users\/1"}],"replies":[{"embeddable":true,"href":"https:\/\/13.com.ar\/index.php\/wp-json\/wp\/v2\/comments?post=47920"}],"version-history":[{"count":0,"href":"https:\/\/13.com.ar\/index.php\/wp-json\/wp\/v2\/posts\/47920\/revisions"}],"wp:featuredmedia":[{"embeddable":true,"href":"https:\/\/13.com.ar\/index.php\/wp-json\/wp\/v2\/media\/47921"}],"wp:attachment":[{"href":"https:\/\/13.com.ar\/index.php\/wp-json\/wp\/v2\/media?parent=47920"}],"wp:term":[{"taxonomy":"category","embeddable":true,"href":"https:\/\/13.com.ar\/index.php\/wp-json\/wp\/v2\/categories?post=47920"},{"taxonomy":"post_tag","embeddable":true,"href":"https:\/\/13.com.ar\/index.php\/wp-json\/wp\/v2\/tags?post=47920"}],"curies":[{"name":"wp","href":"https:\/\/api.w.org\/{rel}","templated":true}]}}