{"id":47914,"date":"2025-08-04T10:39:59","date_gmt":"2025-08-04T13:39:59","guid":{"rendered":"https:\/\/13.com.ar\/index.php\/pilar-policano-la-argentina-de-17-anos-a-la-que-algunos-se-animan-a-llamar-la-martha-argerich-del-violin\/"},"modified":"2025-08-04T10:39:59","modified_gmt":"2025-08-04T13:39:59","slug":"pilar-policano-la-argentina-de-17-anos-a-la-que-algunos-se-animan-a-llamar-la-martha-argerich-del-violin","status":"publish","type":"post","link":"https:\/\/13.com.ar\/index.php\/pilar-policano-la-argentina-de-17-anos-a-la-que-algunos-se-animan-a-llamar-la-martha-argerich-del-violin\/","title":{"rendered":"Pilar Policano, la argentina de 17 a\u00f1os a la que algunos se animan a llamar &#8220;La Martha Argerich del viol\u00edn&#8221;"},"content":{"rendered":"<p> <br \/>\n<\/p>\n<div id=\"cuerpo\">\n<div class=\"sc-45461e9c-0 eqiBeF container-text text-embed \" id=\"element-body-0\">\n<p>Con s\u00f3lo 17 a\u00f1os, un talento descomunal y una mezcla asombrosa de candor y lucidez, la violinista argentina <strong>Pilar Policano <\/strong>lleg\u00f3 a Buenos Aires la semana pasada. La esperan d\u00edas intensos de m\u00fasica y emociones: el martes 5 de agosto a las 19 en la Torre YPF de Puerto Madero y el mi\u00e9rcoles 6, a la misma hora, en el Sal\u00f3n de Actos de la Facultad de Derecho de la UBA (este \u00faltimo <strong>con entrada libre y gratuita<\/strong>) ofrecer\u00e1 dos conciertos en el marco del d\u00e9cimo Festival Konex de M\u00fasica Cl\u00e1sica y dedicados a compositores alemanes, de Bach a Mendelssohn, junto a Estaci\u00f3n Buenos Aires, con direcci\u00f3n de su maestro <strong>Rafael Gintoli<\/strong>.<\/p>\n<\/div>\n<div class=\"sc-45461e9c-0 eqiBeF container-text text-embed \" id=\"element-body-1\">\n<p>Despu\u00e9s de cumplir con compromisos en el exterior, Pilar Policano volver\u00e1 en octubre a su pa\u00eds para tocar el concierto de Chaikovski en Buenos Aires, San Juan y Paran\u00e1, con importantes orquestas y directores. <\/p>\n<\/div>\n<div class=\"sc-45461e9c-0 eqiBeF container-text text-embed \" id=\"element-body-2\">\n<p>Alumna del prestigioso \u201cPerlman Music Program Summer School\u201d (EEUU), donde estudi\u00f3 con Itzhak Perlman y Li Lin, ganadora del Premio &#8220;Arthur-Waser&#8221; 2025, del Grand Prix en el quinto Concurso Internacional Yankelevitch, del primer lugar en la categor\u00eda Junior del Concurso Internacional de San Petersburgo y en Nouvelles \u00c9toiles Par\u00eds 2022, entre muchos otros cert\u00e1menes, Pilar ha dejado hace tiempo la categor\u00eda de promesa del viol\u00edn para transformarse en una milagrosa realidad. <\/p>\n<\/div>\n<div class=\"sc-45461e9c-0 eqiBeF container-text text-embed \" id=\"element-body-3\">\n<p>Al punto que algunos se animan a llamarla<strong> &#8220;La Martha Argerich del viol\u00edn&#8221;<\/strong>. S\u00ed, es enorme y tanto a su familia como a la propia Pilar no le gustan las comparaciones ni que le pongan semejante etiqueta. Lo que s\u00ed vamos a destacar es que hicieron un recorrido inicial parecido, ya que ambas se fueron a estudiar a Viena a la misma edad. El futuro dir\u00e1 el resto..<\/p>\n<\/div>\n<p><h2>La m\u00fasica como juego<\/h2>\n<\/p>\n<div class=\"sc-98b114a2-0 bkqiHH image-embed  image-embed \" id=\"element-body-5\"><picture class=\"sc-98b114a2-1 jRUlDm\"><source media=\"(min-width: 975px)\" width=\"720\" height=\"480\" \/><img fetchpriority=\"high\" alt=\"Con su amado viol\u00edn. Al a\u00f1o y medio, Pilar Policano jugaba a dirigir la Orquesta de Lan\u00fas junto a su madre. La m\u00fasica le entr\u00f3 por lo l\u00fadico. Foto: Fernando de la Orden\" loading=\"eager\" width=\"720\" height=\"480\" decoding=\"async\" data-nimg=\"1\" style=\"color:transparent\" src=\"https:\/\/13.com.ar\/wp-content\/uploads\/2025\/08\/Pilar-Policano-la-argentina-de-17-anos-a-la-que.jpg\"\/><span class=\"epigraphe\">Con su amado viol\u00edn. Al a\u00f1o y medio, Pilar Policano jugaba a dirigir la Orquesta de Lan\u00fas junto a su madre. La m\u00fasica le entr\u00f3 por lo l\u00fadico. Foto: Fernando de la Orden<\/span><span class=\"picture-open\"><button class=\"open-image\" aria-label=\"Open Image\"\/><\/span><\/picture><\/div>\n<div class=\"sc-45461e9c-0 eqiBeF container-text text-embed \" id=\"element-body-6\">\n<p>Si tuviera que traer a la memoria un primer momento asociado con la m\u00fasica, Pilar afirma que no podr\u00eda. Es l\u00f3gico: una foto suya al a\u00f1o y medio, por ejemplo, la muestra \u201cdirigiendo\u201d junto a su mam\u00e1, <strong>Laura Minniti<\/strong>, la Orquesta Escuela de Lan\u00fas, que fue desde el inicio una extensi\u00f3n de su espacio de juego y amistad.<\/p>\n<\/div>\n<div class=\"sc-45461e9c-0 eqiBeF container-text text-embed \" id=\"element-body-7\">\n<p>\u201c<strong>Recuerdo siempre estar rodeada de m\u00fasicos y sobre todo de ni\u00f1os m\u00fasicos<\/strong>\u201d, dice, \u201centonces<strong> para m\u00ed la m\u00fasica nunca fue algo formal ni algo de los grandes, ni algo dif\u00edcil<\/strong>. Porque si el otro ni\u00f1o pod\u00eda, \u00bfpor qu\u00e9 yo no?\u201d. A los seis a\u00f1os y medio empez\u00f3 a tomar clases en esa instituci\u00f3n y enseguida disfrut\u00f3 de todo como de un juego m\u00e1s. O, mejor dicho, del \u00fanico que le interesaba. <\/p>\n<\/div>\n<div class=\"sc-45461e9c-0 eqiBeF container-text text-embed \" id=\"element-body-8\">\n<p>Fue su maestra de la Orquesta Escuela, Carolina Yobanolo, quien la llev\u00f3 a los 11 a\u00f1os a una masterclass con Rafael Gintoli. Enseguida el maestro reconoci\u00f3 la grandeza de Pilar y dijo que deb\u00eda estudiar con \u00e9l. Durante esos tres a\u00f1os el trabajo fue muy intenso, r\u00e1pido y focalizado: \u201cEn un a\u00f1o pasamos del concierto de Haydn al de Sibelius. Y eso fue gracias a \u00e9l y a sus locas ideas, pero que funcionaban\u201d, dice ella.<\/p>\n<\/div>\n<div class=\"sc-98b114a2-0 bkqiHH image-embed  image-embed \" id=\"element-body-9\"><picture class=\"sc-98b114a2-1 jRUlDm\"><source media=\"(min-width: 975px)\" width=\"720\" height=\"480\" \/><img alt=\"Para continuar su carrera, Pilar Policano deb\u00eda irse a estudiar a Viena. Sus padres y su hermano fueron con ella. Pero la madre aclara que fue una decisi\u00f3n de vida &quot;familiar&quot; y no personal de la violinista. Foto: Fernando de la Orden\" loading=\"eager\" width=\"720\" height=\"480\" decoding=\"async\" data-nimg=\"1\" style=\"color:transparent\" src=\"https:\/\/13.com.ar\/wp-content\/uploads\/2025\/08\/1754314799_653_Pilar-Policano-la-argentina-de-17-anos-a-la-que.jpg\"\/><span class=\"epigraphe\">Para continuar su carrera, Pilar Policano deb\u00eda irse a estudiar a Viena. Sus padres y su hermano fueron con ella. Pero la madre aclara que fue una decisi\u00f3n de vida &#8220;familiar&#8221; y no personal de la violinista. Foto: Fernando de la Orden<\/span><span class=\"picture-open\"><button class=\"open-image\" aria-label=\"Open Image\"\/><\/span><\/picture><\/div>\n<div class=\"sc-45461e9c-0 eqiBeF container-text text-embed \" id=\"element-body-10\">\n<p><strong>-M\u00e1s all\u00e1 de lo t\u00e9cnico, \u00bfqu\u00e9 fue lo m\u00e1s importante que te ense\u00f1\u00f3?<\/strong><\/p>\n<\/div>\n<div class=\"sc-45461e9c-0 eqiBeF container-text text-embed \" id=\"element-body-11\">\n<p>-Cuando toca y cuando ense\u00f1a, se nota cu\u00e1nta alegr\u00eda le trae eso, y la contagia a aquellos con los que comparte el escenario. Y tambi\u00e9n que la m\u00fasica no tiene por qu\u00e9 ser algo dif\u00edcil. Eso me inspira muchas veces, porque uno puede pensar que las cosas se pueden complicar, pero el maestro siempre tiene una gran alegr\u00eda.<\/p>\n<\/div>\n<div class=\"sc-45461e9c-0 eqiBeF container-text text-embed \" id=\"element-body-12\">\n<p><strong>-Es curioso, porque \u00e9l tambi\u00e9n ha destacado la alegr\u00eda que transmit\u00eds cuando toc\u00e1s y cuando estudi\u00e1s. Hay mucha gente que toca bien, pero a la que no le gusta estudiar y lo sufre. En este caso, no&#8230;<\/strong><\/p>\n<\/div>\n<div class=\"sc-45461e9c-0 eqiBeF container-text text-embed \" id=\"element-body-13\">\n<p>-No, para nada. La parte de practicar a veces se hace larga porque necesita mucho tiempo, pero me entusiasma mucho el proceso, no solamente presentarlo en el escenario. El proceso de trabajar la m\u00fasica es s\u00faper apasionante, encontrar cosas nuevas, querer hacerlo siempre un poquito mejor. <\/p>\n<\/div>\n<div class=\"sc-45461e9c-0 eqiBeF container-text text-embed \" id=\"element-body-14\">\n<p>Y lleva muchas horas todos los d\u00edas, pero mi cabeza siempre est\u00e1 ah\u00ed, porque as\u00ed quiero que sea. Y, <strong>cuando me voy a dormir, ya quiero que ya sea el otro d\u00eda, porque ya s\u00e9 qu\u00e9 quiero estudiar, qu\u00e9 es lo que tengo que trabajar y mejorar.<\/strong> Y es as\u00ed naturalmente. No es solamente por la disciplina: es que tengo la necesidad de hacerlo.<\/p>\n<\/div>\n<p><h2>Con la familia a Viena<\/h2>\n<\/p>\n<div class=\"sc-98b114a2-0 bkqiHH image-embed  image-embed \" id=\"element-body-16\"><picture class=\"sc-98b114a2-1 jRUlDm\"><source media=\"(min-width: 975px)\" width=\"720\" height=\"480\" \/><img alt=\"En sus conciertos en Buenos Aires, Pilar Policano interpretar\u00e1 m\u00fasica de compositores alemanes, de Bach a Mendelssohn, junto a Estaci\u00f3n Buenos Aires, con direcci\u00f3n de su maestro Rafael Gintoli. Foto: Fernando de la Orden\" loading=\"eager\" width=\"720\" height=\"480\" decoding=\"async\" data-nimg=\"1\" style=\"color:transparent\" src=\"https:\/\/13.com.ar\/wp-content\/uploads\/2025\/08\/1754314799_862_Pilar-Policano-la-argentina-de-17-anos-a-la-que.jpg\"\/><span class=\"epigraphe\">En sus conciertos en Buenos Aires, Pilar Policano interpretar\u00e1 m\u00fasica de compositores alemanes, de Bach a Mendelssohn, junto a Estaci\u00f3n Buenos Aires, con direcci\u00f3n de su maestro Rafael Gintoli. Foto: Fernando de la Orden<\/span><span class=\"picture-open\"><button class=\"open-image\" aria-label=\"Open Image\"\/><\/span><\/picture><\/div>\n<div class=\"sc-45461e9c-0 eqiBeF container-text text-embed \" id=\"element-body-17\">\n<p>Gracias a su determinaci\u00f3n, y con el impulso de su entorno y de Gintoli, <strong>Policano audicion\u00f3 con dos de los maestros m\u00e1s importantes de Europa y pas\u00f3 la prueba en ambos casos<\/strong>.<\/p>\n<\/div>\n<div class=\"sc-45461e9c-0 eqiBeF container-text text-embed \" id=\"element-body-18\">\n<p>El futuro era claro: Pilar deb\u00eda mudarse a Austria para seguir sus estudios con el gran <strong>Boris Kuschnir<\/strong><em> <\/em>en la Universidad de Artes y M\u00fasica de Graz. Pero enseguida la necesidad individual se convirti\u00f3 en un proyecto colectivo.<\/p>\n<\/div>\n<div class=\"sc-45461e9c-0 eqiBeF container-text text-embed \" id=\"element-body-19\">\n<p>\u201cPara nosotros la familia es s\u00faper importante\u201d, dice Laura, su madre. \u201cCreemos que los ni\u00f1os se tienen que desarrollar equilibradamente. Y <strong>no cre\u00edamos que a los catorce a\u00f1os Pilar se tuviera que ir sola, porque iba a ganar en m\u00fasica, pero iba a perder en muchas otras cosas<\/strong>. Y ella tiene que ser una persona equilibrada para crecer en todo. Finalmente, las cosas se fueron dando. Siempre le dijimos que nos \u00edbamos pero no por su decisi\u00f3n personal, sino por nuestra decisi\u00f3n familiar, para que si un d\u00eda decid\u00eda que no quer\u00eda m\u00e1s, eso no le pesara\u201d.<\/p>\n<\/div>\n<div class=\"sc-45461e9c-0 eqiBeF container-text text-embed \" id=\"element-body-20\">\n<p>Con la \u00fanica ayuda de la Beca Gr\u00fcneisen del Mozarteum Argentino (instituci\u00f3n que apoy\u00f3 su desarrollo desde 2021) y unos ahorros, <strong>sin conocer el idioma ni tener contactos all\u00e1, Pilar, sus padres y su hermano se trasladaron a Viena en 2022 para empezar una nueva vida.<\/strong><\/p>\n<\/div>\n<div class=\"sc-98b114a2-0 bkqiHH image-embed  image-embed \" id=\"element-body-21\"><picture class=\"sc-98b114a2-1 jRUlDm\"><source media=\"(min-width: 975px)\" width=\"720\" height=\"480\" \/><img alt=\"Felicidad. Pilar Policano disfruta de estudiar y tocar y esa es la energ\u00eda que transmite en sus conciertos. Foto: Fernando de la Orden\" loading=\"eager\" width=\"720\" height=\"480\" decoding=\"async\" data-nimg=\"1\" style=\"color:transparent\" src=\"https:\/\/13.com.ar\/wp-content\/uploads\/2025\/08\/1754314799_769_Pilar-Policano-la-argentina-de-17-anos-a-la-que.jpg\"\/><span class=\"epigraphe\">Felicidad. Pilar Policano disfruta de estudiar y tocar y esa es la energ\u00eda que transmite en sus conciertos. Foto: Fernando de la Orden<\/span><span class=\"picture-open\"><button class=\"open-image\" aria-label=\"Open Image\"\/><\/span><\/picture><\/div>\n<div class=\"sc-45461e9c-0 eqiBeF container-text text-embed \" id=\"element-body-22\">\n<p>Antes de viajar, Pilar cursaba en una instituci\u00f3n argentina su secundario a distancia, que tiene previsto finalizar a fin de a\u00f1o. En su tiempo libre, recorre salas de concierto y \u00f3pera de la capital austr\u00edaca, lee o escucha m\u00fasica y sale con amigos. <\/p>\n<\/div>\n<div class=\"sc-45461e9c-0 eqiBeF container-text text-embed \" id=\"element-body-23\">\n<p>\u201c<strong>Muchos me preguntan si no siento que me falte algo porque le dedico mucho tiempo a esto, y la verdad es que no<\/strong>. Siento que, por el contrario, tengo mucho m\u00e1s gracias a la m\u00fasica y a todo lo que hago, a todas las actividades, amistades o experiencias que no hubiese tenido si no fuera por esto. Siento que soy muy afortunada\u201d, afirma.<\/p>\n<\/div>\n<div class=\"sc-45461e9c-0 eqiBeF container-text text-embed \" id=\"element-body-24\">\n<p>Al mismo tiempo, <strong>le llama la atenci\u00f3n que amigos de su edad, tambi\u00e9n m\u00fasicos, no consuman m\u00fasica cl\u00e1sica fuera de estudios o conciertos.<\/strong> <\/p>\n<\/div>\n<div class=\"sc-45461e9c-0 eqiBeF container-text text-embed \" id=\"element-body-25\">\n<p>\u201cCuando preguntan \u2018\u00bfqu\u00e9 m\u00fasica ponemos en el auto?\u2019 todos quieren escuchar pop o lo que sea, que est\u00e1 bien para m\u00ed, pero cuando yo propongo escuchar una sinfon\u00eda de Rachmaninov me miran como diciendo \u2018\u00bfc\u00f3mo vas a escuchar m\u00fasica cl\u00e1sica cuando pod\u00e9s evitarlo?\u2019 Y yo no lo entiendo, no lo puedo creer. <strong>Todo el tiempo que no estoy tocando estoy escuchando m\u00fasica cl\u00e1sica<\/strong>\u201d.<\/p>\n<\/div>\n<div class=\"sc-98b114a2-0 bkqiHH image-embed  image-embed \" id=\"element-body-26\"><picture class=\"sc-98b114a2-1 jRUlDm\"><source media=\"(min-width: 975px)\" width=\"720\" height=\"480\" \/><img alt=\"Pilar Policano junto al Papa Francisco, en Praga, en 2023.\" loading=\"eager\" width=\"720\" height=\"480\" decoding=\"async\" data-nimg=\"1\" style=\"color:transparent\" src=\"https:\/\/13.com.ar\/wp-content\/uploads\/2025\/08\/1754314799_670_Pilar-Policano-la-argentina-de-17-anos-a-la-que.jpg\"\/><span class=\"epigraphe\">Pilar Policano junto al Papa Francisco, en Praga, en 2023.<\/span><span class=\"picture-open\"><button class=\"open-image\" aria-label=\"Open Image\"\/><\/span><\/picture><\/div>\n<div class=\"sc-45461e9c-0 eqiBeF container-text text-embed \" id=\"element-body-27\">\n<p><strong>-Estuviste hace unos a\u00f1os con el Papa Francisco en Budapest&#8230;<\/strong><\/p>\n<\/div>\n<div class=\"sc-45461e9c-0 eqiBeF container-text text-embed \" id=\"element-body-28\">\n<p>-S\u00ed, recuerdo que me encantaba escuchar su acento porte\u00f1o exactamente igual al nuestro, que fue muy cercano \u00e9l conmigo, que le gust\u00f3 lo que escuch\u00f3. Estuvo muy amable, me dese\u00f3 lo mejor y fue muy lindo recibirlo de \u00e9l, que fue tan importante.<\/p>\n<\/div>\n<\/div>\n<p><br \/>\n<br \/><a href=\"https:\/\/www.clarin.com\/espectaculos\/pilar-policano-argentina-17-anos-animan-llamar-martha-argerich-violin_0_LwVSSPUFJP.html\">Fuente Clarin.com <\/a><\/p>\n","protected":false},"excerpt":{"rendered":"<p>Con s\u00f3lo 17 a\u00f1os, un talento descomunal y una mezcla asombrosa de candor y lucidez, la violinista argentina Pilar Policano lleg\u00f3 a Buenos Aires la semana pasada. La esperan d\u00edas intensos de m\u00fasica y emociones: el martes 5 de agosto a las 19 en la Torre YPF de Puerto Madero y el mi\u00e9rcoles 6, a [&hellip;]<\/p>\n","protected":false},"author":1,"featured_media":47915,"comment_status":"open","ping_status":"open","sticky":false,"template":"","format":"standard","meta":{"footnotes":""},"categories":[2],"tags":[5521,20418,636,288,20280,100,7521,12723,1155,25314,4212],"class_list":["post-47914","post","type-post","status-publish","format-standard","has-post-thumbnail","hentry","category-ultimas-noticias","tag-algunos","tag-animan","tag-anos","tag-argentina","tag-argerich","tag-del","tag-llamar","tag-martha","tag-pilar","tag-policano","tag-violin"],"_links":{"self":[{"href":"https:\/\/13.com.ar\/index.php\/wp-json\/wp\/v2\/posts\/47914","targetHints":{"allow":["GET"]}}],"collection":[{"href":"https:\/\/13.com.ar\/index.php\/wp-json\/wp\/v2\/posts"}],"about":[{"href":"https:\/\/13.com.ar\/index.php\/wp-json\/wp\/v2\/types\/post"}],"author":[{"embeddable":true,"href":"https:\/\/13.com.ar\/index.php\/wp-json\/wp\/v2\/users\/1"}],"replies":[{"embeddable":true,"href":"https:\/\/13.com.ar\/index.php\/wp-json\/wp\/v2\/comments?post=47914"}],"version-history":[{"count":0,"href":"https:\/\/13.com.ar\/index.php\/wp-json\/wp\/v2\/posts\/47914\/revisions"}],"wp:featuredmedia":[{"embeddable":true,"href":"https:\/\/13.com.ar\/index.php\/wp-json\/wp\/v2\/media\/47915"}],"wp:attachment":[{"href":"https:\/\/13.com.ar\/index.php\/wp-json\/wp\/v2\/media?parent=47914"}],"wp:term":[{"taxonomy":"category","embeddable":true,"href":"https:\/\/13.com.ar\/index.php\/wp-json\/wp\/v2\/categories?post=47914"},{"taxonomy":"post_tag","embeddable":true,"href":"https:\/\/13.com.ar\/index.php\/wp-json\/wp\/v2\/tags?post=47914"}],"curies":[{"name":"wp","href":"https:\/\/api.w.org\/{rel}","templated":true}]}}