{"id":47906,"date":"2025-08-04T10:27:55","date_gmt":"2025-08-04T13:27:55","guid":{"rendered":"https:\/\/13.com.ar\/index.php\/un-avion-choco-con-un-pajaro-destrozo-la-trompa-en-pleno-vuelo-y-tuvo-que-aterrizar-de-emergencia-en-madrid\/"},"modified":"2025-08-04T10:27:55","modified_gmt":"2025-08-04T13:27:55","slug":"un-avion-choco-con-un-pajaro-destrozo-la-trompa-en-pleno-vuelo-y-tuvo-que-aterrizar-de-emergencia-en-madrid","status":"publish","type":"post","link":"https:\/\/13.com.ar\/index.php\/un-avion-choco-con-un-pajaro-destrozo-la-trompa-en-pleno-vuelo-y-tuvo-que-aterrizar-de-emergencia-en-madrid\/","title":{"rendered":"un avi\u00f3n choc\u00f3 con un p\u00e1jaro, destroz\u00f3 la trompa en pleno vuelo y tuvo que aterrizar de emergencia en Madrid"},"content":{"rendered":"<p> <br \/>\n<br \/><img decoding=\"async\" src=\"https:\/\/13.com.ar\/wp-content\/uploads\/2025\/08\/un-avion-choco-con-un-pajaro-destrozo-la-trompa-en.jpg\" \/><\/p>\n<div id=\"element-body-0\">\n<p>Un avi\u00f3n de la compa\u00f1\u00eda Iberia que cubr\u00eda la ruta entre Madrid y Par\u00eds tuvo que volver de manera repentina hacia el aeropuerto de Barajas, de donde minutos antes hab\u00eda despegado con normalidad. \u00bfQu\u00e9 pas\u00f3? Un p\u00e1jaro choc\u00f3 la trompa de la aeronave en pleno vuelo y <strong>le destroz\u00f3 la trompa en pleno vuelo<\/strong>. Por suerte, el imprevisto no trajo mayores consecuencias. No hubo heridos, ni v\u00edctimas fatales. S\u00f3lo el da\u00f1o material del avi\u00f3n.<\/p>\n<\/div>\n<div id=\"element-body-1\">\n<p>Fuentes de la compa\u00f1\u00eda y del control a\u00e9reo confirmaron que la particular situaci\u00f3n a bordo se vivi\u00f3 en el Airbus A321XLR, pasadas las 10 de la ma\u00f1ana de este domingo, cuando el piloto del vuelo 579 solicit\u00f3 de manera imprevista un permiso para regresar al aeropuerto desde donde hab\u00eda partido minutos antes.<\/p>\n<\/div>\n<div id=\"element-body-2\">\n<p>Por el tama\u00f1o del p\u00e1jaro, el piloto cree que se trat\u00f3 de <strong>un buitre<\/strong>. El choque en el aire entre el avi\u00f3n y el ave provoc\u00f3 que el cono frontal del Airbus terminara semidestruido. Oficialmente se inform\u00f3 que el impacto provoc\u00f3 la destrucci\u00f3n de la estructura que protege el radar en la parte frontal del avi\u00f3n.<\/p>\n<\/div>\n<div id=\"element-body-3\">\n<p>\u201cTuvimos que volver a Barajas a aterrizar de emergencia. Todo sali\u00f3 bien. Al parecer, chocamos un ave\u201d, escribi\u00f3 un pasajero en la red social X, quien adem\u00e1s confirm\u00f3 que tras el impacto todos los tripulantes debieron utilizar la m\u00e1scara de ox\u00edgeno. <\/p>\n<\/div>\n<div id=\"element-body-4\">\n<p>Medios espa\u00f1oles reportaron que, luego del choque, los pilotos recibieron un <strong>alerta por posible fuego<\/strong> en uno de sus motores, lo que llev\u00f3 a avisarles a los pasajeros del uso de la m\u00e1scara y al regreso de emergencia tras coordinar con los controladores a\u00e9reos.<\/p>\n<\/div>\n<div id=\"element-body-6\">\n<p>Tras el inconveniente sufrido, la nave pudo regresar y aterrizar de forma segura y controlada, conforme al operativo especial montado por la emergencia. Lo hizo en la pista 32L donde fue recibida por los servicios especiales, indic\u00f3 el diario <em>Heraldo<\/em>. Entre despegue y aterrizaje pasaron 23 minutos.<\/p>\n<\/div>\n<div id=\"element-body-7\">\n<p>Luego de que se evacuara a todos los pasajeros, los t\u00e9cnicos de Iberia confirmaron que el da\u00f1o estructural provocado por la colisi\u00f3n dej\u00f3 al avi\u00f3n &#8220;fuera de servicio&#8221; y listo para &#8220;entrar a reparaciones&#8221;. <\/p>\n<\/div>\n<div id=\"element-body-8\">\n<p>&#8220;En ese momento no pod\u00edamos saber bien qu\u00e9 ocurri\u00f3 porque hab\u00eda mucho humo. Ard\u00edan los ojos y la nariz. Se hizo muy dif\u00edcil poder respirar con normalidad y por eso nos informaron del uso de las mascarillas. Es la primera vez que me pasa algo as\u00ed. Por suerte, Iberia nos reubic\u00f3 en otro vuelo y pudimos llegar bien a Par\u00eds&#8221;, cont\u00f3 otro pasajero en las redes sociales. <\/p>\n<\/div>\n<div id=\"element-body-10\">\n<p>En abril de este a\u00f1o, el Real Aero Club de Espa\u00f1a (RACE) hab\u00eda advertido sobre el riesgo que llevaba para los aviones, la presencia de una gran cantidad de buitres cercano a los aeropuertos. <\/p>\n<\/div>\n<div id=\"element-body-11\">\n<p>Por entonces, les pidieron a las autoridades comunales &#8220;tomar medidas de manera urgente&#8221; para evitar males mayores. <\/p>\n<\/div>\n<div id=\"element-body-13\">\n<p>A principios de abril, el RACE public\u00f3 un extenso informe en el que constata el creciente aumento en los \u00faltimos a\u00f1os de accidentes a\u00e9reos causados por choques entre aeronaves y buitres. El aumento, seg\u00fan el escrito, es atribuido al aumento de la poblaci\u00f3n de buitres en esa zona de Espa\u00f1a. <\/p>\n<\/div>\n<div id=\"element-body-14\">\n<p>&#8220;El RACE hace un llamamiento a las autoridades para que tomen medidas en esta situaci\u00f3n ya que en los \u00faltimos a\u00f1os se ha detectado una alarmante tendencia en Espa\u00f1a: el aumento de la poblaci\u00f3n de buitres, cuyos impactos contra aeronaves tiene consecuencias tr\u00e1gicas&#8221;, dice el informe publicado.<\/p>\n<\/div>\n<div id=\"element-body-15\">\n<p>Y advierte: &#8220;Actualmente, en la comunidad aeron\u00e1utica existe temor a encontrarse en vuelo con un peligro de esta magnitud, y se percibe que las autoridades responsables de la seguridad a\u00e9rea parecen subestimar este riesgo, cuya probabilidad de ocurrencia y severidad aumentar\u00e1 cada vez m\u00e1s&#8221;.<\/p>\n<\/div>\n<p><br \/>\n<br \/><a href=\"https:\/\/www.clarin.com\/internacional\/insolito-avion-choco-pajaro-destrozo-trompa-pleno-vuelo-aterrizar-emergencia-madrid_0_dX5liiejwK.html\">Fuente Clarin.com <\/a><\/p>\n","protected":false},"excerpt":{"rendered":"<p>Un avi\u00f3n de la compa\u00f1\u00eda Iberia que cubr\u00eda la ruta entre Madrid y Par\u00eds tuvo que volver de manera repentina hacia el aeropuerto de Barajas, de donde minutos antes hab\u00eda despegado con normalidad. \u00bfQu\u00e9 pas\u00f3? Un p\u00e1jaro choc\u00f3 la trompa de la aeronave en pleno vuelo y le destroz\u00f3 la trompa en pleno vuelo. Por [&hellip;]<\/p>\n","protected":false},"author":1,"featured_media":47907,"comment_status":"open","ping_status":"open","sticky":false,"template":"","format":"standard","meta":{"footnotes":""},"categories":[2],"tags":[8791,1418,900,18,9980,1551,102,8402,2247,23644,507,3189],"class_list":["post-47906","post","type-post","status-publish","format-standard","has-post-thumbnail","hentry","category-ultimas-noticias","tag-aterrizar","tag-avion","tag-choco","tag-con","tag-destrozo","tag-emergencia","tag-madrid","tag-pajaro","tag-pleno","tag-trompa","tag-tuvo","tag-vuelo"],"_links":{"self":[{"href":"https:\/\/13.com.ar\/index.php\/wp-json\/wp\/v2\/posts\/47906","targetHints":{"allow":["GET"]}}],"collection":[{"href":"https:\/\/13.com.ar\/index.php\/wp-json\/wp\/v2\/posts"}],"about":[{"href":"https:\/\/13.com.ar\/index.php\/wp-json\/wp\/v2\/types\/post"}],"author":[{"embeddable":true,"href":"https:\/\/13.com.ar\/index.php\/wp-json\/wp\/v2\/users\/1"}],"replies":[{"embeddable":true,"href":"https:\/\/13.com.ar\/index.php\/wp-json\/wp\/v2\/comments?post=47906"}],"version-history":[{"count":0,"href":"https:\/\/13.com.ar\/index.php\/wp-json\/wp\/v2\/posts\/47906\/revisions"}],"wp:featuredmedia":[{"embeddable":true,"href":"https:\/\/13.com.ar\/index.php\/wp-json\/wp\/v2\/media\/47907"}],"wp:attachment":[{"href":"https:\/\/13.com.ar\/index.php\/wp-json\/wp\/v2\/media?parent=47906"}],"wp:term":[{"taxonomy":"category","embeddable":true,"href":"https:\/\/13.com.ar\/index.php\/wp-json\/wp\/v2\/categories?post=47906"},{"taxonomy":"post_tag","embeddable":true,"href":"https:\/\/13.com.ar\/index.php\/wp-json\/wp\/v2\/tags?post=47906"}],"curies":[{"name":"wp","href":"https:\/\/api.w.org\/{rel}","templated":true}]}}