{"id":47900,"date":"2025-08-04T10:16:00","date_gmt":"2025-08-04T13:16:00","guid":{"rendered":"https:\/\/13.com.ar\/index.php\/el-mensaje-de-guillermo-montenegro-al-pro-antes-del-cierre-de-alianzas-para-las-elecciones-de-octubre\/"},"modified":"2025-08-04T10:16:00","modified_gmt":"2025-08-04T13:16:00","slug":"el-mensaje-de-guillermo-montenegro-al-pro-antes-del-cierre-de-alianzas-para-las-elecciones-de-octubre","status":"publish","type":"post","link":"https:\/\/13.com.ar\/index.php\/el-mensaje-de-guillermo-montenegro-al-pro-antes-del-cierre-de-alianzas-para-las-elecciones-de-octubre\/","title":{"rendered":"el mensaje de Guillermo Montenegro al PRO antes del cierre de alianzas para las elecciones de octubre"},"content":{"rendered":"<p> <br \/>\n<br \/><img decoding=\"async\" src=\"https:\/\/13.com.ar\/wp-content\/uploads\/2025\/07\/Lo-hago-para-correr-al-kirchnerismo-de-la-Provincia.jpg\" \/><\/p>\n<div id=\"element-body-0\">\n<p><strong>Guillermo Montenegro<\/strong>, que lleg\u00f3 a la intendencia de General Pueyrred\u00f3n con el PRO y ahora candidato a senador provincial por <strong>La Libertad Avanza<\/strong> en Buenos Aires, le mand\u00f3 un fuerte mensaje al partido que preside Mauricio Macri. En medio de nuevas tensiones entre el PRO y LLA, pidi\u00f3 dejar de lado los egos personales y pol\u00edticos a la hora de alcanzar un acuerdo para sellar una alianza electoral con vistas a la elecci\u00f3n de octubre en la Ciudad.<\/p>\n<\/div>\n<div id=\"element-body-1\">\n<p>&#8220;Lo que est\u00e1 en juego en Argentina es peligroso. <strong>Volver al pasado ser\u00eda una calamidad<\/strong>. No podemos permitirnos construcciones pol\u00edticas pensadas en funci\u00f3n de meter un legislador m\u00e1s o un legislador menos. Yo creo que es mucho m\u00e1s importante&#8221;, dijo Montenegro durante una entrevista con <em>Radio Rivadavia.<\/em><\/p>\n<\/div>\n<div id=\"element-body-2\">\n<p>&#8220;Entonces, ojo con los egos personales. Ya nos llevaron a Cristina, a Massa, a Alberto. Todos lo padecimos. Mi posici\u00f3n es frontal y p\u00fablica, lo que digo en p\u00fablico es lo mismo que digo en privado. Pero no solamente por lo que diga yo sino por lo que nos plantea la gente, digo \u2018muchachos, no jodan, no cometan los mismos errores que ya cometieron en el pasado\u2019&#8221;, agreg\u00f3.<\/p>\n<\/div>\n<div id=\"element-body-3\">\n<p>El pedido de Montenegro llega a tres d\u00edas del final del plazo para la inscripci\u00f3n de alianzas para las elecciones de octubre y en medio de la tensi\u00f3n entre el PRO y LLA por lo que suceder\u00e1 en la Ciudad.<\/p>\n<\/div>\n<p><br \/>\n<br \/><a href=\"https:\/\/www.clarin.com\/politica\/muchachos-jodan-mensaje-guillermo-montenegro-pro-cierre-alianzas-elecciones-octubre_0_o1gBpUNMWs.html\">Fuente Clarin.com <\/a><\/p>\n","protected":false},"excerpt":{"rendered":"<p>Guillermo Montenegro, que lleg\u00f3 a la intendencia de General Pueyrred\u00f3n con el PRO y ahora candidato a senador provincial por La Libertad Avanza en Buenos Aires, le mand\u00f3 un fuerte mensaje al partido que preside Mauricio Macri. En medio de nuevas tensiones entre el PRO y LLA, pidi\u00f3 dejar de lado los egos personales y [&hellip;]<\/p>\n","protected":false},"author":1,"featured_media":44697,"comment_status":"open","ping_status":"open","sticky":false,"template":"","format":"standard","meta":{"footnotes":""},"categories":[2],"tags":[11289,733,967,100,404,3520,48,211,16343,9511,16,1111],"class_list":["post-47900","post","type-post","status-publish","format-standard","has-post-thumbnail","hentry","category-ultimas-noticias","tag-alianzas","tag-antes","tag-cierre","tag-del","tag-elecciones","tag-guillermo","tag-las","tag-mensaje","tag-montenegro","tag-octubre","tag-para","tag-pro"],"_links":{"self":[{"href":"https:\/\/13.com.ar\/index.php\/wp-json\/wp\/v2\/posts\/47900","targetHints":{"allow":["GET"]}}],"collection":[{"href":"https:\/\/13.com.ar\/index.php\/wp-json\/wp\/v2\/posts"}],"about":[{"href":"https:\/\/13.com.ar\/index.php\/wp-json\/wp\/v2\/types\/post"}],"author":[{"embeddable":true,"href":"https:\/\/13.com.ar\/index.php\/wp-json\/wp\/v2\/users\/1"}],"replies":[{"embeddable":true,"href":"https:\/\/13.com.ar\/index.php\/wp-json\/wp\/v2\/comments?post=47900"}],"version-history":[{"count":0,"href":"https:\/\/13.com.ar\/index.php\/wp-json\/wp\/v2\/posts\/47900\/revisions"}],"wp:featuredmedia":[{"embeddable":true,"href":"https:\/\/13.com.ar\/index.php\/wp-json\/wp\/v2\/media\/44697"}],"wp:attachment":[{"href":"https:\/\/13.com.ar\/index.php\/wp-json\/wp\/v2\/media?parent=47900"}],"wp:term":[{"taxonomy":"category","embeddable":true,"href":"https:\/\/13.com.ar\/index.php\/wp-json\/wp\/v2\/categories?post=47900"},{"taxonomy":"post_tag","embeddable":true,"href":"https:\/\/13.com.ar\/index.php\/wp-json\/wp\/v2\/tags?post=47900"}],"curies":[{"name":"wp","href":"https:\/\/api.w.org\/{rel}","templated":true}]}}