{"id":47839,"date":"2025-08-04T06:54:56","date_gmt":"2025-08-04T09:54:56","guid":{"rendered":"https:\/\/13.com.ar\/index.php\/la-restauracion-que-respeta-la-historia-y-la-fecha-de-la-reinauguracion\/"},"modified":"2025-08-04T06:54:56","modified_gmt":"2025-08-04T09:54:56","slug":"la-restauracion-que-respeta-la-historia-y-la-fecha-de-la-reinauguracion","status":"publish","type":"post","link":"https:\/\/13.com.ar\/index.php\/la-restauracion-que-respeta-la-historia-y-la-fecha-de-la-reinauguracion\/","title":{"rendered":"la restauraci\u00f3n que respeta la historia y la fecha de la reinauguraci\u00f3n"},"content":{"rendered":"<p> <br \/>\n<br \/><img decoding=\"async\" src=\"https:\/\/13.com.ar\/wp-content\/uploads\/2025\/08\/la-restauracion-que-respeta-la-historia-y-la-fecha-de.jpg\" \/><\/p>\n<div id=\"element-body-0\">\n<p>Cuando las persianas del Bar Plaza Dorrego bajaron, por marzo de 2023, una parte del alma de San Telmo qued\u00f3 en pausa. Ubicado en la esquina de <strong>Defensa y Humberto Primo,<\/strong> frente a la Plaza Dorrego, el bar notable m\u00e1s antiguo de la zona cerr\u00f3 sin anuncio, sin despedida, y dej\u00f3 un silencio inc\u00f3modo entre los vecinos, turistas y habitu\u00e9s que lo frecuentaban. Pero ese silencio est\u00e1 por romperse: <strong>el Dorrego se prepara para volver a abrir sus puertas.<\/strong><\/p>\n<\/div>\n<div id=\"element-body-1\">\n<p>\u201cSeguramente ser\u00e1 en septiembre, pero a\u00fan sin fecha cierta\u201d, adelant\u00f3 Pablo Dur\u00e1n, el nuevo responsable del lugar, a <strong>Clar\u00edn<\/strong>. La reapertura es una buena noticia no s\u00f3lo para los fan\u00e1ticos del caf\u00e9 y las medialunas, sino tambi\u00e9n para quienes encuentran en ese bar una conexi\u00f3n viva con la historia cultural de Buenos Aires. Porque el Dorrego no es un bar m\u00e1s: es un testigo privilegiado de casi un siglo de <strong>encuentros, charlas, literatura y tango.<\/strong><\/p>\n<\/div>\n<div id=\"element-body-3\">\n<p>All\u00ed, seg\u00fan cuentan quienes lo frecuentaron desde siempre, se cruzaron <strong>Jorge Luis Borges y Ernesto Sabato,<\/strong> dos nombres gigantes de la literatura argentina. Tambi\u00e9n pas\u00f3 por ah\u00ed Joan Manuel Serrat, cuando todav\u00eda no era del todo famoso. Y el esp\u00edritu del tango se cuela entre las mesas de m\u00e1rmol y las sillas de madera desde tiempos inmemoriales.<\/p>\n<\/div>\n<div id=\"element-body-4\">\n<p>El bar fue fundado en 1920 y tuvo distintos nombres hasta que adopt\u00f3 el que lo hizo c\u00e9lebre, Dorrego, a fines de la d\u00e9cada del 40. En 2015, fue restaurado para devolverle parte de su esplendor original. La idea era protegerlo como patrimonio y convertirlo en una vidriera de la identidad porte\u00f1a.<\/p>\n<\/div>\n<div id=\"element-body-5\">\n<p>Desde entonces, el Dorrego funcionaba bajo una concesi\u00f3n privada. Fue sede de charlas literarias, conciertos \u00edntimos, ferias editoriales y, por supuesto, refugio de vecinos y turistas. <strong>Hasta que un d\u00eda, sin previo aviso, cerr\u00f3.<\/strong><\/p>\n<\/div>\n<div id=\"element-body-8\">\n<p>El cierre fue abrupto. Muchos se enteraron por las persianas bajas. Otros, por los carteles en las ventanas. Y la pregunta se repiti\u00f3 en los alrededores: \u00bfQu\u00e9 pas\u00f3 con el Dorrego? Durante meses no hubo respuestas claras. Algunas versiones hablaban de problemas con la concesi\u00f3n; otras, de decisiones administrativas.<\/p>\n<\/div>\n<div id=\"element-body-9\">\n<p>En ese contexto, l<strong>a noticia de la reapertura gener\u00f3 entusiasmo.<\/strong> Pablo Dur\u00e1n, quien ya administra el restaurante El Federal y otros bares notables, se hizo cargo y anticipa que la idea es <strong>respetar la identidad del Dorrego<\/strong>: mantener la ambientaci\u00f3n original, conservar las pr\u00e1cticas tradicionales del caf\u00e9 porte\u00f1o y devolverle al bar su rol de espacio cultural.<\/p>\n<\/div>\n<div id=\"element-body-11\">\n<p>&#8220;<strong>El Dorrego va a volver a ser lo que fue<\/strong>: un lugar de encuentro, con una carta simple pero cuidada, con caf\u00e9, medialunas, copas y picadas&#8221;, se\u00f1ala Dur\u00e1n. Y agrega que uno de los desaf\u00edos ser\u00e1 volver a conectar con los vecinos del barrio, que son quienes le dan vida al lugar m\u00e1s all\u00e1 del atractivo tur\u00edstico.<\/p>\n<\/div>\n<div id=\"element-body-12\">\n<p>Pero la puesta en valor del bar no fue sencilla ni r\u00e1pida. \u201cHubo que hacer muchas redes. La estructura estaba detenida en el tiempo de hace 40 a\u00f1os, no se le gast\u00f3 un peso nunca\u201d, cuenta Dur\u00e1n. \u201cEntonces hubo que hacer instalaci\u00f3n el\u00e9ctrica nueva, instalaci\u00f3n de gas nueva, no ten\u00eda cocina, tuvimos que hacer <strong>los ba\u00f1os nuevos, una cocina nueva.<\/strong> Se desarm\u00f3 toda la barra, todos los muebles de madera, todo se lo llev\u00f3, se lo guard\u00f3 en un galp\u00f3n y se hizo toda la parte civil de infraestructura: gas, agua, luz, una cocina nueva, ba\u00f1os nuevos. Y despu\u00e9s se volvi\u00f3 a traer todo y montarlo de vuelta.\u201d<\/p>\n<\/div>\n<div id=\"element-body-13\">\n<p>El proceso fue largo porque, adem\u00e1s de poner el espacio en condiciones para su funcionamiento, la intenci\u00f3n fue<strong> preservar su esencia.<\/strong> \u201cTodo el aspecto del mobiliario del negocio va a quedar original como estaba. Se lo est\u00e1 reparando, pero dentro de toda su originalidad. No se cambi\u00f3 absolutamente nada, se est\u00e1 restaurando, poniendo en valor todo. <strong>Vas a entrar y vas a ver todo como era. Pero con un negocio que funcione<\/strong>, que va a tener ba\u00f1os como la gente, una cocina como la gente, va a poder hacer una propuesta gastron\u00f3mica\u201d, explica Dur\u00e1n. Y reconoce: \u201cNo es lo mismo que hacer una obra nueva, lleva mucho m\u00e1s tiempo, hay que trabajar con personal muy especializado y se tarda. Pero bueno, estamos tratando de ver si podemos<strong> abrir ya entre septiembre y los primeros d\u00edas de octubre\u201d.<\/strong><\/p>\n<\/div>\n<p><br \/>\n<br \/><a href=\"https:\/\/www.clarin.com\/ciudades\/bar-clasico-san-telmo-cerca-reabrir-restauracion-respeta-historia-fecha-reinauguracion_0_CILPeiYWiM.html\">Fuente Clarin.com <\/a><\/p>\n","protected":false},"excerpt":{"rendered":"<p>Cuando las persianas del Bar Plaza Dorrego bajaron, por marzo de 2023, una parte del alma de San Telmo qued\u00f3 en pausa. Ubicado en la esquina de Defensa y Humberto Primo, frente a la Plaza Dorrego, el bar notable m\u00e1s antiguo de la zona cerr\u00f3 sin anuncio, sin despedida, y dej\u00f3 un silencio inc\u00f3modo entre [&hellip;]<\/p>\n","protected":false},"author":1,"featured_media":47840,"comment_status":"open","ping_status":"open","sticky":false,"template":"","format":"standard","meta":{"footnotes":""},"categories":[2],"tags":[1946,1329,25302,10081,14890],"class_list":["post-47839","post","type-post","status-publish","format-standard","has-post-thumbnail","hentry","category-ultimas-noticias","tag-fecha","tag-historia","tag-reinauguracion","tag-respeta","tag-restauracion"],"_links":{"self":[{"href":"https:\/\/13.com.ar\/index.php\/wp-json\/wp\/v2\/posts\/47839","targetHints":{"allow":["GET"]}}],"collection":[{"href":"https:\/\/13.com.ar\/index.php\/wp-json\/wp\/v2\/posts"}],"about":[{"href":"https:\/\/13.com.ar\/index.php\/wp-json\/wp\/v2\/types\/post"}],"author":[{"embeddable":true,"href":"https:\/\/13.com.ar\/index.php\/wp-json\/wp\/v2\/users\/1"}],"replies":[{"embeddable":true,"href":"https:\/\/13.com.ar\/index.php\/wp-json\/wp\/v2\/comments?post=47839"}],"version-history":[{"count":0,"href":"https:\/\/13.com.ar\/index.php\/wp-json\/wp\/v2\/posts\/47839\/revisions"}],"wp:featuredmedia":[{"embeddable":true,"href":"https:\/\/13.com.ar\/index.php\/wp-json\/wp\/v2\/media\/47840"}],"wp:attachment":[{"href":"https:\/\/13.com.ar\/index.php\/wp-json\/wp\/v2\/media?parent=47839"}],"wp:term":[{"taxonomy":"category","embeddable":true,"href":"https:\/\/13.com.ar\/index.php\/wp-json\/wp\/v2\/categories?post=47839"},{"taxonomy":"post_tag","embeddable":true,"href":"https:\/\/13.com.ar\/index.php\/wp-json\/wp\/v2\/tags?post=47839"}],"curies":[{"name":"wp","href":"https:\/\/api.w.org\/{rel}","templated":true}]}}