{"id":47837,"date":"2025-08-04T06:51:58","date_gmt":"2025-08-04T09:51:58","guid":{"rendered":"https:\/\/13.com.ar\/index.php\/el-abogado-que-mato-drogado-va-a-juicio-por-jurados-y-sigue-preso\/"},"modified":"2025-08-04T06:51:58","modified_gmt":"2025-08-04T09:51:58","slug":"el-abogado-que-mato-drogado-va-a-juicio-por-jurados-y-sigue-preso","status":"publish","type":"post","link":"https:\/\/13.com.ar\/index.php\/el-abogado-que-mato-drogado-va-a-juicio-por-jurados-y-sigue-preso\/","title":{"rendered":"El abogado que mat\u00f3 drogado va a juicio por jurados y sigue preso"},"content":{"rendered":"<p> <br \/>\n<\/p>\n<div id=\"cuerpo\">\n<div class=\"sc-45461e9c-0 eqiBeF container-text text-embed \" id=\"element-body-0\">\n<p><strong>Stella Rosso (76) <\/strong>sobrevive cada d\u00eda. Su yerno <strong>Juan Manuel Rold\u00e1n (43)<\/strong>, lo mismo. Los mantiene con un hilo de fuerza el reclamo para que se haga justicia por la tr\u00e1gica muerte de la m\u00e9dica <strong>Ana Carolina Fiorino (41)<\/strong>, hija de Stella y pareja de Juan), ocurrida el 10 de agosto pasado en <strong>La Plata<\/strong>.<\/p>\n<\/div>\n<div class=\"sc-45461e9c-0 eqiBeF container-text text-embed \" id=\"element-body-1\">\n<p>Aquella ma\u00f1ana, la mujer iba como acompa\u00f1ante del ex polic\u00eda en un Nissan March, de regreso a Pergamino, cuando los choc\u00f3 un Renault Clio apenas cruzaron la avenida 7, por la calle 49, en pleno centro.<\/p>\n<\/div>\n<div class=\"sc-45461e9c-0 eqiBeF container-text text-embed \" id=\"element-body-2\">\n<p>El que manejaba el Clio era <strong>Rodrigo Maximiliano Insaurralde (42)<\/strong>. Iba a 110 kil\u00f3metros por hora, cruzando sem\u00e1foros en rojo. En su indagatoria, admiti\u00f3 que hab\u00eda consumido coca\u00edna, vino y clonazepam, pero dijo que no recordaba nada del momento de la tragedia.<\/p>\n<\/div>\n<div class=\"sc-c2c2a3c6-0 ecgiEX border-video video-embed horizontal border-video video-embed horizontal\" id=\"element-body-3\">\n<div class=\"sc-c2c2a3c6-1 kQhBlc videoText videoText\">\n<h2>Video<\/h2>\n<p>El hecho ocurri\u00f3 en la intersecci\u00f3n de la avenida 7 y 49, a pocos metros del Museo de Arte Contempor\u00e1neo Latinoamericano, y dej\u00f3 varias personas heridas.<\/p>\n<\/div>\n<\/div>\n<div class=\"sc-45461e9c-0 eqiBeF container-text text-embed \" id=\"element-body-4\">\n<p>El abogado y broker inmobiliario, que trabajaba en una importante constructora y cerr\u00f3 todos sus perfiles en las redes sociales, ir\u00e1 a juicio por jurados, el cual ser\u00e1 presidido por la jueza Carolina Crispiani, del Tribunal Oral en lo Criminal (TOC) N\u00b0 4 de La Plata.<\/p>\n<\/div>\n<div class=\"sc-45461e9c-0 eqiBeF container-text text-embed \" id=\"element-body-5\">\n<p>Est\u00e1 imputado por &#8220;<em>homicidio simple con dolo eventua<\/em>l&#8221;, que tiene una pena prevista de 8 a 25 a\u00f1os de c\u00e1rcel.<\/p>\n<\/div>\n<div class=\"sc-45461e9c-0 eqiBeF container-text text-embed \" id=\"element-body-6\">\n<p>La investigaci\u00f3n del caso estuvo a cargo del fiscal Carlos Vercellone (UFI N\u00b0 10) y del juez Agust\u00edn Crispo.<\/p>\n<\/div>\n<p><h2>El abogado sigue detenido<\/h2>\n<\/p>\n<div class=\"sc-45461e9c-0 eqiBeF container-text text-embed \" id=\"element-body-8\">\n<p>Insaurralde sigue detenido, a pesar del pedido de su defensa, a cargo de Nicanor Mar\u00eda Garganta (hijo del ex fiscal \u00c1lvaro Garganta) y Micaela Bel\u00e9n Vivas, para que le concedieran el arresto domiciliario y que alivien la calificaci\u00f3n legal, ya que consideran que no hubo dolo ni intenci\u00f3n de matar.<\/p>\n<\/div>\n<div class=\"sc-98b114a2-0 bkqiHH image-embed  image-embed \" id=\"element-body-9\"><picture class=\"sc-98b114a2-1 jRUlDm\"><source media=\"(min-width: 975px)\" width=\"720\" height=\"480\" \/><img fetchpriority=\"high\" alt=\"El abogado Maximiliano Insaurralde (41) choc\u00f3 y mat\u00f3 tras cruzar en rojo en La Plata.\" loading=\"eager\" width=\"720\" height=\"480\" decoding=\"async\" data-nimg=\"1\" style=\"color:transparent\" src=\"https:\/\/13.com.ar\/wp-content\/uploads\/2025\/08\/El-abogado-que-mato-drogado-va-a-juicio-por-jurados.jpg\"\/><span class=\"epigraphe\">El abogado Maximiliano Insaurralde (41) choc\u00f3 y mat\u00f3 tras cruzar en rojo en La Plata.<\/span><span class=\"picture-open\"><button class=\"open-image\" aria-label=\"Open Image\"\/><\/span><\/picture><\/div>\n<div class=\"sc-45461e9c-0 eqiBeF container-text text-embed \" id=\"element-body-10\">\n<p>Est\u00e1 alojado en la Unidad N\u00b0 22 de Lisandro Olmos. Seg\u00fan un informe al que accedi\u00f3 <strong>Clar\u00edn<\/strong>, &#8220;<em>deambula con asistencia de muletas<\/em>&#8221; y contin\u00faa con &#8220;<em>controles por Consultorio Externo de Traumatolog\u00eda de Hospital San Mart\u00edn de La Plata<\/em>&#8220;, a ra\u00edz de las lesiones sufridas en el choque.<\/p>\n<\/div>\n<div class=\"sc-45461e9c-0 eqiBeF container-text text-embed \" id=\"element-body-11\">\n<p>&#8220;<em>Sufro una adicci\u00f3n a la coca\u00edna hace muchos a\u00f1os<\/em>&#8220;, afirm\u00f3 Insaurralde, quien expres\u00f3 que todo comenz\u00f3 en 2008, cuando tocaba la guitarra en una banda de rock. Agreg\u00f3 que la noche previa cen\u00f3 con un amigo, con el que ingiri\u00f3 esa droga, y que a eso de las 3 de la madrugada se fue a su casa, donde tom\u00f3 una pastilla de clonazepam.<\/p>\n<\/div>\n<div class=\"sc-98b114a2-0 bkqiHH image-embed  image-embed \" id=\"element-body-12\"><picture class=\"sc-98b114a2-1 jRUlDm\"><source media=\"(min-width: 975px)\" width=\"720\" height=\"480\" \/><img alt=\"Los autos, tras el impacto fatal. Foto 0221\" loading=\"eager\" width=\"720\" height=\"480\" decoding=\"async\" data-nimg=\"1\" style=\"color:transparent\" src=\"https:\/\/13.com.ar\/wp-content\/uploads\/2025\/08\/1754301118_918_El-abogado-que-mato-drogado-va-a-juicio-por-jurados.jpg\"\/><span class=\"epigraphe\">Los autos, tras el impacto fatal. Foto 0221<\/span><span class=\"picture-open\"><button class=\"open-image\" aria-label=\"Open Image\"\/><\/span><\/picture><\/div>\n<div class=\"sc-45461e9c-0 eqiBeF container-text text-embed \" id=\"element-body-13\">\n<p>Termin\u00f3 internado en el Hospital San Mart\u00edn, con fracturas en la cadera y una mano. Lo operaron dos veces. Rold\u00e1n tambi\u00e9n, con lesiones graves de las que se recuper\u00f3, pero no las del alma.<\/p>\n<\/div>\n<div class=\"sc-45461e9c-0 eqiBeF container-text text-embed \" id=\"element-body-14\">\n<p>&#8220;Hoy lo que me duele es el coraz\u00f3n, pero tras el choque f\u00edsicamente no puedo ver bien. El ojo se me hab\u00eda salido, ten\u00eda medio cerebro afuera, perd\u00ed l\u00edquido cefalorraquideo, ten\u00eda el brazo derecho desarmado por completo, la pierna derecha tambi\u00e9n. Ahora camino medio de costado y encima no veo&#8221;, le cont\u00f3 a <strong>Clar\u00edn<\/strong>.<\/p>\n<\/div>\n<p><h2>La ma\u00f1ana de la tragedia<\/h2>\n<\/p>\n<div class=\"sc-45461e9c-0 eqiBeF container-text text-embed \" id=\"element-body-16\">\n<p>Aquella ma\u00f1ana del 10 de agosto, la pareja se hab\u00eda levantado temprano para volver a Pergamino. Juan era de llevar a todos lados a Ana. Hab\u00edan ido a Buenos Aires porque ella ten\u00eda un curso de est\u00e9tica. Era m\u00e9dica cl\u00ednica, forense y legista. Siempre buscaba capacitarse. Como trabajaba para el Ministerio de Seguridad bonaerense, era m\u00e1s econ\u00f3mico pasar la noche en el hotel del C\u00edrculo Policial, en La Plata.<\/p>\n<\/div>\n<div class=\"sc-98b114a2-0 bkqiHH image-embed  image-embed \" id=\"element-body-17\"><picture class=\"sc-98b114a2-1 jRUlDm\"><source media=\"(min-width: 975px)\" width=\"720\" height=\"480\" \/><img alt=\"Las im\u00e1genes del auto que conduc\u00eda Maximiliano Insaurralde en La Plata. Cruz\u00f3 en rojo dos sem\u00e1foros.\" loading=\"eager\" width=\"720\" height=\"480\" decoding=\"async\" data-nimg=\"1\" style=\"color:transparent\" src=\"https:\/\/13.com.ar\/wp-content\/uploads\/2025\/08\/1754301118_831_El-abogado-que-mato-drogado-va-a-juicio-por-jurados.jpg\"\/><span class=\"epigraphe\">Las im\u00e1genes del auto que conduc\u00eda Maximiliano Insaurralde en La Plata. Cruz\u00f3 en rojo dos sem\u00e1foros.<\/span><span class=\"picture-open\"><button class=\"open-image\" aria-label=\"Open Image\"\/><\/span><\/picture><\/div>\n<div class=\"sc-45461e9c-0 eqiBeF container-text text-embed \" id=\"element-body-18\">\n<p>Se hab\u00eda conocido con Fiorino en 2010, cuando \u00e9l trabajaba en la comisar\u00eda 1ra. de Pergamino y ella estaba en la Polic\u00eda Cient\u00edfica.<\/p>\n<\/div>\n<div class=\"sc-45461e9c-0 eqiBeF container-text text-embed \" id=\"element-body-19\">\n<p>El agente resultar\u00eda herido de bala en un acto de servicio y se jubil\u00f3 para dedicarse &#8220;tiempo completo a ella&#8221;.<\/p>\n<\/div>\n<div class=\"sc-45461e9c-0 eqiBeF container-text text-embed \" id=\"element-body-20\">\n<p>Su suegra, Stella, no dej\u00f3 de acompa\u00f1arlo en este casi a\u00f1o de dolor. Se dan fuerzas mutuamente, aunque hay momentos en que no quieren m\u00e1s. Los representan los abogados Agust\u00edn Rodr\u00edguez, su hijo Lautaro y An\u00edbal Mathis.<\/p>\n<\/div>\n<div class=\"sc-98b114a2-0 bkqiHH image-embed  image-embed \" id=\"element-body-21\"><picture class=\"sc-98b114a2-1 jRUlDm\"><source media=\"(min-width: 975px)\" width=\"720\" height=\"480\" \/><img alt=\"Ana Carolina Fiorino, en un viaje en la Patagonia, su destino predilecto, con su pareja y su mam\u00e1.\" loading=\"eager\" width=\"720\" height=\"480\" decoding=\"async\" data-nimg=\"1\" style=\"color:transparent\" src=\"https:\/\/13.com.ar\/wp-content\/uploads\/2025\/08\/1754301118_904_El-abogado-que-mato-drogado-va-a-juicio-por-jurados.jpg\"\/><span class=\"epigraphe\">Ana Carolina Fiorino, en un viaje en la Patagonia, su destino predilecto, con su pareja y su mam\u00e1.<\/span><span class=\"picture-open\"><button class=\"open-image\" aria-label=\"Open Image\"\/><\/span><\/picture><\/div>\n<div class=\"sc-45461e9c-0 eqiBeF container-text text-embed \" id=\"element-body-22\">\n<p>Consultada por <strong>Clar\u00edn<\/strong> este domingo, la mam\u00e1 de Ana respondi\u00f3: &#8220;Ac\u00e1 estoy, la salud se va deteriorando d\u00eda a d\u00eda. Lo \u00fanico que me mantiene firme es llegar a juicio para que mi hija tenga justicia. Es una agon\u00eda eterna, y no lo puedo superar&#8221;.<\/p>\n<\/div>\n<p><h2>Una familia sacudida por los golpes<\/h2>\n<\/p>\n<div class=\"sc-45461e9c-0 eqiBeF container-text text-embed \" id=\"element-body-24\">\n<p>La mujer perdi\u00f3 a su marido y a otro hijo en otras tragedias. <strong>Su hijo mayor, Marcelo, muri\u00f3 a los 25 a\u00f1os, en agosto de 1999<\/strong>, tras chocar su auto contra una columna, en la entrada de Pergamino. &#8220;Fue por mala praxis&#8221;, advirti\u00f3, ya que el joven sufri\u00f3 el estallido del bazo, los m\u00e9dicos no lo advirtieron y falleci\u00f3.<\/p>\n<\/div>\n<div class=\"sc-45461e9c-0 eqiBeF container-text text-embed \" id=\"element-body-25\">\n<p>En <strong>octubre de 2014, Horacio Antonio Fiorino (69), esposo de Stella, que era viajante, se mat\u00f3 al chocar<\/strong> su Renault Megane modelo &#8217;98 contra un tren en la ruta nacional 178, en el cruce de Alcorta, provincia de Santa Fe, cuando volv\u00eda a Pergamino de ver a un cliente. La lluvia torrencial le impidi\u00f3 ver la formaci\u00f3n y se estrell\u00f3 contra el tercer vag\u00f3n.<\/p>\n<\/div>\n<div class=\"sc-98b114a2-0 bkqiHH image-embed  image-embed \" id=\"element-body-26\"><picture class=\"sc-98b114a2-1 jRUlDm\"><source media=\"(min-width: 975px)\" width=\"720\" height=\"480\" \/><img alt=\"El Renault Megane en el que iba Horacio Fiorino (69), que se mat\u00f3 al chocar un tren en el cruce de Alcorta. Foto El Grito Monumental\" loading=\"eager\" width=\"720\" height=\"480\" decoding=\"async\" data-nimg=\"1\" style=\"color:transparent\" src=\"https:\/\/13.com.ar\/wp-content\/uploads\/2025\/08\/1754301118_132_El-abogado-que-mato-drogado-va-a-juicio-por-jurados.jpg\"\/><span class=\"epigraphe\">El Renault Megane en el que iba Horacio Fiorino (69), que se mat\u00f3 al chocar un tren en el cruce de Alcorta. Foto El Grito Monumental<\/span><span class=\"picture-open\"><button class=\"open-image\" aria-label=\"Open Image\"\/><\/span><\/picture><\/div>\n<div class=\"sc-45461e9c-0 eqiBeF container-text text-embed \" id=\"element-body-27\">\n<p>&#8220;Mi hija era todo para m\u00ed. Realmente la ausencia me mata, me mata. Es la tristeza infinita, la angustia constante, es perder la fuerza. Juan est\u00e1 un poco mejor ahora, pero est\u00e1 m\u00e1s tratado. Con perder a mi hija se me fue la vida, no hay motivos para seguir viviendo&#8221;, cerr\u00f3 Stella.<\/p>\n<\/div>\n<\/div>\n<p><br \/>\n<br \/><a href=\"https:\/\/www.clarin.com\/sociedad\/abogado-mato-drogado-va-juicio-jurados-sigue-preso_0_uluOVZSgpu.html\">Fuente Clarin.com <\/a><\/p>\n","protected":false},"excerpt":{"rendered":"<p>Stella Rosso (76) sobrevive cada d\u00eda. Su yerno Juan Manuel Rold\u00e1n (43), lo mismo. Los mantiene con un hilo de fuerza el reclamo para que se haga justicia por la tr\u00e1gica muerte de la m\u00e9dica Ana Carolina Fiorino (41), hija de Stella y pareja de Juan), ocurrida el 10 de agosto pasado en La Plata. [&hellip;]<\/p>\n","protected":false},"author":1,"featured_media":47838,"comment_status":"open","ping_status":"open","sticky":false,"template":"","format":"standard","meta":{"footnotes":""},"categories":[2],"tags":[1242,19963,1246,19363,1384,142,1909,837],"class_list":["post-47837","post","type-post","status-publish","format-standard","has-post-thumbnail","hentry","category-ultimas-noticias","tag-abogado","tag-drogado","tag-juicio","tag-jurados","tag-mato","tag-por","tag-preso","tag-sigue"],"_links":{"self":[{"href":"https:\/\/13.com.ar\/index.php\/wp-json\/wp\/v2\/posts\/47837","targetHints":{"allow":["GET"]}}],"collection":[{"href":"https:\/\/13.com.ar\/index.php\/wp-json\/wp\/v2\/posts"}],"about":[{"href":"https:\/\/13.com.ar\/index.php\/wp-json\/wp\/v2\/types\/post"}],"author":[{"embeddable":true,"href":"https:\/\/13.com.ar\/index.php\/wp-json\/wp\/v2\/users\/1"}],"replies":[{"embeddable":true,"href":"https:\/\/13.com.ar\/index.php\/wp-json\/wp\/v2\/comments?post=47837"}],"version-history":[{"count":0,"href":"https:\/\/13.com.ar\/index.php\/wp-json\/wp\/v2\/posts\/47837\/revisions"}],"wp:featuredmedia":[{"embeddable":true,"href":"https:\/\/13.com.ar\/index.php\/wp-json\/wp\/v2\/media\/47838"}],"wp:attachment":[{"href":"https:\/\/13.com.ar\/index.php\/wp-json\/wp\/v2\/media?parent=47837"}],"wp:term":[{"taxonomy":"category","embeddable":true,"href":"https:\/\/13.com.ar\/index.php\/wp-json\/wp\/v2\/categories?post=47837"},{"taxonomy":"post_tag","embeddable":true,"href":"https:\/\/13.com.ar\/index.php\/wp-json\/wp\/v2\/tags?post=47837"}],"curies":[{"name":"wp","href":"https:\/\/api.w.org\/{rel}","templated":true}]}}