{"id":4783,"date":"2025-02-14T06:21:29","date_gmt":"2025-02-14T09:21:29","guid":{"rendered":"https:\/\/13.com.ar\/index.php\/bajo-intensas-negociaciones-secretas-ariel-lijo-hace-correr-que-ya-tiene-los-votos-en-el-senado\/"},"modified":"2025-02-14T06:21:29","modified_gmt":"2025-02-14T09:21:29","slug":"bajo-intensas-negociaciones-secretas-ariel-lijo-hace-correr-que-ya-tiene-los-votos-en-el-senado","status":"publish","type":"post","link":"https:\/\/13.com.ar\/index.php\/bajo-intensas-negociaciones-secretas-ariel-lijo-hace-correr-que-ya-tiene-los-votos-en-el-senado\/","title":{"rendered":"bajo intensas negociaciones secretas, Ariel Lijo hace correr que ya tiene los votos en el Senado"},"content":{"rendered":"<p> <br \/>\n<\/p>\n<div id=\"cuerpo\">\n<div class=\"sc-80531b6b-0 chRIGJ container-text text-embed\">\n<p>Las negociaciones pol\u00edticas suelen ser subterr\u00e1neas, pero la del pliego de Ariel Lijo para la Corte Suprema de Justicia asoma con un<strong> grado de reserva in\u00e9dito<\/strong>. Ni siquiera entre compa\u00f1eros de una misma bancada se muestran las cartas. <\/p>\n<\/div>\n<div class=\"sc-80531b6b-0 chRIGJ container-text text-embed\">\n<p>Esta semana, por ejemplo, y cuando el dictamen de la comisi\u00f3n de Acuerdos del Senado estaba a punto de hacerse p\u00fablico, la tucumana <strong>Beatriz \u00c1vila<\/strong> blanque\u00f3 con sus pares del PRO:<strong> \u201cQuiero contarles que firm\u00e9 el despacho\u201d,<\/strong> les dijo. En realidad, hab\u00eda estampado su firma hace m\u00e1s de dos meses.<\/p>\n<\/div>\n<div class=\"sc-80531b6b-0 chRIGJ container-text text-embed\">\n<p>Algo similar ocurri\u00f3 con el correntino<strong> Eduardo Vischi,<\/strong> jefe del bloque radical. Frente a los fuertes rumores que corr\u00edan el a\u00f1o pasado en el Senado, les hab\u00eda dado su palabra a otros miembros de su bancada que no hab\u00eda acompa\u00f1ado el dictamen y que tampoco lo har\u00eda. <\/p>\n<\/div>\n<div class=\"sc-80531b6b-0 chRIGJ container-text text-embed\">\n<p>Este mi\u00e9rcoles se descubri\u00f3 la verdad. El dictamen finalmente ingreso por Mesa de Entradas del Senado y entre <strong>las 9 r\u00fabricas <\/strong>que tiene est\u00e1 la de Vischi.<\/p>\n<\/div>\n<div class=\"sc-80531b6b-0 chRIGJ container-text text-embed\">\n<p>Los apoyos que cosech\u00f3 el pliego del juez Federal son transversales a todos los espacios pol\u00edticos: adem\u00e1s de \u00c1vila y Vischi, acompa\u00f1aron el libertario <strong>Ezequiel Atauche<\/strong>, los aliados<strong> Juan Carlos Romero<\/strong> y <strong>Carlos Esp\u00ednola<\/strong> -muy involucrado en las negociaciones, fue el encargado de hacer circular el pliego-, el provincial misionero <strong>Carlos Arce <\/strong>y tres integrantes de Uni\u00f3n por la Patria:<strong> Luc\u00eda Corpacci, Claudia Ledesma de Zamora y Sergio U\u00f1ac.<\/strong><\/p>\n<\/div>\n<div class=\"sc-198be8ec-0 cynXbu image-embed  image-embed \"><picture class=\"sc-198be8ec-1 kOjRiQ\"><source media=\"(min-width: 975px)\" width=\"720\" height=\"480\" \/><img alt=\"Jos\u00e9 Mayans, l\u00edder de UxP, con Ariel Lijo. Foto: Federico L\u00f3pez Claro.\" loading=\"lazy\" width=\"720\" height=\"480\" decoding=\"async\" data-nimg=\"1\" style=\"color:transparent\" src=\"https:\/\/13.com.ar\/wp-content\/uploads\/2025\/02\/bajo-intensas-negociaciones-secretas-Ariel-Lijo-hace-correr-que-ya.jpg\"\/><span class=\"epigraphe\">Jos\u00e9 Mayans, l\u00edder de UxP, con Ariel Lijo. Foto: Federico L\u00f3pez Claro.<\/span><span class=\"bkg\"\/><span class=\"picture-open\"><button class=\"open-image\" aria-label=\"Open Image\"\/><\/span><\/picture><\/div>\n<div class=\"sc-80531b6b-0 chRIGJ container-text text-embed\">\n<p>Aunque se lo exhibi\u00f3 como un triunfo de la Casa Rosada, en el Senado aseguran que el que consigui\u00f3 las 9 firmas del pliego fue el propio Lijo, con la estrecha colaboraci\u00f3n del juez <strong>Ricardo Lorenzetti.<\/strong><\/p>\n<\/div>\n<div class=\"sc-80531b6b-0 chRIGJ container-text text-embed\">\n<p>El manejo del pliego fue tan reservado que en la Presidencia del Senado se enteraron de la <strong>oficializaci\u00f3n <\/strong>del dictamen cuando se hizo p\u00fablico. <strong>\u201cNos tom\u00f3 por sorpresa\u201d<\/strong>, admiten. Se sabe que Victoria Villarruel est\u00e1 en contra de la designaci\u00f3n del juez en la Corte.<\/p>\n<\/div>\n<div class=\"sc-80531b6b-0 chRIGJ container-text text-embed\">\n<p>Circula en el Senado que Lijo<strong> hace correr que ya tiene los votos asegurados para alcanzar un asiento <\/strong>en el m\u00e1ximo tribunal. \u00bfSer\u00e1?<\/p>\n<\/div>\n<div class=\"sc-80531b6b-0 chRIGJ container-text text-embed\">\n<p>Hay muchas dudas de que sea as\u00ed, pero un aliado del oficialismo conjetura: <strong>\u201cPuede ser una jugada de Lijo<\/strong>. Dice que tiene los votos para forzar a otros a votarlo. Es posible que algunos lo terminen votando si ven que va a ser designado. \u00bfQui\u00e9n querr\u00eda votarle en contra si despu\u00e9s va a ser juez de la Corte?\u201d.<\/p>\n<\/div>\n<div class=\"sc-80531b6b-0 chRIGJ container-text text-embed\">\n<p>Para ser nombrado en el m\u00e1ximo tribunal, necesita el apoyo de dos tercios de los senadores presentes en la sesi\u00f3n. De nuevo: de los presentes. <strong>Si est\u00e1n todos, son 48 votos.<\/strong><\/p>\n<\/div>\n<div class=\"sc-80531b6b-0 chRIGJ container-text text-embed\">\n<p>Ante esto, se especula que la Casa Rosada<strong> podr\u00eda darle una mano<\/strong>. Hablar con aliados y con gobernadores de diferentes espacios para que senadores que est\u00e9n en contra de Lijo, en vez de rechazar su pliego, se ausenten de esa sesi\u00f3n.<\/p>\n<\/div>\n<div class=\"sc-80531b6b-0 chRIGJ container-text text-embed\">\n<p>En la actualidad hay 71 senadores. De haber faltazo de, pongamos, cinco, los dos tercios se consiguen con 44. Habr\u00e1 que ver, eso s\u00ed, qui\u00e9nes se prestan a la jugada. Luis Juez, aliado de Javier Milei y f\u00e9rreo cr\u00edtico de Lijo,<strong> ya avis\u00f3 <\/strong>que \u00e9l no.<\/p>\n<\/div>\n<div class=\"sc-80531b6b-0 chRIGJ container-text text-embed\">\n<p>Sea el n\u00famero que sea, de la \u00fanica manera que se podr\u00edan alcanzar los dos tercios es con el apoyo de varios senadores de la UCR -no est\u00e1 claro a\u00fan a cambio de qu\u00e9 el radicalismo aportar\u00eda sus votos- y con <strong>fugas en la bancada de Uni\u00f3n por la Patria<\/strong>. <\/p>\n<\/div>\n<div class=\"sc-80531b6b-0 chRIGJ container-text text-embed\">\n<p>En la conducci\u00f3n del bloque aseguran que no las habr\u00e1, que puertas adentro hay un acuerdo de que solo acompa\u00f1ar\u00e1n al pliego de Lijo si el Poder Ejecutivo retira el de su otro candidato, <strong>Manuel Garc\u00eda-Mansilla<\/strong>, y ellos pueden proponer a una jurista para ese lugar. Igual perdura la duda de que realmente est\u00e9n tan abroquelados.<\/p>\n<\/div>\n<div class=\"sc-80531b6b-0 chRIGJ container-text text-embed\">\n<p>Se especula que el oficialismo podr\u00eda internar meter el pliego ya en la pr\u00f3xima sesi\u00f3n, el jueves 20, donde se tratar\u00e1 la suspensi\u00f3n de las PASO. El ex libertario <strong>Francisco Paoltroni<\/strong> alert\u00f3 que si fuerzan ese d\u00eda el tratamiento de Lijo, <strong>\u00e9l no dar\u00e1 qu\u00f3rum.<\/strong> Con n\u00fameros justos, el Gobierno necesitar\u00eda ah\u00ed la ayuda de alg\u00fan peronista para poder arrancar la sesi\u00f3n.<\/p>\n<\/div>\n<div class=\"sc-80531b6b-0 chRIGJ container-text text-embed\">\n<p>La Casa Rosada s\u00ed parece haber aceptado que los pliegos de Lijo y Garc\u00eda-Mansilla<strong> deben tratarse por caminos separados. <\/strong>El juez no acepta ser nombrado por decreto y estar\u00eda dispuesto a ir a un todo o nada en el recinto.<\/p>\n<\/div>\n<div class=\"sc-198be8ec-0 cynXbu image-embed  image-embed \"><picture class=\"sc-198be8ec-1 kOjRiQ\"><source media=\"(min-width: 975px)\" width=\"720\" height=\"480\" \/><img alt=\"La camporista Anah\u00ed L\u00f3pez Sagasti con Manuel Garc\u00eda-Mansilla, en el Senado. Foto: Federico L\u00f3pez Claro.\" loading=\"lazy\" width=\"720\" height=\"480\" decoding=\"async\" data-nimg=\"1\" style=\"color:transparent\" src=\"https:\/\/13.com.ar\/wp-content\/uploads\/2025\/02\/1739524889_87_bajo-intensas-negociaciones-secretas-Ariel-Lijo-hace-correr-que-ya.jpg\"\/><span class=\"epigraphe\">La camporista Anah\u00ed L\u00f3pez Sagasti con Manuel Garc\u00eda-Mansilla, en el Senado. Foto: Federico L\u00f3pez Claro.<\/span><span class=\"bkg\"\/><span class=\"picture-open\"><button class=\"open-image\" aria-label=\"Open Image\"\/><\/span><\/picture><\/div>\n<div class=\"sc-80531b6b-0 chRIGJ container-text text-embed\">\n<p>En el medio, el Gobierno amenaza con designar a Garc\u00eda-Mansilla por decreto. Un nombramiento por esa v\u00eda clausurar\u00eda cualquier negociaci\u00f3n futura con el peronismo. De quedar ese asiento vac\u00edo, las conversaciones <strong>podr\u00edan retomarse <\/strong>m\u00e1s adelante.<\/p>\n<\/div>\n<div class=\"sc-80531b6b-0 chRIGJ container-text text-embed\">\n<p>&#8220;Y por ahora nadie podr\u00eda acusar a Milei y a Cristina de que est\u00e1n negociando algo\u201d, observa un senador que suele votar con el oficialismo.<\/p>\n<\/div>\n<\/div>\n<p><br \/>\n<br \/><a href=\"https:\/\/www.clarin.com\/politica\/corte-intensas-negociaciones-secretas-ariel-lijo-hace-correr-votos-senado_0_ytxiOIh1w4.html\">Fuente Clarin.com <\/a><\/p>\n","protected":false},"excerpt":{"rendered":"<p>Las negociaciones pol\u00edticas suelen ser subterr\u00e1neas, pero la del pliego de Ariel Lijo para la Corte Suprema de Justicia asoma con un grado de reserva in\u00e9dito. Ni siquiera entre compa\u00f1eros de una misma bancada se muestran las cartas. Esta semana, por ejemplo, y cuando el dictamen de la comisi\u00f3n de Acuerdos del Senado estaba a [&hellip;]<\/p>\n","protected":false},"author":1,"featured_media":4784,"comment_status":"open","ping_status":"open","sticky":false,"template":"","format":"standard","meta":{"footnotes":""},"categories":[2],"tags":[2533,1063,6790,1192,6788,6386,28,354,6789,5153,1486,1216],"class_list":["post-4783","post","type-post","status-publish","format-standard","has-post-thumbnail","hentry","category-ultimas-noticias","tag-ariel","tag-bajo","tag-correr","tag-hace","tag-intensas","tag-lijo","tag-los","tag-negociaciones","tag-secretas","tag-senado","tag-tiene","tag-votos"],"_links":{"self":[{"href":"https:\/\/13.com.ar\/index.php\/wp-json\/wp\/v2\/posts\/4783","targetHints":{"allow":["GET"]}}],"collection":[{"href":"https:\/\/13.com.ar\/index.php\/wp-json\/wp\/v2\/posts"}],"about":[{"href":"https:\/\/13.com.ar\/index.php\/wp-json\/wp\/v2\/types\/post"}],"author":[{"embeddable":true,"href":"https:\/\/13.com.ar\/index.php\/wp-json\/wp\/v2\/users\/1"}],"replies":[{"embeddable":true,"href":"https:\/\/13.com.ar\/index.php\/wp-json\/wp\/v2\/comments?post=4783"}],"version-history":[{"count":0,"href":"https:\/\/13.com.ar\/index.php\/wp-json\/wp\/v2\/posts\/4783\/revisions"}],"wp:featuredmedia":[{"embeddable":true,"href":"https:\/\/13.com.ar\/index.php\/wp-json\/wp\/v2\/media\/4784"}],"wp:attachment":[{"href":"https:\/\/13.com.ar\/index.php\/wp-json\/wp\/v2\/media?parent=4783"}],"wp:term":[{"taxonomy":"category","embeddable":true,"href":"https:\/\/13.com.ar\/index.php\/wp-json\/wp\/v2\/categories?post=4783"},{"taxonomy":"post_tag","embeddable":true,"href":"https:\/\/13.com.ar\/index.php\/wp-json\/wp\/v2\/tags?post=4783"}],"curies":[{"name":"wp","href":"https:\/\/api.w.org\/{rel}","templated":true}]}}