{"id":4781,"date":"2025-02-14T06:18:10","date_gmt":"2025-02-14T09:18:10","guid":{"rendered":"https:\/\/13.com.ar\/index.php\/cosas-que-deje-de-hacer-a-partir-de-los-40\/"},"modified":"2025-02-14T06:18:10","modified_gmt":"2025-02-14T09:18:10","slug":"cosas-que-deje-de-hacer-a-partir-de-los-40","status":"publish","type":"post","link":"https:\/\/13.com.ar\/index.php\/cosas-que-deje-de-hacer-a-partir-de-los-40\/","title":{"rendered":"cosas que dej\u00e9 de hacer a partir de los 40"},"content":{"rendered":"<p> <br \/>\n<\/p>\n<div id=\"cuerpo\">\n<div class=\"sc-80531b6b-0 chRIGJ container-text text-embed\">\n<p>En enero cumpl\u00ed cuarenta y siete. O sea, <strong>los cincuenta empiezan a tocarme la puerta<\/strong>. Y ya tengo experiencia suficiente como para aceptar que hay cosas que hice durante casi toda mi vida, que a partir de cierto momento,<strong> ya no pude sostener m\u00e1s.<\/strong><\/p>\n<\/div>\n<div class=\"sc-80531b6b-0 chRIGJ container-text text-embed\">\n<p>Por un momento pens\u00e9 que era yo, hasta que acud\u00ed a mi mayor fuente de informaci\u00f3n sociol\u00f3gica que es INSTAGRAM, y puse en una cajita de preguntas: \u00bfQu\u00e9 dejaste de hacer cuando cumpliste 40? Me sorprend\u00ed descubriendo que somos varias las ex adolescentes de los 90 que a partir de cierta edad cambiamos algunas costumbres. <strong>Por ejemplo usar tacos<\/strong>. Algo ocurre en los pies que te dicen \u201chasta ac\u00e1 llegu\u00e9\u201d.<\/p>\n<\/div>\n<div class=\"sc-80531b6b-0 chRIGJ container-text text-embed\">\n<p>Porque el concepto \u201cestar c\u00f3moda\u201d, empieza a ganar a lo loco. <strong>La ropa ajustada es lo peor que me puede pasar.<\/strong> Lo \u00fanico ajustado que puedo usar son las bikers, ex ciclistas, tambi\u00e9n conocidas como calcitas, que uso para ir a zumba, actividad por excelencia de muchas de mi edad que no tenemos en nuestros planes ser fit, ni hemos desarrollado el amor por el deporte, pero queremos transpirar pas\u00e1ndola bien. Y un asunto que es importante a esta altura de la vida, es<strong> entregarte a tu talle.<\/strong> Esto puede ser algo que los hombres no lo terminen de entender, pero nosotras tenemos este temita del cuerpo que se hincha y se deshincha permanentemente, y a veces no tenemos claridad de talle.<\/p>\n<\/div>\n<div class=\"sc-80531b6b-0 chRIGJ container-text text-embed\">\n<p>Durante un tiempo quise aferrarme con fuerza al M que siempre fui, pero ya no daba para m\u00e1s y <strong>entonces me entregu\u00e9 al Large<\/strong> para pasarla mejor adentro de mi ropa.<\/p>\n<\/div>\n<div class=\"sc-80531b6b-0 chRIGJ container-text text-embed\">\n<p>Tema minifalda. Hace a\u00f1os que no uso, pens\u00e9 que era algo m\u00edo pero evidentemente cumpl\u00eds 40, y no es por evitar quedar rid\u00edcula &#8211; porque si hay algo que me fascina en esta vida y a esta altura es hacer lo que se me canta- pero no puedo. El short en cambio lo amo.<\/p>\n<\/div>\n<div class=\"sc-80531b6b-0 chRIGJ container-text text-embed\">\n<p>El temita maquillaje me resulta bastante tedioso, pero<strong> admito que un tapaojerita y un rimmel <\/strong>me cambian bastante la carita, y el proyecto de ser tremenda potra siempre est\u00e1 latente.<\/p>\n<\/div>\n<div class=\"sc-80531b6b-0 chRIGJ container-text text-embed\">\n<p>Las dietas restrictivas, no s\u00e9 si es por una cuesti\u00f3n de \u00e9poca o de que la noci\u00f3n de finitud ya no es tan lejana, me resultan inviables porque <strong>quiero disfrutar de uno de los grandes placeres de la vida que es comer rico.<\/strong><\/p>\n<\/div>\n<div class=\"sc-80531b6b-0 chRIGJ container-text text-embed\">\n<p>Hay un tema con los posibles destinos de viaje que empieza a tener algunas condiciones que antes no. Por ejemplo<strong> el hippismo del camping a esta edad ya deja de parecerme un planazo <\/strong>porque empez\u00e1s a transformarte en una se\u00f1ora burguesa a la que le importa mucho la cama donde va a dormir: Es casi imprescindible que tenga un buen colch\u00f3n, s\u00e1banas suaves, almohadas mulliditas, acolchado que te acaricie. Como que el amor propio de la se\u00f1ora ya no admite cualquier cosa. La calidad de las telas y de los productos en general, se empiezan a valorar como nunca antes.<\/p>\n<\/div>\n<div class=\"sc-198be8ec-0 cynXbu image-embed  image-embed \"><picture class=\"sc-198be8ec-1 kOjRiQ\"><source media=\"(min-width: 975px)\" width=\"720\" height=\"480\" \/><img alt=\"Dalia: &quot;Durante un tiempo quise aferrarme con fuerza al M que siempre fui, pero me entregu\u00e9 al Large para pasarla mejor adentro de mi ropa&quot;.\" loading=\"lazy\" width=\"720\" height=\"480\" decoding=\"async\" data-nimg=\"1\" style=\"color:transparent\" src=\"https:\/\/13.com.ar\/wp-content\/uploads\/2025\/02\/cosas-que-deje-de-hacer-a-partir-de-los-40.jpg\"\/><span class=\"epigraphe\">Dalia: &#8220;Durante un tiempo quise aferrarme con fuerza al M que siempre fui, pero me entregu\u00e9 al Large para pasarla mejor adentro de mi ropa&#8221;.<\/span><span class=\"bkg\"\/><span class=\"picture-open\"><button class=\"open-image\" aria-label=\"Open Image\"\/><\/span><\/picture><\/div>\n<div class=\"sc-80531b6b-0 chRIGJ container-text text-embed\">\n<p>La salida entre semana est\u00e1 buen\u00edsima<strong> pero temprano, chicas<\/strong>. Salir hasta tarde me interesa como proyecto pero <strong>como realidad es un martirio <\/strong>porque me arruina el resto de la semana. Y si salimos a tomar algo que no haya m\u00fasica fuerte porque quiero charlar y mi audici\u00f3n puede perturbarse con sonidos elevados. Y si el plan es ir al teatro, <strong>mejor que lleve anteojos <\/strong>porque sino la obra se vuelve un radioteatro porque no le puedo ver la cara a ning\u00fan actor. Si la salida va a ser ir al cine, tambi\u00e9n. M\u00e1s si es una pel\u00edcula extranjera donde hay que leer subt\u00edtulos. Es que el tema \u201cvista\u201d, salvo algunas excepciones, parece que es una de las primeras se\u00f1ales que da nuestro cuerpo de que ya est\u00e1 en \u00e9ste mundo hace varios a\u00f1os. Lo bueno es que as\u00ed como el <strong>cuerpo empieza a derretirse lentamente<\/strong>, la capacidad visual tambi\u00e9n, entonces no es tan evidentemente perceptible.<\/p>\n<\/div>\n<div class=\"sc-80531b6b-0 chRIGJ container-text text-embed\">\n<p>Puede pasar tambi\u00e9n a esta edad que a los geri\u00e1tricos ya los empieces a ver como una posibilidad no taaaan lejana. Incluso cuando pases por uno lindo con buena vegetaci\u00f3n, -porque en el kit se\u00f1ora, las plantas y las flores tienen mucho encanto-, empez\u00e1s a verlos con otros ojos<strong> \u201cYo ac\u00e1 vivir\u00eda, \u00bfves?\u201d <\/strong>.<\/p>\n<\/div>\n<div class=\"sc-80531b6b-0 chRIGJ container-text text-embed\">\n<p>Y as\u00ed como \u201cla vida sana\u201d un poco se impone casi obligatoriamente si quer\u00e9s tener buena calidad de vida, cada tanto algo perjudicial para la salud te dan ganas de hacer. Por ejemplo fumar a mi me gusta<strong>, me hace sentir joven y rebelde<\/strong>. El temita es que el malestar en la garganta y el mareo muchas veces me obligan a elegir entre sentirme joven y rebelde un minuto, o <strong>sentirme una se\u00f1ora decr\u00e9pita en las pr\u00f3ximas horas.<\/strong><\/p>\n<\/div>\n<div class=\"sc-80531b6b-0 chRIGJ container-text text-embed\">\n<p>Y hablando de fumar, y \u00e9sta tal vez sea una de las grandes ventajas de ser se\u00f1ora, es que la paciencia<strong> para fumarte lo que NO te va,<\/strong> ya est\u00e1 pr\u00e1cticamente agotada. Como que la usaste demasiado en tus a\u00f1os anteriores. Entonces sucede que para m\u00ed es uno de los grandes beneficios de pasar los 40: ya viviste un mont\u00f3n de cosas, ya te mandaste miles de cagadas que te gustar\u00eda capitalizar y no volver a repetir (aunque probablemente no siempre lo logres). Y todo eso hace que tengas m\u00e1s datos, mejor se\u00f1al, m\u00e1s conexi\u00f3n. Entonces hay que <strong>aprovechar ese wifi con vos misma,<\/strong> para vivir una vida m\u00e1s parecida a la que quer\u00e9s tener.<\/p>\n<\/div>\n<\/div>\n<p><br \/>\n<br \/><a href=\"https:\/\/www.clarin.com\/opinion\/va-cosas-deje-hacer-partir-40_0_CuEM4Bh8g3.html\">Fuente Clarin.com <\/a><\/p>\n","protected":false},"excerpt":{"rendered":"<p>En enero cumpl\u00ed cuarenta y siete. O sea, los cincuenta empiezan a tocarme la puerta. Y ya tengo experiencia suficiente como para aceptar que hay cosas que hice durante casi toda mi vida, que a partir de cierto momento, ya no pude sostener m\u00e1s. Por un momento pens\u00e9 que era yo, hasta que acud\u00ed a [&hellip;]<\/p>\n","protected":false},"author":1,"featured_media":4782,"comment_status":"open","ping_status":"open","sticky":false,"template":"","format":"standard","meta":{"footnotes":""},"categories":[2],"tags":[2799,6787,127,28,4768],"class_list":["post-4781","post","type-post","status-publish","format-standard","has-post-thumbnail","hentry","category-ultimas-noticias","tag-cosas","tag-deje","tag-hacer","tag-los","tag-partir"],"_links":{"self":[{"href":"https:\/\/13.com.ar\/index.php\/wp-json\/wp\/v2\/posts\/4781","targetHints":{"allow":["GET"]}}],"collection":[{"href":"https:\/\/13.com.ar\/index.php\/wp-json\/wp\/v2\/posts"}],"about":[{"href":"https:\/\/13.com.ar\/index.php\/wp-json\/wp\/v2\/types\/post"}],"author":[{"embeddable":true,"href":"https:\/\/13.com.ar\/index.php\/wp-json\/wp\/v2\/users\/1"}],"replies":[{"embeddable":true,"href":"https:\/\/13.com.ar\/index.php\/wp-json\/wp\/v2\/comments?post=4781"}],"version-history":[{"count":0,"href":"https:\/\/13.com.ar\/index.php\/wp-json\/wp\/v2\/posts\/4781\/revisions"}],"wp:featuredmedia":[{"embeddable":true,"href":"https:\/\/13.com.ar\/index.php\/wp-json\/wp\/v2\/media\/4782"}],"wp:attachment":[{"href":"https:\/\/13.com.ar\/index.php\/wp-json\/wp\/v2\/media?parent=4781"}],"wp:term":[{"taxonomy":"category","embeddable":true,"href":"https:\/\/13.com.ar\/index.php\/wp-json\/wp\/v2\/categories?post=4781"},{"taxonomy":"post_tag","embeddable":true,"href":"https:\/\/13.com.ar\/index.php\/wp-json\/wp\/v2\/tags?post=4781"}],"curies":[{"name":"wp","href":"https:\/\/api.w.org\/{rel}","templated":true}]}}