{"id":4779,"date":"2025-02-14T05:57:34","date_gmt":"2025-02-14T08:57:34","guid":{"rendered":"https:\/\/13.com.ar\/index.php\/la-mitad-del-pais-esta-este-viernes-bajo-alerta-amarilla\/"},"modified":"2025-02-14T05:57:34","modified_gmt":"2025-02-14T08:57:34","slug":"la-mitad-del-pais-esta-este-viernes-bajo-alerta-amarilla","status":"publish","type":"post","link":"https:\/\/13.com.ar\/index.php\/la-mitad-del-pais-esta-este-viernes-bajo-alerta-amarilla\/","title":{"rendered":"la mitad del pa\u00eds est\u00e1 este viernes bajo alerta amarilla"},"content":{"rendered":"<p> <br \/>\n<\/p>\n<div id=\"cuerpo\">\n<div class=\"sc-80531b6b-0 chRIGJ container-text text-embed\">\n<p>La <strong>Ciudad y gran parte de la provincia de Buenos Aires<\/strong> volver\u00e1n a estar afectadas este viernes por <strong>tormentas<\/strong>, despu\u00e9s del diluvio que se registr\u00f3 el pasado martes y que gener\u00f3 un marcado descenso de temperatura para el resto de la semana, luego de un lunes agobiante.<\/p>\n<\/div>\n<div class=\"sc-80531b6b-0 chRIGJ container-text text-embed\">\n<p>Ese es, al menos, e<strong>l escenario que anticip\u00f3 el Servicio Meteorol\u00f3gico Nacional (SMN)<\/strong>, que lanz\u00f3 para esas zonas, al igual que para otros 13 distritos del pa\u00eds, una<strong> alerta amarilla<\/strong> por tormentas fuertes.<\/p>\n<\/div>\n<div class=\"sc-80531b6b-0 chRIGJ container-text text-embed\">\n<p>En el <strong>\u00c1rea Metropolitana de Buenos Aires<\/strong>, donde se esperan temperaturas m\u00e1ximas de 28\u00b0, la <strong>advertencia rige para horas de la noche.<\/strong><\/p>\n<\/div>\n<div class=\"sc-80531b6b-0 chRIGJ container-text text-embed\">\n<p>En ese per\u00edodo, la zona podr\u00e1 estar afectada por tormentas aisladas, algunas localmente fuertes, acompa\u00f1adas por abundante ca\u00edda de agua en cortos per\u00edodos, actividad el\u00e9ctrica, ocasional ca\u00edda de granizo y<strong> r\u00e1fagas que podr\u00edan estar entre 60 y 90 km\/h.<\/strong><\/p>\n<\/div>\n<div class=\"sc-80531b6b-0 chRIGJ container-text text-embed\">\n<p>Seg\u00fan inform\u00f3 el SMN, se prev\u00e9n valores de precipitaci\u00f3n acumulada entre 15 y 40 mm, pudiendo ser superados en forma puntual, aunque en el sur de Santa Fe, sur de Entre R\u00edos y Norte de la provincia de Buenos Aires esos registros podr\u00edan ser mayores, entre 50 y 70 mm.<\/p>\n<\/div>\n<div class=\"sc-80531b6b-0 chRIGJ container-text text-embed\">\n<p>La alerta amarilla por tormentas, que indica posibles fen\u00f3menos meteorol\u00f3gicos con capacidad de da\u00f1o y riesgo de interrupci\u00f3n moment\u00e1nea de actividades cotidianas, alcanza tambi\u00e9n a las provincias de C\u00f3rdoba, La Pampa, R\u00edo Negro, San Luis, Mendoza, San Juan, La Rioja, Catamarca, Tucum\u00e1n, Salta y Jujuy.<\/p>\n<\/div>\n<div class=\"sc-80531b6b-0 chRIGJ container-text text-embed\">\n<p>El \u00e1rea de la provincia de Buenos Aires que no est\u00e1 regida por esa advertencia va desde Magdalena, Punta Indio y Chascom\u00fas hasta Tres Arroyos, incluyendo a todas las ciudades intermedias de la Costa Atl\u00e1ntica.<\/p>\n<\/div>\n<div class=\"sc-80531b6b-0 chRIGJ container-text text-embed\">\n<p>Las recomendaciones del SMN ante una alerta amarilla por tormentas son no sacar la basura y retirar objetos que impidan que el agua escurra, evitar actividades al aire libre, no refugiarse cerca de \u00e1rboles y postes de electricidad que puedan caerse, y no permanecer en playas r\u00edos lagunas o piletas para minimizar el riesgo de ser alcanzados por un rayo, entre otras.<\/p>\n<\/div>\n<div class=\"sc-198be8ec-0 cynXbu image-embed  image-embed \"><picture class=\"sc-198be8ec-1 kOjRiQ\"><source media=\"(min-width: 975px)\" width=\"720\" height=\"480\" \/><img alt=\"El mapa con las provincias que este viernes est\u00e1n bajo alerta amarillo por tormentas fuertes.\" loading=\"lazy\" width=\"720\" height=\"480\" decoding=\"async\" data-nimg=\"1\" style=\"color:transparent\" src=\"https:\/\/13.com.ar\/wp-content\/uploads\/2025\/02\/la-mitad-del-pais-esta-este-viernes-bajo-alerta-amarilla.jpg\"\/><span class=\"epigraphe\">El mapa con las provincias que este viernes est\u00e1n bajo alerta amarillo por tormentas fuertes.<\/span><span class=\"bkg\"\/><span class=\"picture-open\"><button class=\"open-image\" aria-label=\"Open Image\"\/><\/span><\/picture><\/div>\n<div class=\"sc-80531b6b-0 chRIGJ container-text text-embed\">\n<p>En tanto,<strong> Santa Cruz y Tierra del Fuego<\/strong> estaban alcanzados por <strong>advertencias de nivel amarillo por vientos fuertes<\/strong> que pueden superar los 90 km\/h por la tarde, aunque en el caso del territorio fueguino el SMN tambi\u00e9n pronosticaba lluvias fuertes.<\/p>\n<\/div>\n<div class=\"sc-80531b6b-0 chRIGJ container-text text-embed\">\n<p>Por otra parte, el noroeste de <strong>Santa Fe<\/strong>, el oeste de <strong>Corrientes <\/strong>y el este de <strong>Chaco <\/strong>presentan una <strong>alerta roja por temperaturas extremas<\/strong>, ya que durante la jornada el term\u00f3metro podr\u00eda escalar hasta los 36 grados.<\/p>\n<\/div>\n<div class=\"sc-80531b6b-0 chRIGJ container-text text-embed\">\n<p>En otras \u00e1reas como el noroeste de Chaco, el este de Salta y buena parte de Formosa, la advertencia por altas temperaturas es de nivel naranja para este viernes, mientras que en el noroeste de Santa Fe y el sudoeste de Santiago del Estero es amarilla.<\/p>\n<\/div>\n<\/div>\n<p><br \/>\n<br \/><a href=\"https:\/\/www.clarin.com\/sociedad\/vuelven-tormentas-ciudad-provincia-buenos-aires-mitad-pais-viernes-alerta-amarilla_0_LXoygpajzH.html\">Fuente Clarin.com <\/a><\/p>\n","protected":false},"excerpt":{"rendered":"<p>La Ciudad y gran parte de la provincia de Buenos Aires volver\u00e1n a estar afectadas este viernes por tormentas, despu\u00e9s del diluvio que se registr\u00f3 el pasado martes y que gener\u00f3 un marcado descenso de temperatura para el resto de la semana, luego de un lunes agobiante. Ese es, al menos, el escenario que anticip\u00f3 [&hellip;]<\/p>\n","protected":false},"author":1,"featured_media":4780,"comment_status":"open","ping_status":"open","sticky":false,"template":"","format":"standard","meta":{"footnotes":""},"categories":[2],"tags":[985,986,1063,100,300,139,1505,134,2122],"class_list":["post-4779","post","type-post","status-publish","format-standard","has-post-thumbnail","hentry","category-ultimas-noticias","tag-alerta","tag-amarilla","tag-bajo","tag-del","tag-esta","tag-este","tag-mitad","tag-pais","tag-viernes"],"_links":{"self":[{"href":"https:\/\/13.com.ar\/index.php\/wp-json\/wp\/v2\/posts\/4779","targetHints":{"allow":["GET"]}}],"collection":[{"href":"https:\/\/13.com.ar\/index.php\/wp-json\/wp\/v2\/posts"}],"about":[{"href":"https:\/\/13.com.ar\/index.php\/wp-json\/wp\/v2\/types\/post"}],"author":[{"embeddable":true,"href":"https:\/\/13.com.ar\/index.php\/wp-json\/wp\/v2\/users\/1"}],"replies":[{"embeddable":true,"href":"https:\/\/13.com.ar\/index.php\/wp-json\/wp\/v2\/comments?post=4779"}],"version-history":[{"count":0,"href":"https:\/\/13.com.ar\/index.php\/wp-json\/wp\/v2\/posts\/4779\/revisions"}],"wp:featuredmedia":[{"embeddable":true,"href":"https:\/\/13.com.ar\/index.php\/wp-json\/wp\/v2\/media\/4780"}],"wp:attachment":[{"href":"https:\/\/13.com.ar\/index.php\/wp-json\/wp\/v2\/media?parent=4779"}],"wp:term":[{"taxonomy":"category","embeddable":true,"href":"https:\/\/13.com.ar\/index.php\/wp-json\/wp\/v2\/categories?post=4779"},{"taxonomy":"post_tag","embeddable":true,"href":"https:\/\/13.com.ar\/index.php\/wp-json\/wp\/v2\/tags?post=4779"}],"curies":[{"name":"wp","href":"https:\/\/api.w.org\/{rel}","templated":true}]}}