{"id":47758,"date":"2025-08-03T20:48:56","date_gmt":"2025-08-03T23:48:56","guid":{"rendered":"https:\/\/13.com.ar\/index.php\/los-dos-rostros-que-muestra-el-gobierno-de-milei\/"},"modified":"2025-08-03T20:48:56","modified_gmt":"2025-08-03T23:48:56","slug":"los-dos-rostros-que-muestra-el-gobierno-de-milei","status":"publish","type":"post","link":"https:\/\/13.com.ar\/index.php\/los-dos-rostros-que-muestra-el-gobierno-de-milei\/","title":{"rendered":"Los dos rostros que muestra el gobierno de Milei"},"content":{"rendered":"<p> <br \/>\n<br \/><img decoding=\"async\" src=\"https:\/\/13.com.ar\/wp-content\/uploads\/2025\/08\/Los-dos-rostros-que-muestra-el-gobierno-de-Milei.jpg\" \/><\/p>\n<div id=\"element-body-0\">\n<p>El principal interrogante de los nuevos tiempos que corren y que derivaron en la presidencia de Javier Milei, tras veinte meses de gesti\u00f3n libertaria\u00a0y a menos de tres de su primera elecci\u00f3n de medio t\u00e9rmino, es <strong>cu\u00e1nto impactar\u00e1 en su gesti\u00f3n el desplazamiento de la pr\u00e1ctica pol\u00edtica.<\/strong><\/p>\n<\/div>\n<div id=\"element-body-1\">\n<p>A diferencia de los ocho presidentes, todos pol\u00edticos, que lideraron los distintos gobiernos desde el retorno a la democracia, es la primera vez que se sienta en la Casa Rosada un economista. Con el plus de que <strong>Milei desprecia a la pol\u00edtica<\/strong>, la considera intrascendente y por eso la deja en manos de su hermana, Karina Milei, sin antecedente alguno en la materia. Otra porci\u00f3n la ostenta el asesor Santiago Caputo.<\/p>\n<\/div>\n<div id=\"element-body-2\">\n<p>El show montado en un canal de streaming, m\u00e1s parecido al living de la quinta de Olivos que a un estudio, refleja la relevancia que Milei le otorga a la econom\u00eda. All\u00ed apareci\u00f3 con todo su equipo econ\u00f3mico -Luis Toto Caputo, Jos\u00e9 Luis Daza, Pablo Quirino y Santiago Bausili-, posiblemente, <strong>su principal capital<\/strong>. Reconocido por su solidez y homogeneidad los organismos internacionales hasta los fondos de inversi\u00f3n.<\/p>\n<\/div>\n<div id=\"element-body-3\">\n<p>Es en esas aguas donde el libertario nada con mayor comodidad y donde puede mostrar logros. Ha bajado la inflaci\u00f3n\u00a0considerablemente, liber\u00f3 para las personas el cepo cambiario\u00a0y dej\u00f3 que el d\u00f3lar flotara sin riesgo alguno; y alcanz\u00f3 un impensado super\u00e1vit fiscal mediante un hist\u00f3rico ajuste.<\/p>\n<\/div>\n<div id=\"element-body-4\">\n<p>Hasta el FMI acaba de desembolsar esta semana los US$ 2 mil millones que le negaba, entre otros puntos, porque <strong>la Argentina incumpl\u00eda la meta de al menos US$ 2400 millones en reservas<\/strong>. Con balanza negativa de -2400 millones en el Banco Central, el Fondo -\u00bfcon el gui\u00f1o de Donald Trump?- mir\u00f3 para otro lado y acept\u00f3 ese saldo. Y <strong>como frutilla del postre, le dio una gran mano pateando la pr\u00f3xima revisi\u00f3n para despu\u00e9s de las elecciones.<\/strong><\/p>\n<\/div>\n<div id=\"element-body-6\">\n<p>Sobre esa base s\u00f3lida, el Gobierno tambi\u00e9n transita un sendero de incertidumbres. Mientras un sector de la econom\u00eda crece como miner\u00eda, automotrices, electrodom\u00e9sticos, y viaja por el mundo -gastando miles millones de d\u00f3lares en turismo en el exterior-, otro padece\u00a0la ca\u00edda del consumo como el turismo, la industria\u00a0y\u00a0la construcci\u00f3n, en un combo en el que se cuela el aumento del desempleo.<\/p>\n<\/div>\n<div id=\"element-body-7\">\n<p><strong>En pol\u00edtica, las aguas son m\u00e1s turbias<\/strong>. Es milenario el debate acerca de si la pol\u00edtica debe estar subordinada a la econom\u00eda, o a la inversa. Eso s\u00ed, <strong>la pol\u00edtica condiciona a la econom\u00eda<\/strong> y ese fen\u00f3meno no puede ser ignorado. Lo padeci\u00f3 el Gobierno con el freno a varios de sus decretos v\u00eda judicial; la ca\u00edda de Ficha Limpia; el fracaso de los pliegos de Ariel Lijo y Nicol\u00e1s Garc\u00eda-Mansilla; o en la mayor\u00eda de las elecciones provinciales.<\/p>\n<\/div>\n<div id=\"element-body-8\">\n<p>La conformaci\u00f3n de un frente electoral impulsado por cinco gobernadores -\u00bfo seis con el correntino Gustavo Valdes?- <strong>es un proceso que se adelant\u00f3 porque se trata de una disputa que deb\u00eda darse despu\u00e9s de la elecci\u00f3n legislativa<\/strong>. Si se anticip\u00f3 es porque <strong>ayud\u00f3 la intransigencia de la Casa Rosada<\/strong>, al no dar soluci\u00f3n al menos a algunos de los reclamos o postergarlos para despu\u00e9s de octubre. Por el contrario, Milei confront\u00f3 a los mandatarios.<\/p>\n<\/div>\n<div id=\"element-body-10\">\n<p>A ese nuevo frente le costar\u00e1 doblegar la figura de Milei en sus distritos. Pero es probable que se queden con bancas de diputados y senadores que en otras circunstancias podr\u00edan pasar a engrosar los futuros bloques oficialistas en el Congreso.\u00a0<strong>La silenciosa movida permiti\u00f3 que ingrese un tercer jugador, por ahora menor, al mapa que se pretend\u00eda que solo fuera repartido entre el mile\u00edsmo y el kirchnerismo.<\/strong><\/p>\n<\/div>\n<div id=\"element-body-12\">\n<p>En la Casa Rosada analizan que un triunfo en octubre, que a esta altura nadie discute pero hay diferencias respecto de cu\u00e1nto sacar\u00e1 LLA, terminar\u00e1 con el kirchnerismo. \u00bfEs as\u00ed? Si Axel Kicillof se impone en la elecci\u00f3n provincial del 7 de setiembre, con Cristina Kirchner presa e impedida de volver a ser candidata, \u00bfno se erigir\u00e1 como el nuevo referente del PJ, con claro perfil kirchnerista, para el 2027?<\/p>\n<\/div>\n<div id=\"element-body-13\">\n<p>Enrique Cristofani, quien durante dos d\u00e9cadas fuera presidente del Banco Santander describ\u00eda en una entrevista con Se\u00fal que <strong><em>\u201cel riesgo pa\u00eds es el riesgo de que la sociedad vuelva a votar al populismo\u201d<\/em><\/strong>. Y recuerda que en el balotaje presidencial del 2023, pese a la p\u00e9sima gesti\u00f3n del gobierno de Alberto Fern\u00e1ndez, Sergio Massa <strong><em>\u201csac\u00f3 el 45%\u201d.<\/em><\/strong><\/p>\n<\/div>\n<div id=\"element-body-15\">\n<p>Es Cristina Kirchner desde su confinamiento en su departamento en Constituci\u00f3n quien ahora brega por la unidad del peronismo en todo el pa\u00eds; quiere manejar la lapicera de las candidaturas para octubre. As\u00ed, en la estrat\u00e9gica provincia de Buenos Aires fue el propio<strong> M\u00e1ximo Kirchner<\/strong> quien dej\u00f3 abierta la puerta para ser candidato a diputado nacional si su madre as\u00ed lo decide; tambi\u00e9n trascendi\u00f3 que la expresidente apostar\u00eda a alguna cara nueva, alguien menos conocido pero con gesti\u00f3n y apuntar\u00eda a <strong>Mariel Fern\u00e1ndez<\/strong>, actual intendenta de Moreno, para encabezar la lista. Adem\u00e1s de tener buena relaci\u00f3n con los movimientos sociales podr\u00eda ser una apuesta para la provincia en 2027, aseguran..<\/p>\n<\/div>\n<div id=\"element-body-16\">\n<p>En el otro principal distrito, la Cuidad, no es menos convulsionada la situaci\u00f3n. Al punto que deriv\u00f3 en <strong>una pelea sigilosa entre Jorge Macri y su alter ego Mauricio Macri<\/strong>. Todo por Milei y un eventual acuerdo. Los macristas de paladar negro no quieren que se repita la derrota electoral en el distrito porte\u00f1o. Los macristas rebeldes se preguntan, \u00bfqui\u00e9n hablar\u00e1 de\u00a0nosotros, del PRO, despu\u00e9s de octubre si en la provincia y la Ciudad  nos somos absorbidos por los libertarios? <\/p>\n<\/div>\n<div id=\"element-body-17\">\n<p>Es factible que la elecci\u00f3n del 26 de octubre act\u00fae como una suerte de tamiz y que luego de ese proceso, muchos dirigentes queden en el camino con sus aspiraciones pol\u00edticas. Por eso el armado electoral tambi\u00e9n es una carrera por la supervivencia.<\/p>\n<\/div>\n<p><br \/>\n<br \/><a href=\"https:\/\/www.clarin.com\/opinion\/rostros-muestra-gobierno-milei_0_Ap3jUAJYc5.html\">Fuente Clarin.com <\/a><\/p>\n","protected":false},"excerpt":{"rendered":"<p>El principal interrogante de los nuevos tiempos que corren y que derivaron en la presidencia de Javier Milei, tras veinte meses de gesti\u00f3n libertaria\u00a0y a menos de tres de su primera elecci\u00f3n de medio t\u00e9rmino, es cu\u00e1nto impactar\u00e1 en su gesti\u00f3n el desplazamiento de la pr\u00e1ctica pol\u00edtica. A diferencia de los ocho presidentes, todos pol\u00edticos, [&hellip;]<\/p>\n","protected":false},"author":1,"featured_media":47759,"comment_status":"open","ping_status":"open","sticky":false,"template":"","format":"standard","meta":{"footnotes":""},"categories":[2],"tags":[59,71,28,77,723,7266],"class_list":["post-47758","post","type-post","status-publish","format-standard","has-post-thumbnail","hentry","category-ultimas-noticias","tag-dos","tag-gobierno","tag-los","tag-milei","tag-muestra","tag-rostros"],"_links":{"self":[{"href":"https:\/\/13.com.ar\/index.php\/wp-json\/wp\/v2\/posts\/47758","targetHints":{"allow":["GET"]}}],"collection":[{"href":"https:\/\/13.com.ar\/index.php\/wp-json\/wp\/v2\/posts"}],"about":[{"href":"https:\/\/13.com.ar\/index.php\/wp-json\/wp\/v2\/types\/post"}],"author":[{"embeddable":true,"href":"https:\/\/13.com.ar\/index.php\/wp-json\/wp\/v2\/users\/1"}],"replies":[{"embeddable":true,"href":"https:\/\/13.com.ar\/index.php\/wp-json\/wp\/v2\/comments?post=47758"}],"version-history":[{"count":0,"href":"https:\/\/13.com.ar\/index.php\/wp-json\/wp\/v2\/posts\/47758\/revisions"}],"wp:featuredmedia":[{"embeddable":true,"href":"https:\/\/13.com.ar\/index.php\/wp-json\/wp\/v2\/media\/47759"}],"wp:attachment":[{"href":"https:\/\/13.com.ar\/index.php\/wp-json\/wp\/v2\/media?parent=47758"}],"wp:term":[{"taxonomy":"category","embeddable":true,"href":"https:\/\/13.com.ar\/index.php\/wp-json\/wp\/v2\/categories?post=47758"},{"taxonomy":"post_tag","embeddable":true,"href":"https:\/\/13.com.ar\/index.php\/wp-json\/wp\/v2\/tags?post=47758"}],"curies":[{"name":"wp","href":"https:\/\/api.w.org\/{rel}","templated":true}]}}