{"id":47757,"date":"2025-08-03T20:27:56","date_gmt":"2025-08-03T23:27:56","guid":{"rendered":"https:\/\/13.com.ar\/index.php\/tras-el-salto-del-dolar-regresa-el-carry-trade\/"},"modified":"2025-08-03T20:27:56","modified_gmt":"2025-08-03T23:27:56","slug":"tras-el-salto-del-dolar-regresa-el-carry-trade","status":"publish","type":"post","link":"https:\/\/13.com.ar\/index.php\/tras-el-salto-del-dolar-regresa-el-carry-trade\/","title":{"rendered":"Tras el salto del d\u00f3lar, \u00bfregresa el carry trade?"},"content":{"rendered":"<p> <br \/>\n<br \/><img decoding=\"async\" src=\"https:\/\/13.com.ar\/wp-content\/uploads\/2025\/08\/Tras-la-disparada-del-dolar-el-Banco-Central-aumenta-encajes.jpg\" \/><\/p>\n<div id=\"element-body-0\">\n<p>Despu\u00e9s del salto de <strong>m\u00e1s de 13% del d\u00f3lar en julio, <\/strong>el mercado se prepara este mes para encontrar un nuevo punto de equilibrio, ahora m\u00e1s cercano al techo de la banda de flotaci\u00f3n de lo que se preve\u00eda semanas atr\u00e1s. Con el anuncio del desembolso de US$ 2.000 millones del Fondo y un nuevo<strong> endurecimiento de la pol\u00edtica de encajes bancarios, <\/strong>el d\u00f3lar abri\u00f3 agosto con un leve retroceso en el MULC pero clavado en los $1.380 en los bancos. La pregunta por estos d\u00edas en la City es si el tipo de cambio testear\u00e1 la pol\u00edtica de bandas que impuso el equipo econ\u00f3mico en abril o si justamente esa cercan\u00eda al techo<strong> activar\u00e1 el apetito de los <em>&#8220;carry traders&#8221;,<\/em> los grandes perdedores durante el mes pasado.<\/strong><\/p>\n<\/div>\n<div id=\"element-body-1\">\n<p>Esto \u00faltimo, servir\u00eda para garantizar unas semanas de tipo de cambio relativamente<strong> estable <\/strong>en un mes que es visto como el puente ante la primera gran evaluaci\u00f3n electoral para el Gobierno de Javier Milei en las elecciones de medio t\u00e9rmino, como son los pr\u00f3ximos comicios del 7 de septiembre en la provincia de Buenos Aires. Aunque en el mercado dudan si los nuevos altos rendimientos de los activos en pesos puede hacerle contrapeso a la<strong> demanda dolarizadora que se vio en los \u00faltimos 30 d\u00edas.<\/strong><\/p>\n<\/div>\n<div id=\"element-body-2\">\n<p>&#8220;Luego de un rally fant\u00e1stico tras la salida del cepo, el carry viene de capa ca\u00edda desde mediados de junio. Los n\u00fameros son claros. Las Lecaps <strong>perdieron 13% en d\u00f3lares desde entonces, mientras que los Boncer bajaron 14,5%<\/strong>&#8220;, indicaron en GMA Capital. En este sentido, agregaron: &#8220;Hoy, quien apost\u00f3 al peso est\u00e1 pr\u00e1cticamente en cero si se mide en d\u00f3lares en lo que va del a\u00f1o. Las ganancias tras el fin del cepo se evaporaron en el \u00faltimo mes y medio. Pero este ajuste en el tipo de cambio tambi\u00e9n abre la puerta a nuevas oportunidades. Si el contexto acompa\u00f1a, podr\u00edamos estar cerca de un punto de entrada atractivo para retomar el carry&#8221;.<\/p>\n<\/div>\n<div id=\"element-body-3\">\n<p>Durante agosto, el Tesoro<strong> deber\u00e1 afrontar dos nuevos &#8220;megavencimientos&#8221; de deuda en pesos <\/strong>y se espera que. al igual de lo que sucedi\u00f3 el mes pasado ofrezca tasas m\u00e1s alta para garantizar el &#8220;roll over&#8221;. <strong>A mitad de mes vencen unos $15 billones y a finales de agosto otros $12 billones.<\/strong> &#8220;Las elecciones del 7 de septiembre lo obligan a mantener tasas de inter\u00e9s reales altas; niveles que lucen insostenibles. Por eso lo vemos transitorio hasta que baje la incertidumbre&#8221;, afirm\u00f3 el economista Fernando Marull.<\/p>\n<\/div>\n<div id=\"element-body-4\">\n<p>Para Marull, &#8220;niveles de d\u00f3lar de $1.350 puede incentivar \u201cCarry trade\u201d porque este nivel da que puedas cerrar el Carry antes de las elecciones del 26 de octubre en la banda superior, de $1.450\u201d. Si el tipo de cambio toca ese nivel, el Banco Central queda habilitado para usar los US$ 14 mil millones del FMI para hacer bajar el precio. <strong>&#8220;Tiene poder de fuego&#8221;,<\/strong> se\u00f1al\u00f3 el economista y aclar\u00f3: &#8220;De cualquier manera, no es nuestro escenario que llegue a la banda superior. Pero s\u00ed vemos que hasta que no terminen las elecciones, el d\u00f3lar seguir\u00e1 presionado&#8221;.<\/p>\n<\/div>\n<div id=\"element-body-5\">\n<p>A pesar de que la nueva configuraci\u00f3n del precio del d\u00f3lar, la expectativa de devaluaci\u00f3n futura y las tasas de inter\u00e9s prometen mejores rendimientos para los inversores que apuestan a la bicicleta financiera, en la primera rueda del mes a\u00fan no se vieron movimientos en este sentido. &#8220;En las pr\u00f3ximas semanas veremos si la combinaci\u00f3n de suba de encajes, baja de retenciones, acuerdo con el FMI y la gesti\u00f3n de las expectativas resultan suficiente para lograr un equilibrio entre tipo de cambio, distancia al techo de la banda y tasa de inter\u00e9s m\u00e1s s\u00f3lido y que no tenga impl\u00edcitos cambios en el esquema de pol\u00edtica de bandas. Este es el principal desaf\u00edo ya a pocas semanas de las elecciones legislativas&#8221;, sumaron en la administradora de fondos MEGA QM. <\/p>\n<\/div>\n<p><br \/>\n<br \/><a href=\"https:\/\/www.clarin.com\/economia\/salto-dolar-regresa-carry-trade_0_4TMBPW8Ucn.html\">Fuente Clarin.com <\/a><\/p>\n","protected":false},"excerpt":{"rendered":"<p>Despu\u00e9s del salto de m\u00e1s de 13% del d\u00f3lar en julio, el mercado se prepara este mes para encontrar un nuevo punto de equilibrio, ahora m\u00e1s cercano al techo de la banda de flotaci\u00f3n de lo que se preve\u00eda semanas atr\u00e1s. Con el anuncio del desembolso de US$ 2.000 millones del Fondo y un nuevo [&hellip;]<\/p>\n","protected":false},"author":1,"featured_media":47032,"comment_status":"open","ping_status":"open","sticky":false,"template":"","format":"standard","meta":{"footnotes":""},"categories":[2],"tags":[3782,100,3068,3502,1311,3783,312],"class_list":["post-47757","post","type-post","status-publish","format-standard","has-post-thumbnail","hentry","category-ultimas-noticias","tag-carry","tag-del","tag-dolar","tag-regresa","tag-salto","tag-trade","tag-tras"],"_links":{"self":[{"href":"https:\/\/13.com.ar\/index.php\/wp-json\/wp\/v2\/posts\/47757","targetHints":{"allow":["GET"]}}],"collection":[{"href":"https:\/\/13.com.ar\/index.php\/wp-json\/wp\/v2\/posts"}],"about":[{"href":"https:\/\/13.com.ar\/index.php\/wp-json\/wp\/v2\/types\/post"}],"author":[{"embeddable":true,"href":"https:\/\/13.com.ar\/index.php\/wp-json\/wp\/v2\/users\/1"}],"replies":[{"embeddable":true,"href":"https:\/\/13.com.ar\/index.php\/wp-json\/wp\/v2\/comments?post=47757"}],"version-history":[{"count":0,"href":"https:\/\/13.com.ar\/index.php\/wp-json\/wp\/v2\/posts\/47757\/revisions"}],"wp:featuredmedia":[{"embeddable":true,"href":"https:\/\/13.com.ar\/index.php\/wp-json\/wp\/v2\/media\/47032"}],"wp:attachment":[{"href":"https:\/\/13.com.ar\/index.php\/wp-json\/wp\/v2\/media?parent=47757"}],"wp:term":[{"taxonomy":"category","embeddable":true,"href":"https:\/\/13.com.ar\/index.php\/wp-json\/wp\/v2\/categories?post=47757"},{"taxonomy":"post_tag","embeddable":true,"href":"https:\/\/13.com.ar\/index.php\/wp-json\/wp\/v2\/tags?post=47757"}],"curies":[{"name":"wp","href":"https:\/\/api.w.org\/{rel}","templated":true}]}}