{"id":47755,"date":"2025-08-03T20:06:56","date_gmt":"2025-08-03T23:06:56","guid":{"rendered":"https:\/\/13.com.ar\/index.php\/el-fmi-desembolsa-us-2-000-millones-y-advierte-por-la-desaceleracion-de-la-economia\/"},"modified":"2025-08-03T20:06:56","modified_gmt":"2025-08-03T23:06:56","slug":"el-fmi-desembolsa-us-2-000-millones-y-advierte-por-la-desaceleracion-de-la-economia","status":"publish","type":"post","link":"https:\/\/13.com.ar\/index.php\/el-fmi-desembolsa-us-2-000-millones-y-advierte-por-la-desaceleracion-de-la-economia\/","title":{"rendered":"El FMI desembolsa US$ 2.000 millones y advierte por la desaceleraci\u00f3n de la econom\u00eda"},"content":{"rendered":"<p> <br \/>\n<br \/><img decoding=\"async\" src=\"https:\/\/13.com.ar\/wp-content\/uploads\/2025\/08\/El-FMI-desembolsa-US-2000-millones-y-advierte-por-la.jpg\" \/><\/p>\n<div id=\"element-body-0\">\n<p>Luego de aprobar el viernes la primera revisi\u00f3n del nuevo programa con el Fondo Monetario, el Gobierno recibir\u00e1 en las pr\u00f3ximas horas <strong>un desembolso de US$ 2.000 millones. Una parte se destina a reforzar reservas y la otra a pagar la deuda<\/strong>. As\u00ed, apenas ingrese el giro, por otra ventanilla el Tesoro deber\u00e1 cancelar un pago de US$ 824 millones de intereses y comisiones con el propio organismo.<\/p>\n<\/div>\n<div id=\"element-body-1\">\n<p>Los recursos <strong>se sumar\u00e1n al adelanto de US$ 12.000 millones<\/strong> que ya envi\u00f3 el Fondo en abril para frenar la p\u00e9rdida de reservas y estabilizar la econom\u00eda. Dicho anticipo fue parte del acuerdo de un cr\u00e9dito de US$ 20.000 millones, a cambio del abandono del deslizamiento del 1% mensual del d\u00f3lar, el levantamiento parcial el cepo y la adopci\u00f3n de un d\u00f3lar de flotaci\u00f3n con bandas de $ 1.000 y $ 1.400.<\/p>\n<\/div>\n<div id=\"element-body-2\">\n<p>Pese al nuevo esquema cambiario y monetario dispuesto, el FMI inform\u00f3 en su staff report que<strong> no se cumpli\u00f3 la meta de reservas del segundo trimestre<\/strong>, ya que las mismas alcanzaron los -US$ 4.700 millones (deber\u00edan haber sido de -US$ 1.100 millones) debido a la demora en aprobar la revisi\u00f3n. Y autoriz\u00f3 una relajaci\u00f3n de la meta de reservas, por lo que el objetivo se redujo en US$ 5.000 millones.<\/p>\n<\/div>\n<div id=\"element-body-3\">\n<p>El Fondo tambi\u00e9n acept\u00f3 espaciar las fiscalizaciones, que ahora <strong>ser\u00e1n semestrales en lugar de trimestrales<\/strong>, luego de que el gobierno enfrentara en julio<strong> uno de los peores meses en materia de gesti\u00f3n econ\u00f3mica por la fuerte suba de tasas y las presiones sobre el d\u00f3lar<\/strong>, que el jueves peg\u00f3 un salto del 4% en un s\u00f3lo d\u00eda y cerr\u00f3 a $ 1.380, para retroceder apenas a $ 1.375 el viernes.<\/p>\n<\/div>\n<div id=\"element-body-4\">\n<p>El reporte advirti\u00f3 por el bajo nivel de reservas (Argentina se ubica entre los \u00faltimos pa\u00edses en el ranking de emergentes);  <strong>espera que el Banco Central juegue un rol &#8220;m\u00e1s activo&#8221;, comprando d\u00f3lares<\/strong> en un esquema anticipado, como Chile, Colombia o M\u00e9xico; y alert\u00f3 por el <strong>salto del d\u00e9ficit de cuenta corriente<\/strong>, que a fin de a\u00f1o llegar\u00eda a US$ 11.800 millones (1,7% del PBI, desde 0,4% en 2024).<\/p>\n<\/div>\n<div id=\"element-body-5\">\n<p>En el primer semestre, el d\u00e9ficit de d\u00f3lares se ampli\u00f3 por la apertura del cepo y la liberaci\u00f3n de importaciones. En ese marco, el Fondo alert\u00f3 que &#8220;<strong>el super\u00e1vit comercial se est\u00e1 reduciendo r\u00e1pidamente<\/strong> impulsado por un aumento de las importaciones, en un contexto de elevada actividad, una moneda a\u00fan relativamente fuerte y una liberalizaci\u00f3n comercial y cambiaria&#8221;.<\/p>\n<\/div>\n<div id=\"element-body-6\">\n<p>Pero en junio estim\u00f3 que los niveles de importaciones se redujeron un 3% mensual, pese a la tendencia alcista estacional, posiblemente reflejando una demanda dom\u00e9stica m\u00e1s d\u00e9bil y el <strong>debilitamiento del peso, que se depreci\u00f3 en t\u00e9rminos reales cerca del 15% desde abril<\/strong>, seg\u00fan sus c\u00e1lculos.<\/p>\n<\/div>\n<div id=\"element-body-8\">\n<p>Si bien destac\u00f3 que la inflaci\u00f3n disminuy\u00f3 dr\u00e1sticamente hasta m\u00ednimos de cuatro a\u00f1os, lo que sugiere un traspaso cambiario limitado a los precios, tambi\u00e9n advirti\u00f3 que <strong>la actividad se va a desacelerar en lo que resta del a\u00f1o<\/strong> por el ajuste monetario, el menor crecimiento de la econom\u00eda global y la suba del tipo de cambio real.<\/p>\n<\/div>\n<div id=\"element-body-9\">\n<p>&#8220;<strong>La actividad econ\u00f3mica sigue siendo resiliente, aunque hay se\u00f1ales de cierta moderaci\u00f3n<\/strong>. La econom\u00eda se expandi\u00f3 un 5,8 % interanual en el primer trimestre de 2025, impulsada por una recuperaci\u00f3n de la demanda interna mayor a la prevista, a pesar de una ca\u00edda breve en marzo&#8221;, se\u00f1al\u00f3 el informe. <\/p>\n<\/div>\n<div id=\"element-body-10\">\n<p>Seg\u00fan el Fondo, los niveles del PBI real se encuentran ahora cerca de m\u00e1ximos hist\u00f3ricos, con una utilizaci\u00f3n de la capacidad instalada en torno al 60 %, aunque la recuperaci\u00f3n fue desigual: la agricultura, la energ\u00eda y la miner\u00eda siguen liderando, mientras que <strong>la construcci\u00f3n y la manufactura se est\u00e1n quedando &#8220;rezagadas&#8221;<\/strong>.<\/p>\n<\/div>\n<div id=\"element-body-11\">\n<p>En medio del alerta encendida por la UIA la semana pasada por la p\u00e9rdida de &#8220;1.500 empleos por mes&#8221; y el aumento de las protestas sin huelga, el FMI sostuvo que  &#8220;los indicadores de alta frecuencia apuntan a una cierta moderaci\u00f3n en la actividad y la demanda desde finales de abril, <strong>en l\u00ednea con una desaceleraci\u00f3n en la creaci\u00f3n de empleo y el crecimiento de los salarios reales<\/strong>&#8220;.<\/p>\n<\/div>\n<div id=\"element-body-12\">\n<p>Despu\u00e9s de una recuperaci\u00f3n en forma de \u201cV\u201d en el segundo semestre de 2024, el reporte identific\u00f3 algunas se\u00f1ales de enfriamiento: &#8220;Los indicadores del mercado laboral se recuperaron desde los m\u00ednimos de abril de 2024, pero <strong>el crecimiento de los salarios reales se estanc\u00f3 recientemente y los indicadores de empleo se deterioraron<\/strong> en el primer trimestre de 2025, especialmente porque el empleo asalariado formal sigue rezagado&#8221;.<\/p>\n<\/div>\n<div id=\"element-body-13\">\n<p>En rigor, desde el inicio de la gesti\u00f3n actual en noviembre de 2023 hasta abril de este a\u00f1o, los asalariados privados se redujeron en 130.681, seg\u00fan datos oficiales.<\/p>\n<\/div>\n<p><br \/>\n<br \/><a href=\"https:\/\/www.clarin.com\/economia\/fmi-desembolsa-us-2000-millones-advierte-desaceleracion-economia_0_0YImeQdiiN.html\">Fuente Clarin.com <\/a><\/p>\n","protected":false},"excerpt":{"rendered":"<p>Luego de aprobar el viernes la primera revisi\u00f3n del nuevo programa con el Fondo Monetario, el Gobierno recibir\u00e1 en las pr\u00f3ximas horas un desembolso de US$ 2.000 millones. Una parte se destina a reforzar reservas y la otra a pagar la deuda. As\u00ed, apenas ingrese el giro, por otra ventanilla el Tesoro deber\u00e1 cancelar un [&hellip;]<\/p>\n","protected":false},"author":1,"featured_media":47756,"comment_status":"open","ping_status":"open","sticky":false,"template":"","format":"standard","meta":{"footnotes":""},"categories":[2],"tags":[4128,17818,25276,3104,323,1065,142],"class_list":["post-47755","post","type-post","status-publish","format-standard","has-post-thumbnail","hentry","category-ultimas-noticias","tag-advierte","tag-desaceleracion","tag-desembolsa","tag-economia","tag-fmi","tag-millones","tag-por"],"_links":{"self":[{"href":"https:\/\/13.com.ar\/index.php\/wp-json\/wp\/v2\/posts\/47755","targetHints":{"allow":["GET"]}}],"collection":[{"href":"https:\/\/13.com.ar\/index.php\/wp-json\/wp\/v2\/posts"}],"about":[{"href":"https:\/\/13.com.ar\/index.php\/wp-json\/wp\/v2\/types\/post"}],"author":[{"embeddable":true,"href":"https:\/\/13.com.ar\/index.php\/wp-json\/wp\/v2\/users\/1"}],"replies":[{"embeddable":true,"href":"https:\/\/13.com.ar\/index.php\/wp-json\/wp\/v2\/comments?post=47755"}],"version-history":[{"count":0,"href":"https:\/\/13.com.ar\/index.php\/wp-json\/wp\/v2\/posts\/47755\/revisions"}],"wp:featuredmedia":[{"embeddable":true,"href":"https:\/\/13.com.ar\/index.php\/wp-json\/wp\/v2\/media\/47756"}],"wp:attachment":[{"href":"https:\/\/13.com.ar\/index.php\/wp-json\/wp\/v2\/media?parent=47755"}],"wp:term":[{"taxonomy":"category","embeddable":true,"href":"https:\/\/13.com.ar\/index.php\/wp-json\/wp\/v2\/categories?post=47755"},{"taxonomy":"post_tag","embeddable":true,"href":"https:\/\/13.com.ar\/index.php\/wp-json\/wp\/v2\/tags?post=47755"}],"curies":[{"name":"wp","href":"https:\/\/api.w.org\/{rel}","templated":true}]}}