{"id":47751,"date":"2025-08-03T19:48:55","date_gmt":"2025-08-03T22:48:55","guid":{"rendered":"https:\/\/13.com.ar\/index.php\/un-hincha-de-independiente-que-viajo-a-rosario-pelea-por-su-vida-tras-sufrir-un-golpe-en-la-cabeza-luego-de-una-caida\/"},"modified":"2025-08-03T19:48:55","modified_gmt":"2025-08-03T22:48:55","slug":"un-hincha-de-independiente-que-viajo-a-rosario-pelea-por-su-vida-tras-sufrir-un-golpe-en-la-cabeza-luego-de-una-caida","status":"publish","type":"post","link":"https:\/\/13.com.ar\/index.php\/un-hincha-de-independiente-que-viajo-a-rosario-pelea-por-su-vida-tras-sufrir-un-golpe-en-la-cabeza-luego-de-una-caida\/","title":{"rendered":"Un hincha de Independiente que viaj\u00f3 a Rosario pelea por su vida tras sufrir un golpe en la cabeza luego de una ca\u00edda"},"content":{"rendered":"<p> <br \/>\n<br \/><img decoding=\"async\" src=\"https:\/\/13.com.ar\/wp-content\/uploads\/2025\/08\/Un-hincha-de-Independiente-que-viajo-a-Rosario-pelea-por.jpg\" \/><\/p>\n<div id=\"element-body-0\">\n<p>Un viaje como tantos otros yendo a alentar a Independiente termin\u00f3 en un incidente por el cual <strong>Oscar Franque<\/strong>, un hincha fan\u00e1tico del <em>Rojo <\/em>de 57 a\u00f1os, pelea por su vida en el <strong>Hospital de Emergencias Clemente \u00c1lvarez<\/strong> (HECA) de Rosario. Por un fuerte golpe en su cabeza tras un resbal\u00f3n dentro del micro de la Pe\u00f1a Roja de San Mart\u00edn, Oscar <strong>qued\u00f3 inconsciente y actualmente se encuentra en terapia intensiva, en coma y su pron\u00f3stico es reservado<\/strong>.<\/p>\n<\/div>\n<div id=\"element-body-1\">\n<p>\u00bfQu\u00e9 pas\u00f3? <strong>Oscar, un empleado de una helader\u00eda de San Mart\u00edn<\/strong>, viaj\u00f3 en un micro de dos pisos de la pe\u00f1a, como en cada partido de Independiente. El destino era la ciudad de Rosario, donde el equipo de Avellaneda jug\u00f3 y perdi\u00f3 el pasado viernes por 2 a 0 ante Belgrano, por los octavos de final de la Copa Argentina.<\/p>\n<\/div>\n<div id=\"element-body-2\">\n<p>A falta de 10 kil\u00f3metros para llegar, un incidente totalmente fortuito y desgraciado le toc\u00f3 a \u00e9l: <strong>se resbal\u00f3 bajando del primer piso mientras iba camino al ba\u00f1o, cay\u00f3 de espalda y golpe\u00f3 fuertemente su nuca<\/strong>, lo que le produjo un corte y tambi\u00e9n una fractura en una v\u00e9rtebra cervical. Desde ese momento qued\u00f3 inconsciente y no volvi\u00f3 a despertar. Actualmente <strong>est\u00e1 intubado en terapia intensiva<\/strong> del HECA de la ciudad santafesina.<\/p>\n<\/div>\n<div id=\"element-body-4\">\n<p>Ya en el hospital tuvo un cuadro de neumon\u00eda por l\u00edquido en los pulmones, por eso su cuadro se complic\u00f3 el s\u00e1bado. Sin embargo, est\u00e1 sin fiebre y le cambiaron los medicamentos. El \u00faltimo parte m\u00e9dico de este domingo indic\u00f3 que su estado no empeor\u00f3 y que el sangrado de su cabeza es leve. <strong>Le est\u00e1n suministrando morfina y le realizaron nuevos an\u00e1lisis cuyos resultados estar\u00e1n este lunes.<\/strong><\/p>\n<\/div>\n<div id=\"element-body-5\">\n<p>Est\u00e1 acompa\u00f1ado por su madre y su hermana y por integrantes de la pe\u00f1a, como el presidente <strong>Cristian Cesari<\/strong>. &#8220;Es un tipo recontra querido porque siempre est\u00e1 en todas las movidas solidarias, siempre se disfraza de Rey Mago, de Pap\u00e1 Noel. Todos le dicen &#8216;El Viejo&#8217; y siempre anda a los gritos en los viajes en micro, arengando. Siempre le dec\u00edamos &#8216;Viejo, callate&#8217; y ahora todos pedimos que pronto podamos verlo gritar de nuevo&#8221;, le dijo Ceriani a <strong>Clar\u00edn<\/strong>.<\/p>\n<\/div>\n<div id=\"element-body-7\">\n<p>Oscar trabaja en una helader\u00eda de San Mart\u00edn. <strong>Tambi\u00e9n es parte de la Comisi\u00f3n de la pe\u00f1a.<\/strong> A Rosario viajaba acompa\u00f1ado por sus hijos Fede y Juli. Entre los hinchas del <em>Rojo<\/em>, la noticia comenz\u00f3 a circular por las redes sociales pidiendo cadenas de oraci\u00f3n por \u00e9l. Todo Independiente espera por su recuperaci\u00f3n.<\/p>\n<\/div>\n<p><br \/>\n<br \/><a href=\"https:\/\/www.clarin.com\/deportes\/hincha-independiente-viajo-rosario-pelea-vida-sufrir-golpe-cabeza-caida_0_FBojczClHD.html\">Fuente Clarin.com <\/a><\/p>\n","protected":false},"excerpt":{"rendered":"<p>Un viaje como tantos otros yendo a alentar a Independiente termin\u00f3 en un incidente por el cual Oscar Franque, un hincha fan\u00e1tico del Rojo de 57 a\u00f1os, pelea por su vida en el Hospital de Emergencias Clemente \u00c1lvarez (HECA) de Rosario. Por un fuerte golpe en su cabeza tras un resbal\u00f3n dentro del micro de [&hellip;]<\/p>\n","protected":false},"author":1,"featured_media":47752,"comment_status":"open","ping_status":"open","sticky":false,"template":"","format":"standard","meta":{"footnotes":""},"categories":[2],"tags":[5433,1953,3103,1653,1914,1875,777,142,1806,340,312,73,6976,113],"class_list":["post-47751","post","type-post","status-publish","format-standard","has-post-thumbnail","hentry","category-ultimas-noticias","tag-cabeza","tag-caida","tag-golpe","tag-hincha","tag-independiente","tag-luego","tag-pelea","tag-por","tag-rosario","tag-sufrir","tag-tras","tag-una","tag-viajo","tag-vida"],"_links":{"self":[{"href":"https:\/\/13.com.ar\/index.php\/wp-json\/wp\/v2\/posts\/47751","targetHints":{"allow":["GET"]}}],"collection":[{"href":"https:\/\/13.com.ar\/index.php\/wp-json\/wp\/v2\/posts"}],"about":[{"href":"https:\/\/13.com.ar\/index.php\/wp-json\/wp\/v2\/types\/post"}],"author":[{"embeddable":true,"href":"https:\/\/13.com.ar\/index.php\/wp-json\/wp\/v2\/users\/1"}],"replies":[{"embeddable":true,"href":"https:\/\/13.com.ar\/index.php\/wp-json\/wp\/v2\/comments?post=47751"}],"version-history":[{"count":0,"href":"https:\/\/13.com.ar\/index.php\/wp-json\/wp\/v2\/posts\/47751\/revisions"}],"wp:featuredmedia":[{"embeddable":true,"href":"https:\/\/13.com.ar\/index.php\/wp-json\/wp\/v2\/media\/47752"}],"wp:attachment":[{"href":"https:\/\/13.com.ar\/index.php\/wp-json\/wp\/v2\/media?parent=47751"}],"wp:term":[{"taxonomy":"category","embeddable":true,"href":"https:\/\/13.com.ar\/index.php\/wp-json\/wp\/v2\/categories?post=47751"},{"taxonomy":"post_tag","embeddable":true,"href":"https:\/\/13.com.ar\/index.php\/wp-json\/wp\/v2\/tags?post=47751"}],"curies":[{"name":"wp","href":"https:\/\/api.w.org\/{rel}","templated":true}]}}