{"id":47749,"date":"2025-08-03T19:45:57","date_gmt":"2025-08-03T22:45:57","guid":{"rendered":"https:\/\/13.com.ar\/index.php\/el-guion-de-los-autocratas-del-siglo-xxi-hoy-bukele\/"},"modified":"2025-08-03T19:45:57","modified_gmt":"2025-08-03T22:45:57","slug":"el-guion-de-los-autocratas-del-siglo-xxi-hoy-bukele","status":"publish","type":"post","link":"https:\/\/13.com.ar\/index.php\/el-guion-de-los-autocratas-del-siglo-xxi-hoy-bukele\/","title":{"rendered":"El gui\u00f3n de los aut\u00f3cratas del siglo XXI: hoy, Bukele"},"content":{"rendered":"<p> <br \/>\n<br \/><img decoding=\"async\" src=\"https:\/\/13.com.ar\/wp-content\/uploads\/2025\/08\/El-guion-de-los-autocratas-del-siglo-XXI-hoy-Bukele.jpg\" \/><\/p>\n<div id=\"element-body-0\">\n<p>En los \u00faltimos a\u00f1os hemos podido dilucidar el gui\u00f3n que siguen los nuevos aut\u00f3cratas que, sin golpes de estado, van \u201cgolpeando\u201d a la democracia de manera lenta, sutil, persistente. Tienen un plan: el desmantelamiento de la institucionalidad democr\u00e1tica hasta convertirla en una fachada. <\/p>\n<\/div>\n<div id=\"element-body-1\">\n<p>As\u00ed como Ch\u00e1vez u Ortega, Bukele ha conseguido la reelecci\u00f3n indefinida, aprobado por la c\u00e1mara de diputados que, dada la reforma anterior a la ultima elecci\u00f3n, cuenta con una super mayor\u00eda bukelista. En mi libro <em>La Rana en la olla<\/em>, publicado recientemente por Grupo Uni\u00f3n, describo la caja de herramientas que utilizan estos aut\u00f3cratas del siglo XXI:<\/p>\n<\/div>\n<div id=\"element-body-2\">\n<p>a.\t<em>Resistencia a la rendici\u00f3n de cuentas y al sistema de frenos y contrapesos.<\/em><\/p>\n<\/div>\n<div id=\"element-body-3\">\n<p>a.1) <em>avance del Ejecutivo sobre el poder judicial: acoso verbal, nombramientos espurios y control sobre el acceso, persecuci\u00f3n abierta<\/em><\/p>\n<\/div>\n<div id=\"element-body-4\">\n<p>a.II) <em>avance del Ejecutivo sobre el poder legislativo<\/em>: reformas \/cambios en la composici\u00f3n\/ cambios en la forma de elecci\u00f3n, acoso verbal, persecuci\u00f3n a miembros opositores del legislativo, vaciamiento de funciones y\/o de presupuesto, cierre<\/p>\n<\/div>\n<div id=\"element-body-5\">\n<p>b. <em>avance sobre las reglas electorales<\/em>: modificaciones y cambios en las reglas del juego electoral que alteran la transparencia y la libre competencia: desde el n\u00famero de esca\u00f1os, c\u00f3mo se vota, duraci\u00f3n de mandatos y, obviamente, reelecciones.<\/p>\n<\/div>\n<div id=\"element-body-6\">\n<p>c. <em>reducci\u00f3n del espacio de contestaci\u00f3n p\u00fablica<\/em>:<\/p>\n<\/div>\n<div id=\"element-body-7\">\n<p>c.I) restricciones a la libertad de prensa y expresi\u00f3n: pauta, censura, expropiaci\u00f3n, cierre, acoso verbal,  persecuci\u00f3n a periodistas<\/p>\n<\/div>\n<div id=\"element-body-8\">\n<p>c.II) restricciones a la sociedad civil: criminalizaci\u00f3n de las protestas\/ detenciones arbitrarias, represi\u00f3n sobre las protestas opositoras, cierre de ONGs, persecuci\u00f3n \/ hostigamiento sobre l\u00edderes de la sociedad civil<\/p>\n<\/div>\n<div id=\"element-body-9\">\n<p>c.III) restricciones a partidos pol\u00edticos: persecuci\u00f3n a l\u00edderes opositores y restricciones de distinta \u00edndole para presentarse en elecciones<\/p>\n<\/div>\n<div id=\"element-body-10\">\n<p>d. abuso o tergiversaci\u00f3n de las facultades constitucionales y paraconstitucionales del Poder Ejecutivo: uso sistem\u00e1tico de instrumentos como el decreto u otros similares \/leyes de emergencia, estado de excepci\u00f3n , modificaciones constitucionales para permitir la reelecci\u00f3n, uso arbitrario de los recursos del Estado: aumento del aparato burocr\u00e1tico, inflaci\u00f3n por aumento de gasto p\u00fablico, opacidad \/ tergiversaci\u00f3n de la informaci\u00f3n, discurso polarizante.<\/p>\n<\/div>\n<div id=\"element-body-11\">\n<p>e.<em> Cooptaci\u00f3n de las fuerzas de seguridad:<\/em> ej\u00e9rcito, polic\u00eda, servicios de inteligencia.<\/p>\n<\/div>\n<div id=\"element-body-12\">\n<p>Estos indicadores nos presentan se\u00f1ales de alerta. El final del camino es un r\u00e9gimen autocr\u00e1tico, donde ya no hay un sistema de frenos y contrapesos, sino la voluntad del gobernante o el partido; donde no se rinde cuentas, es un r\u00e9gimen en el cual las protestas est\u00e1n criminalizadas, no existe pluralidad de partidos pol\u00edticos, los l\u00edderes opositores son perseguidos, encarcelados o invitados a exiliarse, la libertad de prensa est\u00e1 cercenada y muchos periodistas pierden la vida en su ejercicio y defensa, las ONG que no responden al oficialismo son perseguidas, donde la ley se hace y deshace de acuerdo al capricho del gobernante \/partido, y se utilizan los recursos del Estado para premiar adeptos y castigar enemigos. La demonizaci\u00f3n del otro, como enemigo de la naci\u00f3n, antipatria, vende patria o agentes del imperialismo est\u00e1n a la orden del d\u00eda. <\/p>\n<\/div>\n<div id=\"element-body-13\">\n<p>Entonces, cuando estamos frente a un gobernante que persigue, encarcela o cancela a la oposici\u00f3n (incluyendo el exilio), limita \/restringe la libertad de expresi\u00f3n, niega la legitimidad pol\u00edtica del adversario y de diversas formas de oposici\u00f3n (incluyendo ONGs), erosiona y vac\u00eda las instituciones, se niega a rendir cuentas de sus actos y vapulea las instituciones de rendici\u00f3n de cuentas, independientemente del origen de ese gobierno, podemos decir que estamos frente a un gobierno autocr\u00e1tico.<\/p>\n<\/div>\n<div id=\"element-body-14\">\n<p><em>Constanza Mazzina es Directora de la Licenciatura en Ciencias Pol\u00edticas de UCEMA<\/em><\/p>\n<\/div>\n<p><br \/>\n<br \/><a href=\"https:\/\/www.clarin.com\/opinion\/guion-autocratas-siglo-xxi-hoy-bukele_0_XjshPnkX3f.html\">Fuente Clarin.com <\/a><\/p>\n","protected":false},"excerpt":{"rendered":"<p>En los \u00faltimos a\u00f1os hemos podido dilucidar el gui\u00f3n que siguen los nuevos aut\u00f3cratas que, sin golpes de estado, van \u201cgolpeando\u201d a la democracia de manera lenta, sutil, persistente. Tienen un plan: el desmantelamiento de la institucionalidad democr\u00e1tica hasta convertirla en una fachada. As\u00ed como Ch\u00e1vez u Ortega, Bukele ha conseguido la reelecci\u00f3n indefinida, aprobado [&hellip;]<\/p>\n","protected":false},"author":1,"featured_media":47750,"comment_status":"open","ping_status":"open","sticky":false,"template":"","format":"standard","meta":{"footnotes":""},"categories":[2],"tags":[25275,3400,100,10182,147,28,2623,10572],"class_list":["post-47749","post","type-post","status-publish","format-standard","has-post-thumbnail","hentry","category-ultimas-noticias","tag-autocratas","tag-bukele","tag-del","tag-guion","tag-hoy","tag-los","tag-siglo","tag-xxi"],"_links":{"self":[{"href":"https:\/\/13.com.ar\/index.php\/wp-json\/wp\/v2\/posts\/47749","targetHints":{"allow":["GET"]}}],"collection":[{"href":"https:\/\/13.com.ar\/index.php\/wp-json\/wp\/v2\/posts"}],"about":[{"href":"https:\/\/13.com.ar\/index.php\/wp-json\/wp\/v2\/types\/post"}],"author":[{"embeddable":true,"href":"https:\/\/13.com.ar\/index.php\/wp-json\/wp\/v2\/users\/1"}],"replies":[{"embeddable":true,"href":"https:\/\/13.com.ar\/index.php\/wp-json\/wp\/v2\/comments?post=47749"}],"version-history":[{"count":0,"href":"https:\/\/13.com.ar\/index.php\/wp-json\/wp\/v2\/posts\/47749\/revisions"}],"wp:featuredmedia":[{"embeddable":true,"href":"https:\/\/13.com.ar\/index.php\/wp-json\/wp\/v2\/media\/47750"}],"wp:attachment":[{"href":"https:\/\/13.com.ar\/index.php\/wp-json\/wp\/v2\/media?parent=47749"}],"wp:term":[{"taxonomy":"category","embeddable":true,"href":"https:\/\/13.com.ar\/index.php\/wp-json\/wp\/v2\/categories?post=47749"},{"taxonomy":"post_tag","embeddable":true,"href":"https:\/\/13.com.ar\/index.php\/wp-json\/wp\/v2\/tags?post=47749"}],"curies":[{"name":"wp","href":"https:\/\/api.w.org\/{rel}","templated":true}]}}