{"id":47744,"date":"2025-08-03T19:09:57","date_gmt":"2025-08-03T22:09:57","guid":{"rendered":"https:\/\/13.com.ar\/index.php\/detuvieron-a-una-mujer-que-viajaba-con-una-nena-de-dos-anos-adentro-de-una-valija\/"},"modified":"2025-08-03T19:09:57","modified_gmt":"2025-08-03T22:09:57","slug":"detuvieron-a-una-mujer-que-viajaba-con-una-nena-de-dos-anos-adentro-de-una-valija","status":"publish","type":"post","link":"https:\/\/13.com.ar\/index.php\/detuvieron-a-una-mujer-que-viajaba-con-una-nena-de-dos-anos-adentro-de-una-valija\/","title":{"rendered":"detuvieron a una mujer que viajaba con una nena de dos a\u00f1os adentro de una valija"},"content":{"rendered":"<p> <br \/>\n<br \/><img decoding=\"async\" src=\"https:\/\/13.com.ar\/wp-content\/uploads\/2025\/08\/detuvieron-a-una-mujer-que-viajaba-con-una-nena-de.jpg\" \/><\/p>\n<div id=\"element-body-0\">\n<p>La polic\u00eda de Nueva Zelanda detuvo este domingo a una mujer que viajaba en micro con <strong>una nena de dos a\u00f1os dentro de su valija<\/strong>, en uno de los compartimientos del autob\u00fas. El conductor del veh\u00edculo advirti\u00f3 a la polic\u00eda, luego de notar que <strong>el equipaje se mov\u00eda<\/strong>.<\/p>\n<\/div>\n<div id=\"element-body-1\">\n<p>Todo ocurri\u00f3 en la terminal de autobuses de Kaiwakam, una ciudad a 100 kil\u00f3metros al norte de Auckland, durante una de las paradas del micro. <\/p>\n<\/div>\n<div id=\"element-body-2\">\n<p>Seg\u00fan inform\u00f3 el medio local <em>RNZ<\/em>, la se\u00f1al de alerta se di\u00f3 luego de que la mujer pidiese acceder a su maleta, que<strong> era transportada en el compartimiento de equipaje del micro,<\/strong> un \u00e1rea independiente que se encuentra debajo de los asientos de los pasajeros y al que <strong>se accede desde el exterior del veh\u00edculo.<\/strong><\/p>\n<\/div>\n<div id=\"element-body-3\">\n<p>Hasta all\u00ed fue la mujer, acompa\u00f1ada por el conductor. Sin embargo,<strong> cuando el hombre abri\u00f3 el compartimiento, not\u00f3 que la valija se mov\u00eda.<\/strong> Al abrirla, encontr\u00f3 que<strong> dentro hab\u00eda una nena de dos a\u00f1os<\/strong>. Preocupado, llam\u00f3 a la polic\u00eda.<\/p>\n<\/div>\n<div id=\"element-body-4\">\n<p>Seg\u00fan inform\u00f3 Simon Harrison, el detective que intervino en el caso, &#8220;<strong>la peque\u00f1a ten\u00eda mucho calor<\/strong>, pero por lo dem\u00e1s parec\u00eda f\u00edsicamente ilesa&#8221;. No obstante, el oficial agreg\u00f3 que la menor fue hospitalizada y que se le har\u00e1 una evaluaci\u00f3n m\u00e9dica exhaustiva.<\/p>\n<\/div>\n<div id=\"element-body-5\">\n<p>El polic\u00eda sostuvo adem\u00e1s que el conductor del micro evit\u00f3 <strong>&#8220;lo que pudo haber sido un desenlace mucho peor&#8221;<\/strong><\/p>\n<\/div>\n<div id=\"element-body-6\">\n<p>En tanto, la mujer de 27 a\u00f1os que viajaba con la ni\u00f1a en la valija fue arrestada, y <strong>qued\u00f3 acusada de maltrato infantil y negligencia. <\/strong>El lunes deber\u00e1 comparecer en la corte del Distrito de North Shore. La polic\u00eda inform\u00f3 que <strong>no se descarta que puedan presentarse m\u00e1s cargos<\/strong>.<\/p>\n<\/div>\n<p><br \/>\n<br \/><a href=\"https:\/\/www.clarin.com\/internacional\/nueva-zelanda-detuvieron-mujer-viajaba-nena-anos-adentro-valija_0_31Ai2uVh64.html\">Fuente Clarin.com <\/a><\/p>\n","protected":false},"excerpt":{"rendered":"<p>La polic\u00eda de Nueva Zelanda detuvo este domingo a una mujer que viajaba en micro con una nena de dos a\u00f1os dentro de su valija, en uno de los compartimientos del autob\u00fas. El conductor del veh\u00edculo advirti\u00f3 a la polic\u00eda, luego de notar que el equipaje se mov\u00eda. Todo ocurri\u00f3 en la terminal de autobuses [&hellip;]<\/p>\n","protected":false},"author":1,"featured_media":47745,"comment_status":"open","ping_status":"open","sticky":false,"template":"","format":"standard","meta":{"footnotes":""},"categories":[2],"tags":[4402,636,18,1148,59,138,3218,73,20093,8790],"class_list":["post-47744","post","type-post","status-publish","format-standard","has-post-thumbnail","hentry","category-ultimas-noticias","tag-adentro","tag-anos","tag-con","tag-detuvieron","tag-dos","tag-mujer","tag-nena","tag-una","tag-valija","tag-viajaba"],"_links":{"self":[{"href":"https:\/\/13.com.ar\/index.php\/wp-json\/wp\/v2\/posts\/47744","targetHints":{"allow":["GET"]}}],"collection":[{"href":"https:\/\/13.com.ar\/index.php\/wp-json\/wp\/v2\/posts"}],"about":[{"href":"https:\/\/13.com.ar\/index.php\/wp-json\/wp\/v2\/types\/post"}],"author":[{"embeddable":true,"href":"https:\/\/13.com.ar\/index.php\/wp-json\/wp\/v2\/users\/1"}],"replies":[{"embeddable":true,"href":"https:\/\/13.com.ar\/index.php\/wp-json\/wp\/v2\/comments?post=47744"}],"version-history":[{"count":0,"href":"https:\/\/13.com.ar\/index.php\/wp-json\/wp\/v2\/posts\/47744\/revisions"}],"wp:featuredmedia":[{"embeddable":true,"href":"https:\/\/13.com.ar\/index.php\/wp-json\/wp\/v2\/media\/47745"}],"wp:attachment":[{"href":"https:\/\/13.com.ar\/index.php\/wp-json\/wp\/v2\/media?parent=47744"}],"wp:term":[{"taxonomy":"category","embeddable":true,"href":"https:\/\/13.com.ar\/index.php\/wp-json\/wp\/v2\/categories?post=47744"},{"taxonomy":"post_tag","embeddable":true,"href":"https:\/\/13.com.ar\/index.php\/wp-json\/wp\/v2\/tags?post=47744"}],"curies":[{"name":"wp","href":"https:\/\/api.w.org\/{rel}","templated":true}]}}