{"id":47742,"date":"2025-08-03T18:51:57","date_gmt":"2025-08-03T21:51:57","guid":{"rendered":"https:\/\/13.com.ar\/index.php\/apoyo-a-los-vetos-de-milei-pero-preocupa-a-los-gobernadores-el-aval-a-sus-reclamos\/"},"modified":"2025-08-03T18:51:57","modified_gmt":"2025-08-03T21:51:57","slug":"apoyo-a-los-vetos-de-milei-pero-preocupa-a-los-gobernadores-el-aval-a-sus-reclamos","status":"publish","type":"post","link":"https:\/\/13.com.ar\/index.php\/apoyo-a-los-vetos-de-milei-pero-preocupa-a-los-gobernadores-el-aval-a-sus-reclamos\/","title":{"rendered":"apoyo a los vetos de Milei pero preocupa a los gobernadores el aval a sus reclamos"},"content":{"rendered":"<p> <br \/>\n<br \/><img decoding=\"async\" src=\"https:\/\/13.com.ar\/wp-content\/uploads\/2025\/08\/apoyo-a-los-vetos-de-Milei-pero-preocupa-a-los.jpg\" \/><\/p>\n<div id=\"element-body-0\">\n<p>Adem\u00e1s del encuentro convocado por el macrismo para definir si prospera un acuerdo con los libertarios en la Ciudad, <strong>este lunes habr\u00e1 otra reuni\u00f3n<\/strong> que genera tambi\u00e9n bastantes rispideces. Se trata de la cumbre que llam\u00f3 Mauricio Macri para <strong>sostener los vetos presidenciales que firm\u00f3 Javier Milei<\/strong> en las \u00faltimas horas por el aumento a las jubilaciones, la ampliaci\u00f3n de la moratoria previsional y la emergencia en discapacidad que en julio sancion\u00f3 el Congreso.<\/p>\n<\/div>\n<div id=\"element-body-1\">\n<p>Fuentes del PRO reconocen que <strong>no hay ning\u00fan tipo de intenci\u00f3n en el partido amarillo de contradecir al Presidente<\/strong> respecto a su postura de no apoyar leyes que, seg\u00fan los c\u00e1lculos del Gobierno, generar\u00edan un aumento del gasto estimado en casi dos puntos y medio del PBI.<\/p>\n<\/div>\n<div id=\"element-body-2\">\n<p>Pero s\u00ed hay jugadores fuertes en la mesa chica del partido que ven como <strong>un error estrat\u00e9gico de Macri<\/strong> llamar a una reuni\u00f3n en la que s\u00f3lo habr\u00e1 unos 18 diputados en lugar de los 35 que tiene en la actualidad. Muchos de los que responden a Patricia Bullrich no fueron invitados a la cita, que tambi\u00e9n ser\u00e1 virtual.<\/p>\n<\/div>\n<div id=\"element-body-3\">\n<p>&#8220;No invit\u00f3 a todos los que se referencian en Patricia, deber\u00edan estar todos ah\u00ed&#8221;, agregan respecto a una cumbre en la que <strong>se espera que tambi\u00e9n participen Ignacio Torres, gobernador de Chubut, y Rogelio Frigerio, su par de Entre R\u00edos<\/strong>. Ah\u00ed parece haber un foco de conflicto m\u00e1s dif\u00edcil de zanjar.<\/p>\n<\/div>\n<div id=\"element-body-6\">\n<p>Los gobernadores <strong>dar\u00edan el aval a un veto de Milei<\/strong>, pero tienen una postura bien clara respecto a las iniciativas que en su momento presentaron con los otros jefes provinciales para que se obtenga un mayor reparto de los<strong> ATN y una mejor tajada del Impuesto a los Combustibles <\/strong>que Naci\u00f3n viene retaceando.<\/p>\n<\/div>\n<div id=\"element-body-7\">\n<p>Esos dos proyectos ya<strong> tienen media sanci\u00f3n en el Senado <\/strong>y deber\u00edan avanzar tambi\u00e9n en Diputados. Seg\u00fan las provincias, que adem\u00e1s remarcan que son fondos que ya deber\u00edan estar cobrando, representan un 0,11% de impacto fiscal, mientras que el Gobierno lo calcula aproximadamente en el doble. <\/p>\n<\/div>\n<div id=\"element-body-8\">\n<p><strong>\u00bfSe animar\u00e1 Milei a vetarlos tambi\u00e9n? <\/strong>Y, en caso de que lo haga, <strong>\u00bfqu\u00e9 postura tomar\u00e1 el PRO respecto a dos iniciativas que firmaron los dos gobernadores que tiene el partido? <\/strong>En Chubut y Entre R\u00edos dudan sobre la posici\u00f3n del macrismo llegado ese momento. Y eso genera un foco mayor de conflictividad.<\/p>\n<\/div>\n<div id=\"element-body-9\">\n<p>Torres es tambi\u00e9n uno de los<strong> seis gobernadores que adhiri\u00f3 al nuevo frente electoral provincial <\/strong>que competir\u00e1 como espacio independiente en las pr\u00f3ximas elecciones legislativas nacionales. No es el caso de Frigerio, que negocia un acuerdo local con Milei.<\/p>\n<\/div>\n<div id=\"element-body-10\">\n<blockquote class=\"twitter-tweet\">\n<p lang=\"es\" dir=\"ltr\">Representamos la Argentina del campo, la industria, la miner\u00eda y la energ\u00eda, el comercio y los servicios que son los motores del Desarrollo Argentino. <\/p>\n<p>Somos el espacio pol\u00edtico que garantiza conocimiento y decisi\u00f3n para llevar adelante el plan productivo que genere trabajo en\u2026<\/p>\n<p>\u2014 Nacho Torres (@NachoTorresCH) <a rel=\"nofollow\" target=\"_blank\" href=\"https:\/\/twitter.com\/NachoTorresCH\/status\/1952047152902885630?ref_src=twsrc%5Etfw\">August 3, 2025<\/a><\/p><\/blockquote>\n<\/div>\n<div id=\"element-body-11\">\n<p>El domingo, <strong>cuatro de los seis gobernadores que promueven el nuevo armado federal<\/strong>, salieron en simult\u00e1neo en redes sociales a promover sus consignas de cara a lo que viene.<\/p>\n<\/div>\n<div id=\"element-body-12\">\n<p>&#8220;Representamos la Argentina del campo, la industria, la miner\u00eda y la energ\u00eda, el comercio y los servicios que son los motores del Desarrollo Argentino. Somos el espacio pol\u00edtico que garantiza conocimiento y decisi\u00f3n para llevar adelante el plan productivo que genere trabajo en todo el pa\u00eds&#8221;, dice el texto que publicaron en conjunto Torres, el juje\u00f1o Carlos Sadir, el santafesino Maximiliano Pullaro y el cordob\u00e9s Mart\u00edn Llaryora.<\/p>\n<\/div>\n<p><script async src=\"\/\/platform.twitter.com\/widgets.js\" charset=\"utf-8\"><\/script><br \/>\n<br \/><br \/>\n<br \/><a href=\"https:\/\/www.clarin.com\/politica\/cumbre-pro-apoyo-vetos-milei-preocupa-gobernadores-aval-reclamos_0_hJntD2kFr3.html\">Fuente Clarin.com <\/a><\/p>\n","protected":false},"excerpt":{"rendered":"<p>Adem\u00e1s del encuentro convocado por el macrismo para definir si prospera un acuerdo con los libertarios en la Ciudad, este lunes habr\u00e1 otra reuni\u00f3n que genera tambi\u00e9n bastantes rispideces. Se trata de la cumbre que llam\u00f3 Mauricio Macri para sostener los vetos presidenciales que firm\u00f3 Javier Milei en las \u00faltimas horas por el aumento a [&hellip;]<\/p>\n","protected":false},"author":1,"featured_media":47743,"comment_status":"open","ping_status":"open","sticky":false,"template":"","format":"standard","meta":{"footnotes":""},"categories":[2],"tags":[2800,5551,2769,28,77,265,1380,3241,40,23342],"class_list":["post-47742","post","type-post","status-publish","format-standard","has-post-thumbnail","hentry","category-ultimas-noticias","tag-apoyo","tag-aval","tag-gobernadores","tag-los","tag-milei","tag-pero","tag-preocupa","tag-reclamos","tag-sus","tag-vetos"],"_links":{"self":[{"href":"https:\/\/13.com.ar\/index.php\/wp-json\/wp\/v2\/posts\/47742","targetHints":{"allow":["GET"]}}],"collection":[{"href":"https:\/\/13.com.ar\/index.php\/wp-json\/wp\/v2\/posts"}],"about":[{"href":"https:\/\/13.com.ar\/index.php\/wp-json\/wp\/v2\/types\/post"}],"author":[{"embeddable":true,"href":"https:\/\/13.com.ar\/index.php\/wp-json\/wp\/v2\/users\/1"}],"replies":[{"embeddable":true,"href":"https:\/\/13.com.ar\/index.php\/wp-json\/wp\/v2\/comments?post=47742"}],"version-history":[{"count":0,"href":"https:\/\/13.com.ar\/index.php\/wp-json\/wp\/v2\/posts\/47742\/revisions"}],"wp:featuredmedia":[{"embeddable":true,"href":"https:\/\/13.com.ar\/index.php\/wp-json\/wp\/v2\/media\/47743"}],"wp:attachment":[{"href":"https:\/\/13.com.ar\/index.php\/wp-json\/wp\/v2\/media?parent=47742"}],"wp:term":[{"taxonomy":"category","embeddable":true,"href":"https:\/\/13.com.ar\/index.php\/wp-json\/wp\/v2\/categories?post=47742"},{"taxonomy":"post_tag","embeddable":true,"href":"https:\/\/13.com.ar\/index.php\/wp-json\/wp\/v2\/tags?post=47742"}],"curies":[{"name":"wp","href":"https:\/\/api.w.org\/{rel}","templated":true}]}}