{"id":4772,"date":"2025-02-14T03:40:54","date_gmt":"2025-02-14T06:40:54","guid":{"rendered":"https:\/\/13.com.ar\/index.php\/imponen-una-restriccion-de-concurrencia-administrativa-a-eventos-deportivos-a-pato-calvici-y-otros-siete-barras-de-river\/"},"modified":"2025-02-14T03:40:54","modified_gmt":"2025-02-14T06:40:54","slug":"imponen-una-restriccion-de-concurrencia-administrativa-a-eventos-deportivos-a-pato-calvici-y-otros-siete-barras-de-river","status":"publish","type":"post","link":"https:\/\/13.com.ar\/index.php\/imponen-una-restriccion-de-concurrencia-administrativa-a-eventos-deportivos-a-pato-calvici-y-otros-siete-barras-de-river\/","title":{"rendered":"Imponen una restricci\u00f3n de concurrencia administrativa a eventos deportivos a Pato Calvici y otros siete barras de River"},"content":{"rendered":"<p> <br \/>\n<br \/><img decoding=\"async\" src=\"https:\/\/13.com.ar\/wp-content\/uploads\/2025\/02\/Imponen-una-restriccion-de-concurrencia-administrativa-a-eventos-deportivos-a.jpg\" \/><\/p>\n<div>\n<p>El Ministerio de Seguridad le impuso este viernes una \u201c<strong>restricci\u00f3n de concurrencia administrativa a todo evento deportivo<\/strong>\u201d a <strong>Ariel &#8220;Pato&#8221; Calvici y otros siete barras de River<\/strong> que, violando una medida anterior que les imped\u00eda ingresar a los estadios, el mi\u00e9rcoles entraron al Malvinas Argentinas de Mendoza para presenciar el encuentro ante Godoy Cruz.<\/p>\n<\/div>\n<div>\n<p>La nueva disposici\u00f3n fue confirmada por intermedio de la <strong>Resoluci\u00f3n 211\/2025<\/strong> del <strong>Ministerio de Seguridad Nacional<\/strong>, publicada en el Bolet\u00edn Oficial con la firma de Patricia Bullrich.<\/p>\n<\/div>\n<div>\n<p>El texto afirmo que Calvici, un barra de primera l\u00ednea de Los Borrachos del Tabl\u00f3n, al igual que Hugo Ezequiel I\u00f1iguez, Lucas David Mujica, Ismael Jonathan David Cabrera, Juan Cruz El\u00edas, Ricardo Samuel \u00c1lvarez Donoso, Hugo Leandro Moreno y Jonathan Ariel Garc\u00eda Alonso, <strong>estuvieron en el escenario de la capital mendocina pese a poseer restricciones administrativas vigentes<\/strong> para el ingreso a eventos deportivos.<\/p>\n<\/div>\n<div>\n<p>Mencion\u00f3, adem\u00e1s, que esas restricciones eran por tiempo indeterminado para Calvici e I\u00f1iguez, y que para los restantes culminaban en los meses de febrero, marzo y abril del presente a\u00f1o.<\/p>\n<\/div>\n<div>\n<p>Ante ese escenario, el Ministerio de Seguridad subray\u00f3 &#8220;la conducta reincidente de los encartados, quienes<strong> omitieron cumplir con la veda administrativa que ya pesaba sobre ellos<\/strong>&#8220;.<\/p>\n<\/div>\n<div>\n<p>En Mendoza, donde se habilit\u00f3 el ingreso de hinchas de River bajo la figura de \u201cneutrales\u201d, este grupo de barras logr\u00f3 <strong>burlar los controles e ingresar al estadio<\/strong>. Sin embargo, luego lograron identificarlos a trav\u00e9s de las c\u00e1maras de seguridad.<\/p>\n<\/div>\n<div>\n<p>Es por eso que la Polic\u00eda mendocina los intercept\u00f3 en plena tribuna y<strong> los invit\u00f3 a irse, &#8220;por las buenas o por las malas&#8221;, del Malvinas Argentinas<\/strong>. Ni el &#8220;Pato&#8221; ni el resto de los barras pusieron resistencia y se retiraron.<\/p>\n<\/div>\n<div>\n<p>\u201cComo consecuencia de las conductas desplegadas por los causantes se labraron las correspondientes actas policiales y la Nota N\u00b0 21\/2025 del 13 de febrero de 2025 suscripta por el Comisario Inspector Alejandro Sandoval, Jefe de la Direcci\u00f3n de Planeamiento Operativo del Ministerio de Seguridad y Justicia de la Provincia de Mendoza\u201d, detall\u00f3 el documento oficial.<\/p>\n<\/div>\n<div>\n<p>Ahora, el Ministerio de Seguridad dispuso la restricci\u00f3n de concurrencia administrativa<strong> por tiempo indeterminado para \u201cPato\u201d Calvici e I\u00f1iguez<\/strong>, mientras que <strong>al resto<\/strong> les impusieron la misma pena, pero <strong>por 36 meses<\/strong>.<\/p>\n<\/div>\n<p><br \/>\n<br \/><a href=\"https:\/\/www.clarin.com\/deportes\/imponen-restriccion-concurrencia-administrativa-pato-calvici-barras-river_0_azbPrmWG4n.html\">Fuente Clarin.com <\/a><\/p>\n","protected":false},"excerpt":{"rendered":"<p>El Ministerio de Seguridad le impuso este viernes una \u201crestricci\u00f3n de concurrencia administrativa a todo evento deportivo\u201d a Ariel &#8220;Pato&#8221; Calvici y otros siete barras de River que, violando una medida anterior que les imped\u00eda ingresar a los estadios, el mi\u00e9rcoles entraron al Malvinas Argentinas de Mendoza para presenciar el encuentro ante Godoy Cruz. La [&hellip;]<\/p>\n","protected":false},"author":1,"featured_media":4773,"comment_status":"open","ping_status":"open","sticky":false,"template":"","format":"standard","meta":{"footnotes":""},"categories":[2],"tags":[4688,6781,6780,6777,6778,953,6775,1103,6779,6776,595,2264,73],"class_list":["post-4772","post","type-post","status-publish","format-standard","has-post-thumbnail","hentry","category-ultimas-noticias","tag-administrativa","tag-barras","tag-calvici","tag-concurrencia","tag-deportivos","tag-eventos","tag-imponen","tag-otros","tag-pato","tag-restriccion","tag-river","tag-siete","tag-una"],"_links":{"self":[{"href":"https:\/\/13.com.ar\/index.php\/wp-json\/wp\/v2\/posts\/4772","targetHints":{"allow":["GET"]}}],"collection":[{"href":"https:\/\/13.com.ar\/index.php\/wp-json\/wp\/v2\/posts"}],"about":[{"href":"https:\/\/13.com.ar\/index.php\/wp-json\/wp\/v2\/types\/post"}],"author":[{"embeddable":true,"href":"https:\/\/13.com.ar\/index.php\/wp-json\/wp\/v2\/users\/1"}],"replies":[{"embeddable":true,"href":"https:\/\/13.com.ar\/index.php\/wp-json\/wp\/v2\/comments?post=4772"}],"version-history":[{"count":0,"href":"https:\/\/13.com.ar\/index.php\/wp-json\/wp\/v2\/posts\/4772\/revisions"}],"wp:featuredmedia":[{"embeddable":true,"href":"https:\/\/13.com.ar\/index.php\/wp-json\/wp\/v2\/media\/4773"}],"wp:attachment":[{"href":"https:\/\/13.com.ar\/index.php\/wp-json\/wp\/v2\/media?parent=4772"}],"wp:term":[{"taxonomy":"category","embeddable":true,"href":"https:\/\/13.com.ar\/index.php\/wp-json\/wp\/v2\/categories?post=4772"},{"taxonomy":"post_tag","embeddable":true,"href":"https:\/\/13.com.ar\/index.php\/wp-json\/wp\/v2\/tags?post=4772"}],"curies":[{"name":"wp","href":"https:\/\/api.w.org\/{rel}","templated":true}]}}