{"id":4770,"date":"2025-02-14T02:16:27","date_gmt":"2025-02-14T05:16:27","guid":{"rendered":"https:\/\/13.com.ar\/index.php\/las-mejores-frases-para-enviar-y-celebrar-el-dia-de-los-enamorados-este-14-de-febrero\/"},"modified":"2025-02-14T02:16:27","modified_gmt":"2025-02-14T05:16:27","slug":"las-mejores-frases-para-enviar-y-celebrar-el-dia-de-los-enamorados-este-14-de-febrero","status":"publish","type":"post","link":"https:\/\/13.com.ar\/index.php\/las-mejores-frases-para-enviar-y-celebrar-el-dia-de-los-enamorados-este-14-de-febrero\/","title":{"rendered":"las mejores frases para enviar y celebrar el D\u00eda de los Enamorados este 14 de febrero"},"content":{"rendered":"<p> <br \/>\n<br \/><img decoding=\"async\" src=\"https:\/\/13.com.ar\/wp-content\/uploads\/2025\/02\/las-mejores-frases-para-enviar-y-celebrar-el-Dia-de.jpg\" \/><\/p>\n<div>\n<p>Cada <strong>14 de febrero<\/strong>, se celebra el <strong>D\u00eda de los Enamorados<\/strong> en la mayor\u00eda de los pa\u00edses. <strong>San Valent\u00edn<\/strong> es la ocasi\u00f3n perfecta para expresar el amor. No se trata solo de celebrar el amor en pareja, sino tambi\u00e9n de demostrar afecto a familiares y amigos.<\/p>\n<\/div>\n<div>\n<p>Algunos eligen las palabras cuidadosamente y las plasman en <strong>mensajes de texto o publicaciones en redes sociales<\/strong>, mientras que otros, con un toque m\u00e1s rom\u00e1ntico y nost\u00e1lgico, prefieren escribir <strong>cartas a mano<\/strong>, llenas de emoci\u00f3n y recuerdos compartidos. Sea cual sea la forma, el prop\u00f3sito es el mismo: <strong>expresar amor en este d\u00eda especial.<\/strong><\/p>\n<\/div>\n<div>\n<p><strong>San Valent\u00edn<\/strong> fue un <strong>sacerdote romano <\/strong>que vivi\u00f3 durante el Imperio Romano. Para ese entonces, el emperador Claudio II hab\u00eda prohibido a los hombres j\u00f3venes contraer matrimonio porque se cre\u00eda que aquellos que permanec\u00edan solteros y sin hijos eran mejores soldados.<\/p>\n<\/div>\n<div>\n<p><strong>Valent\u00edn<\/strong> desafi\u00f3 la orden del emperador y empez\u00f3 a <strong>oficiar en secreto casamientos para j\u00f3venes enamorados. <\/strong>Por esta raz\u00f3n, con el tiempo se lo reconoci\u00f3 como el <strong>patr\u00f3n de los enamorados. <\/strong>Al descubrirlo, <strong>Claudio II lo conden\u00f3 a muerte el 14 de febrero del a\u00f1o 270<\/strong>, acus\u00e1ndolo de desobediencia y rebeld\u00eda. M\u00e1s tarde, en el a\u00f1o 494 el <strong>papa Gelasio I declar\u00f3 el d\u00eda de su martirio, como el d\u00eda de San Valent\u00edn.<\/strong><\/p>\n<\/div>\n<p><br \/>\n<br \/><a href=\"https:\/\/www.clarin.com\/informacion-general\/san-valentin-mejores-frases-enviar-celebrar-dia-enamorados-14-febrero_0_8z8l3XBscS.html\">Fuente Clarin.com <\/a><\/p>\n","protected":false},"excerpt":{"rendered":"<p>Cada 14 de febrero, se celebra el D\u00eda de los Enamorados en la mayor\u00eda de los pa\u00edses. San Valent\u00edn es la ocasi\u00f3n perfecta para expresar el amor. No se trata solo de celebrar el amor en pareja, sino tambi\u00e9n de demostrar afecto a familiares y amigos. Algunos eligen las palabras cuidadosamente y las plasman en [&hellip;]<\/p>\n","protected":false},"author":1,"featured_media":4771,"comment_status":"open","ping_status":"open","sticky":false,"template":"","format":"standard","meta":{"footnotes":""},"categories":[2],"tags":[681,1154,6774,1274,139,1823,680,48,28,679,16],"class_list":["post-4770","post","type-post","status-publish","format-standard","has-post-thumbnail","hentry","category-ultimas-noticias","tag-celebrar","tag-dia","tag-enamorados","tag-enviar","tag-este","tag-febrero","tag-frases","tag-las","tag-los","tag-mejores","tag-para"],"_links":{"self":[{"href":"https:\/\/13.com.ar\/index.php\/wp-json\/wp\/v2\/posts\/4770","targetHints":{"allow":["GET"]}}],"collection":[{"href":"https:\/\/13.com.ar\/index.php\/wp-json\/wp\/v2\/posts"}],"about":[{"href":"https:\/\/13.com.ar\/index.php\/wp-json\/wp\/v2\/types\/post"}],"author":[{"embeddable":true,"href":"https:\/\/13.com.ar\/index.php\/wp-json\/wp\/v2\/users\/1"}],"replies":[{"embeddable":true,"href":"https:\/\/13.com.ar\/index.php\/wp-json\/wp\/v2\/comments?post=4770"}],"version-history":[{"count":0,"href":"https:\/\/13.com.ar\/index.php\/wp-json\/wp\/v2\/posts\/4770\/revisions"}],"wp:featuredmedia":[{"embeddable":true,"href":"https:\/\/13.com.ar\/index.php\/wp-json\/wp\/v2\/media\/4771"}],"wp:attachment":[{"href":"https:\/\/13.com.ar\/index.php\/wp-json\/wp\/v2\/media?parent=4770"}],"wp:term":[{"taxonomy":"category","embeddable":true,"href":"https:\/\/13.com.ar\/index.php\/wp-json\/wp\/v2\/categories?post=4770"},{"taxonomy":"post_tag","embeddable":true,"href":"https:\/\/13.com.ar\/index.php\/wp-json\/wp\/v2\/tags?post=4770"}],"curies":[{"name":"wp","href":"https:\/\/api.w.org\/{rel}","templated":true}]}}