{"id":4768,"date":"2025-02-14T01:57:33","date_gmt":"2025-02-14T04:57:33","guid":{"rendered":"https:\/\/13.com.ar\/index.php\/el-gobierno-declaro-organizacion-terrorista-a-la-ram-apuntada-por-los-incendios-en-la-patagonia\/"},"modified":"2025-02-14T01:57:33","modified_gmt":"2025-02-14T04:57:33","slug":"el-gobierno-declaro-organizacion-terrorista-a-la-ram-apuntada-por-los-incendios-en-la-patagonia","status":"publish","type":"post","link":"https:\/\/13.com.ar\/index.php\/el-gobierno-declaro-organizacion-terrorista-a-la-ram-apuntada-por-los-incendios-en-la-patagonia\/","title":{"rendered":"El Gobierno declar\u00f3 organizaci\u00f3n terrorista a la RAM, apuntada por los incendios en la Patagonia"},"content":{"rendered":"<p> <br \/>\n<br \/><img decoding=\"async\" src=\"https:\/\/13.com.ar\/wp-content\/uploads\/2025\/02\/El-Gobierno-declaro-organizacion-terrorista-a-la-RAM-apuntada-por.jpg\" \/><\/p>\n<div>\n<p>El Gobierno de Javier Milei declar\u00f3 este viernes organizaci\u00f3n terrorista al grupo Resistencia Ancestral Mapuche (RAM), apuntado por los incendios que azotan a distintos puntos de la Patagonia. Lo hizo por intermedio de Resoluci\u00f3n 210\/2025 del Ministerio de Seguridad Nacional, publicada en el Bolet\u00edn Oficial.<\/p>\n<\/div>\n<div>\n<p>El Art\u00edculo 1de esa normativa, que lleva la firma de Patricia Bullrich, dispuso \u201cdeclarar reunidos los requisitos establecidos en el art\u00edculo 25 inciso d) del Decreto N\u00b0 918\/2012 y sus modificatorios para la inscripci\u00f3n de la organizaci\u00f3n \u2018Resistencia Ancestral Mapuche\u2019 en el Registro P\u00fablico de Personas y Entidades Vinculadas a Actos de Terrorismo y su Financiamiento (RePET)\u201d.<\/p>\n<\/div>\n<div>\n<p>La medida hac\u00eda sido anticipada hace poco m\u00e1s de una semana por funcionarios del Gobierno. Primero fue la ministra de Seguridad Nacional, quien adem\u00e1s de anticipar esta decisi\u00f3n critic\u00f3 a la Justicia por la liberaci\u00f3n de Jones Huala, luego de intentar robar autos.<\/p>\n<\/div>\n<div>\n<p>&#8220;En la Argentina del Presidente Milei no hay lugar para la violencia ni para los criminales ni para los terroristas&#8221;, remarc\u00f3 Bullrich.<\/p>\n<\/div>\n<div>\n<p>Luego fue el vocero presidencial, Manuel Adorni, quien puso el foco en Facundo Jones Huala, el l\u00edder mapuche que reivindic\u00f3 los incendios en la Patagonia y a quien defini\u00f3 en varias oportunidades como terrorista.<\/p>\n<\/div>\n<div>\n<p>Al hablar sobre unas declaraciones de Jones Huala donde \u201creivindic\u00f3 los atentados incendiarios y los sabotajes a la estructura del sistema capitalista de las transnacionales y de los terratenientes\u201d, Adorni destac\u00f3 que esas palabras &#8220;pintan de cuerpo entero al enemigo&#8221;.<\/p>\n<\/div>\n<p><br \/>\n<br \/><a href=\"https:\/\/www.clarin.com\/politica\/gobierno-declaro-organizacion-terrorista-ram-apuntada-incendios-patagonia_0_DHjTILWkRW.html\">Fuente Clarin.com <\/a><\/p>\n","protected":false},"excerpt":{"rendered":"<p>El Gobierno de Javier Milei declar\u00f3 este viernes organizaci\u00f3n terrorista al grupo Resistencia Ancestral Mapuche (RAM), apuntado por los incendios que azotan a distintos puntos de la Patagonia. Lo hizo por intermedio de Resoluci\u00f3n 210\/2025 del Ministerio de Seguridad Nacional, publicada en el Bolet\u00edn Oficial. El Art\u00edculo 1de esa normativa, que lleva la firma de [&hellip;]<\/p>\n","protected":false},"author":1,"featured_media":4769,"comment_status":"open","ping_status":"open","sticky":false,"template":"","format":"standard","meta":{"footnotes":""},"categories":[2],"tags":[6773,278,71,2422,28,4080,3976,142,4082,4081],"class_list":["post-4768","post","type-post","status-publish","format-standard","has-post-thumbnail","hentry","category-ultimas-noticias","tag-apuntada","tag-declaro","tag-gobierno","tag-incendios","tag-los","tag-organizacion","tag-patagonia","tag-por","tag-ram","tag-terrorista"],"_links":{"self":[{"href":"https:\/\/13.com.ar\/index.php\/wp-json\/wp\/v2\/posts\/4768","targetHints":{"allow":["GET"]}}],"collection":[{"href":"https:\/\/13.com.ar\/index.php\/wp-json\/wp\/v2\/posts"}],"about":[{"href":"https:\/\/13.com.ar\/index.php\/wp-json\/wp\/v2\/types\/post"}],"author":[{"embeddable":true,"href":"https:\/\/13.com.ar\/index.php\/wp-json\/wp\/v2\/users\/1"}],"replies":[{"embeddable":true,"href":"https:\/\/13.com.ar\/index.php\/wp-json\/wp\/v2\/comments?post=4768"}],"version-history":[{"count":0,"href":"https:\/\/13.com.ar\/index.php\/wp-json\/wp\/v2\/posts\/4768\/revisions"}],"wp:featuredmedia":[{"embeddable":true,"href":"https:\/\/13.com.ar\/index.php\/wp-json\/wp\/v2\/media\/4769"}],"wp:attachment":[{"href":"https:\/\/13.com.ar\/index.php\/wp-json\/wp\/v2\/media?parent=4768"}],"wp:term":[{"taxonomy":"category","embeddable":true,"href":"https:\/\/13.com.ar\/index.php\/wp-json\/wp\/v2\/categories?post=4768"},{"taxonomy":"post_tag","embeddable":true,"href":"https:\/\/13.com.ar\/index.php\/wp-json\/wp\/v2\/tags?post=4768"}],"curies":[{"name":"wp","href":"https:\/\/api.w.org\/{rel}","templated":true}]}}