{"id":4766,"date":"2025-02-14T01:14:13","date_gmt":"2025-02-14T04:14:13","guid":{"rendered":"https:\/\/13.com.ar\/index.php\/se-instalo-en-la-casa-de-su-hermana-y-se-reencontro-con-su-hijo\/"},"modified":"2025-02-14T01:14:13","modified_gmt":"2025-02-14T04:14:13","slug":"se-instalo-en-la-casa-de-su-hermana-y-se-reencontro-con-su-hijo","status":"publish","type":"post","link":"https:\/\/13.com.ar\/index.php\/se-instalo-en-la-casa-de-su-hermana-y-se-reencontro-con-su-hijo\/","title":{"rendered":"se instal\u00f3 en la casa de su hermana y se reencontr\u00f3 con su hijo"},"content":{"rendered":"<p> <br \/>\n<\/p>\n<div id=\"cuerpo\">\n<div class=\"sc-80531b6b-0 chRIGJ container-text text-embed\">\n<p><strong>Morena Rial recuper\u00f3 su libertad<\/strong> este jueves por la noche, despu\u00e9s de pasar una semana detenida en una comisar\u00eda de San Isidro tras ser imputada por<strong> robo doblemente agravado<\/strong> y se instal\u00f3 en el departamento de su hermana, Roc\u00edo Rial.<\/p>\n<\/div>\n<div class=\"sc-80531b6b-0 chRIGJ container-text text-embed\">\n<p>Hasta ese lugar lleg\u00f3 el padre de ambas, el periodista<strong> Jorge Rial<\/strong>. Llevaba en sus brazos al hijo de Morena, a quien ten\u00eda bajo su custodia. As\u00ed, se produjo entonces el <strong>reencuentro entra la joven de 26 a\u00f1os y Amadeo<\/strong>, de cuatro meses, luego de varios d\u00edas sin tener contacto.<\/p>\n<\/div>\n<div class=\"sc-80531b6b-0 chRIGJ container-text text-embed\">\n<p>\u201cEst\u00e1 todo bien. Vine a traer a mi nieto con su mam\u00e1. Ah\u00ed se reencontraron y es todo lo que tengo que para decir. Amadeo est\u00e1 b\u00e1rbaro y Morena ah\u00ed est\u00e1. Hoy era solo traer a Amadeo, que se reencontraran y punto\u201d, manifest\u00f3 Jorge Rial al salir del domicilio.<\/p>\n<\/div>\n<div class=\"sc-80531b6b-0 chRIGJ container-text text-embed\">\n<p>En ese sentido, anticip\u00f3: \u201c<strong>La charla va a venir el fin de semana<\/strong>, tranquilos, como debe ser. Ahora hay que salir del shock\u201d.<\/p>\n<\/div>\n<div class=\"sc-80531b6b-0 chRIGJ container-text text-embed\">\n<p>Al ser consultado sobre si esta detenci\u00f3n puede significar un cambio para su hija, Rial dijo que hizo \u201ctodo lo posible y quiz\u00e1s este es el l\u00edmite para que salga de un camino\u201d que no le ense\u00f1\u00f3.<\/p>\n<\/div>\n<div class=\"sc-80531b6b-0 chRIGJ container-text text-embed\">\n<p>\u201cLa voy a perdonar, pero igual <strong>no necesita mi perd\u00f3n<\/strong>. En todo caso tiene que buscar el perd\u00f3n de los que da\u00f1\u00f3 haciendo lo que hizo\u201d, complet\u00f3 el conductor radial y televisivo.<\/p>\n<\/div>\n<div class=\"sc-198be8ec-0 cynXbu image-embed  image-embed \"><picture class=\"sc-198be8ec-1 kOjRiQ\"><source media=\"(min-width: 975px)\" width=\"720\" height=\"480\" \/><img alt=\"Jorge Rial habl\u00f3 con la prensa sobre la situaci\u00f3n de Morena, luego de llevarle a su hijo Amadeo.\" loading=\"lazy\" width=\"720\" height=\"480\" decoding=\"async\" data-nimg=\"1\" style=\"color:transparent\" src=\"https:\/\/13.com.ar\/wp-content\/uploads\/2025\/02\/se-instalo-en-la-casa-de-su-hermana-y-se.jpg\"\/><span class=\"epigraphe\">Jorge Rial habl\u00f3 con la prensa sobre la situaci\u00f3n de Morena, luego de llevarle a su hijo Amadeo.<\/span><span class=\"bkg\"\/><span class=\"picture-open\"><button class=\"open-image\" aria-label=\"Open Image\"\/><\/span><\/picture><\/div>\n<div class=\"sc-80531b6b-0 chRIGJ container-text text-embed\">\n<p>La hija de Jorge Rial hab\u00eda recibido el mi\u00e9rcoles el beneficio de la excarcelaci\u00f3n extraordinaria por parte del juez Ricardo Jos\u00e9 Costa, del juzgado de Garant\u00edas N\u00b0 1 de San Isidro, bajo ciertas condiciones.<\/p>\n<\/div>\n<div class=\"sc-80531b6b-0 chRIGJ container-text text-embed\">\n<p>Sin embargo, el fiscal general adjunto de San Isidro Patricio Ferrari, a cargo de la UFI Mart\u00ednez, orden\u00f3 m\u00e1s medidas para garantizar que la medi\u00e1tica las cumpla, lo que demor\u00f3 su excarcelaci\u00f3n.<\/p>\n<\/div>\n<div class=\"sc-80531b6b-0 chRIGJ container-text text-embed\">\n<p>Morena Rial se retir\u00f3 de la dependencia policial con su exrepresentante Cristian Manzanelli pasadas las 21 y solo alcanz\u00f3 a decir &#8220;Chau, gracias&#8221;. &#8220;No puedo&#8221;, manifest\u00f3 ante la consulta de la prensa. Al llegar al edificio donde vive su hermana tampoco realiz\u00f3 declaraciones.<\/p>\n<\/div>\n<div class=\"sc-80531b6b-0 chRIGJ container-text text-embed\">\n<p>Alejandro Cipolla, exabogado y amigo de la joven, sostuvo en la tarde del jueves que compartir techo con Roci\u00f3 era la mejor elecci\u00f3n para este momento. \u201cCreo que ahora es la mejor opci\u00f3n que est\u00e9 con su hermana, pero a futuro va a tener que tener su independencia\u201d, expres\u00f3.<\/p>\n<\/div>\n<div class=\"sc-80531b6b-0 chRIGJ container-text text-embed\">\n<p>Seg\u00fan pudo saber <strong><em>Clar\u00edn<\/em><\/strong>, Morena reconoci\u00f3 la responsabilidad en el hecho que se le imput\u00f3 limitando su participaci\u00f3n a ser conductora del auto con el que la banda fue a robar a una casa en Villa Adelina, el 18 de enero pasado.<\/p>\n<\/div>\n<div class=\"sc-198be8ec-0 cynXbu image-embed  image-embed \"><picture class=\"sc-198be8ec-1 kOjRiQ\"><source media=\"(min-width: 975px)\" width=\"720\" height=\"480\" \/><img alt=\"Morena Rial se instal\u00f3 en la casa de su hermana Roc\u00edo luego de recuperar su libertad.\" loading=\"lazy\" width=\"720\" height=\"480\" decoding=\"async\" data-nimg=\"1\" style=\"color:transparent\" src=\"https:\/\/13.com.ar\/wp-content\/uploads\/2025\/02\/1739506453_771_se-instalo-en-la-casa-de-su-hermana-y-se.jpg\"\/><span class=\"epigraphe\">Morena Rial se instal\u00f3 en la casa de su hermana Roc\u00edo luego de recuperar su libertad.<\/span><span class=\"bkg\"\/><span class=\"picture-open\"><button class=\"open-image\" aria-label=\"Open Image\"\/><\/span><\/picture><\/div>\n<div class=\"sc-80531b6b-0 chRIGJ container-text text-embed\">\n<p>Durante la indagatoria, Morena colabor\u00f3 con los investigadores aportando datos para identificar al resto del grupo que particip\u00f3 del episodio. Tambi\u00e9n aport\u00f3 las claves de sus celulares para que sean auditados. Y se mostr\u00f3 arrepentida por lo que sucedi\u00f3 y avergonzada y angustiada dando cuenta que su deseo es estar con su hijo de cuatro meses.<\/p>\n<\/div>\n<\/div>\n<p><br \/>\n<br \/><a href=\"https:\/\/www.clarin.com\/fama\/liberaron-morena-rial-instalo-casa-hermana-reencontro-hijo_0_0hB9c82hcI.html\">Fuente Clarin.com <\/a><\/p>\n","protected":false},"excerpt":{"rendered":"<p>Morena Rial recuper\u00f3 su libertad este jueves por la noche, despu\u00e9s de pasar una semana detenida en una comisar\u00eda de San Isidro tras ser imputada por robo doblemente agravado y se instal\u00f3 en el departamento de su hermana, Roc\u00edo Rial. Hasta ese lugar lleg\u00f3 el padre de ambas, el periodista Jorge Rial. Llevaba en sus [&hellip;]<\/p>\n","protected":false},"author":1,"featured_media":4767,"comment_status":"open","ping_status":"open","sticky":false,"template":"","format":"standard","meta":{"footnotes":""},"categories":[2],"tags":[108,18,1803,918,6772,3122],"class_list":["post-4766","post","type-post","status-publish","format-standard","has-post-thumbnail","hentry","category-ultimas-noticias","tag-casa","tag-con","tag-hermana","tag-hijo","tag-instalo","tag-reencontro"],"_links":{"self":[{"href":"https:\/\/13.com.ar\/index.php\/wp-json\/wp\/v2\/posts\/4766","targetHints":{"allow":["GET"]}}],"collection":[{"href":"https:\/\/13.com.ar\/index.php\/wp-json\/wp\/v2\/posts"}],"about":[{"href":"https:\/\/13.com.ar\/index.php\/wp-json\/wp\/v2\/types\/post"}],"author":[{"embeddable":true,"href":"https:\/\/13.com.ar\/index.php\/wp-json\/wp\/v2\/users\/1"}],"replies":[{"embeddable":true,"href":"https:\/\/13.com.ar\/index.php\/wp-json\/wp\/v2\/comments?post=4766"}],"version-history":[{"count":0,"href":"https:\/\/13.com.ar\/index.php\/wp-json\/wp\/v2\/posts\/4766\/revisions"}],"wp:featuredmedia":[{"embeddable":true,"href":"https:\/\/13.com.ar\/index.php\/wp-json\/wp\/v2\/media\/4767"}],"wp:attachment":[{"href":"https:\/\/13.com.ar\/index.php\/wp-json\/wp\/v2\/media?parent=4766"}],"wp:term":[{"taxonomy":"category","embeddable":true,"href":"https:\/\/13.com.ar\/index.php\/wp-json\/wp\/v2\/categories?post=4766"},{"taxonomy":"post_tag","embeddable":true,"href":"https:\/\/13.com.ar\/index.php\/wp-json\/wp\/v2\/tags?post=4766"}],"curies":[{"name":"wp","href":"https:\/\/api.w.org\/{rel}","templated":true}]}}