{"id":4764,"date":"2025-02-14T01:07:50","date_gmt":"2025-02-14T04:07:50","guid":{"rendered":"https:\/\/13.com.ar\/index.php\/como-quedo-la-tabla-de-posiciones-y-que-necesita-para-ser-campeon\/"},"modified":"2025-02-14T01:07:50","modified_gmt":"2025-02-14T04:07:50","slug":"como-quedo-la-tabla-de-posiciones-y-que-necesita-para-ser-campeon","status":"publish","type":"post","link":"https:\/\/13.com.ar\/index.php\/como-quedo-la-tabla-de-posiciones-y-que-necesita-para-ser-campeon\/","title":{"rendered":"c\u00f3mo qued\u00f3 la tabla de posiciones y qu\u00e9 necesita para ser campe\u00f3n"},"content":{"rendered":"<p> <br \/>\n<\/p>\n<div id=\"cuerpo\">\n<div class=\"sc-80531b6b-0 chRIGJ container-text text-embed\">\n<p><strong>Da bronca c\u00f3mo termin\u00f3 escap\u00e1ndose la primera chance de ser campe\u00f3n del Sudamericano Sub 20 para la Selecci\u00f3n Argentina<\/strong>. Porque hizo el mayor desgaste el equipo de <strong>Diego Placente<\/strong>, lo empez\u00f3 ganando con un <strong>golazo de penal &#8216;picado&#8217; de Claudio Echeverri<\/strong> y pag\u00f3 car\u00edsimo la <strong>\u00fanica distracci\u00f3n <\/strong>que tuvo ante un <strong>Brasil timorato, que eligi\u00f3 defenderse y apel\u00f3 al juego brusco<\/strong> -permitido por el \u00e1rbitro- para frenar el dominio de la Albiceleste. Da bronca por ese final caliente, en el que hubo encontronazos y gestos obscenos de los brasile\u00f1os a los familiares de los jugadores argentinos en las tribunas. <\/p>\n<\/div>\n<div class=\"sc-80531b6b-0 chRIGJ container-text text-embed\">\n<p>Habr\u00e1 que esperar hasta el domingo para la definici\u00f3n del campe\u00f3n -en caso de empate en puntos ser\u00e1 por diferencia de gol-, lo \u00fanico que queda por resolver ya que est\u00e1n los cuatro clasificados al Mundial de Chile (Paraguay y Colombia se sumaron en esta cuarta fecha, eliminando a Uruguay). Con ambos empatados en 10 puntos en la tabla de posiciones, <strong>Argentina <\/strong>enfrentar\u00e1 a <strong>Paraguay <\/strong>y <strong>Brasil <\/strong>a <strong>Chile<\/strong>, con una ventaja de la &#8216;Canarinha&#8217; en la diferencia de gol (+4 contra +3), que es el primer criterio de desempate del reglamento del torneo.<\/p>\n<\/div>\n<p><iframe loading=\"lazy\" title=\"\u00a1#ARGENTINA y #BRASIL EMPATARON con un FINAL CALIENTE ! | Brasil 1\u20131 Argentina | Resumen\" width=\"640\" height=\"360\" src=\"https:\/\/www.youtube.com\/embed\/YpAiCsz-mm8?feature=oembed\" frameborder=\"0\" allow=\"accelerometer; autoplay; clipboard-write; encrypted-media; gyroscope; picture-in-picture; web-share\" referrerpolicy=\"strict-origin-when-cross-origin\" allowfullscreen><\/iframe><\/p>\n<div class=\"sc-80531b6b-0 chRIGJ container-text text-embed\">\n<p><strong>Ojo que tambi\u00e9n hay certezas que deja esta &#8216;batalla&#8217; de Caracas<\/strong>. Porque lo que en otra \u00e9poca pod\u00eda parecer un padecimiento, ahora es un deseo: <strong>jugar contra Brasil<\/strong>. Los dos ten\u00edan en la memoria el hist\u00f3rico 6-0 para la Albiceleste con el que se inici\u00f3 este camino rumbo al Mundial que se jugar\u00e1 en septiembre del otro lado de la Cordillera.<\/p>\n<\/div>\n<div class=\"sc-80531b6b-0 chRIGJ container-text text-embed\">\n<p>Por eso no extra\u00f1\u00f3 el dominio que la Selecci\u00f3n juvenil despleg\u00f3 en los primeros 45 minutos. Los dirigidos por <strong>Diego Placente <\/strong>impusieron condiciones con el regreso de <strong>Ian Subiabre <\/strong>a la titularidad y al esquema que mejor le sienta a este equipo, de lo <strong>m\u00e1s parecido a la <em>Scaloneta<\/em> versi\u00f3n Qatar 2022<\/strong>, por su intensidad en la recuperaci\u00f3n tras p\u00e9rdida, por el despliegue de sus laterales, por sus motores en el mediocampo y por el toque distintivo que le da el jugador que porta la camiseta n\u00famero 10.<\/p>\n<\/div>\n<div class=\"sc-80531b6b-0 chRIGJ container-text text-embed\">\n<p>Es que <strong>Claudio Echeverri <\/strong>fue lo m\u00e1s peligroso. Tres tiros en los primeros 30 minutos que pudieron haber sido la apertura del marcador y que coron\u00f3 con esa <strong>definici\u00f3n en modo Juli\u00e1n \u00c1lvarez picando el penal <\/strong>que Bidon le hab\u00eda cometido a <strong>Julio Soler<\/strong>, otro de los baluartes albicelestes.<\/p>\n<\/div>\n<div class=\"sc-80531b6b-0 chRIGJ container-text text-embed\">\n<p><strong>Muy poquito fue lo que hizo Brasil<\/strong>. Ni siquiera con la desventaja en el marcador, sabiendo que ese resultado le daba el t\u00edtulo a la Argentina. Fue planchado el segundo tiempo hasta los 25 minutos, cuando a partir del aire que le dieron los cambios, el conjunto de Ram\u00f3n Menezes lo emparej\u00f3, con pierna fuerte m\u00e1s que juego, con Igor como bandera de ese juego brusco, quien inexplicablemente no se fue expulsado por el \u00e1rbitro Math\u00edas De Armas, de muy floja actuaci\u00f3n.<\/p>\n<\/div>\n<div class=\"sc-198be8ec-0 cynXbu image-embed  image-embed \"><picture class=\"sc-198be8ec-1 kOjRiQ\"><source media=\"(min-width: 975px)\" width=\"720\" height=\"480\" \/><img alt=\"Foto: EFE\/ Miguel Guti\u00e9rrez\" loading=\"lazy\" width=\"720\" height=\"480\" decoding=\"async\" data-nimg=\"1\" style=\"color:transparent\" src=\"https:\/\/13.com.ar\/wp-content\/uploads\/2025\/02\/como-quedo-la-tabla-de-posiciones-y-que-necesita-para.jpg\"\/><span class=\"epigraphe\">Foto: EFE\/ Miguel Guti\u00e9rrez<\/span><span class=\"bkg\"\/><span class=\"picture-open\"><button class=\"open-image\" aria-label=\"Open Image\"\/><\/span><\/picture><\/div>\n<div class=\"sc-80531b6b-0 chRIGJ container-text text-embed\">\n<p>Pag\u00f3 car\u00edsimo Argentina su \u00fanica distracci\u00f3n defensiva, un achique sin presi\u00f3n sobre la pelota en el que el propio Igor encontr\u00f3 la diagonal de Rayan, quien defini\u00f3 cruzado y super\u00f3 la resistencia del arquero Jerem\u00edas Martinet.<\/p>\n<\/div>\n<div class=\"sc-80531b6b-0 chRIGJ container-text text-embed\">\n<p><strong>&#8220;El partido lo ten\u00edamos controlado, ellos no hab\u00edan hecho nada para empatarlo. Fue una injusticia, es una l\u00e1stima&#8221;<\/strong>, dijo Echeverri, que pidi\u00f3 el cambio por un dolor fuerte en el tobillo izquierdo, donde le colocaron hielo.<\/p>\n<\/div>\n<div class=\"sc-80531b6b-0 chRIGJ container-text text-embed\">\n<p>Ser\u00e1 el domingo entonces el momento de la definici\u00f3n. Argentina buscar\u00e1 un triunfo que lo acerque al t\u00edtulo, que vendr\u00e1 por sexta para el pa\u00eds si Brasil no logra vencer a los chilenos o si la Albiceleste consigue una mejor diferencia de gol que le permita superarlo en ese criterio de desempate.<\/p>\n<\/div>\n<div class=\"sc-80531b6b-0 chRIGJ container-text text-embed\">\n<p><strong>Pero hay una seguridad: Brasil, ya no te tenemos miedo.<\/strong><\/p>\n<\/div>\n<p><h2>La tabla de posiciones del Sudamericano Sub 20<\/h2>\n<\/p>\n<p><iframe title=\"Fase final del Sudamericano Sub 20 \" aria-label=\"Tabla\" id=\"datawrapper-chart-rwzEe\" src=\"https:\/\/datawrapper.dwcdn.net\/rwzEe\/1\/\" scrolling=\"no\" frameborder=\"0\" style=\"width: 0; min-width: 100% !important; border: none;\" height=\"474\" data-external=\"1\"><\/iframe><\/p>\n<\/div>\n<p><br \/>\n<br \/><a href=\"https:\/\/www.clarin.com\/deportes\/argentina-empato-brasil-sudamericano-sub-20-quedo-tabla-posiciones-necesita-campeon_0_SayzQSmCqT.html\">Fuente Clarin.com <\/a><\/p>\n","protected":false},"excerpt":{"rendered":"<p>Da bronca c\u00f3mo termin\u00f3 escap\u00e1ndose la primera chance de ser campe\u00f3n del Sudamericano Sub 20 para la Selecci\u00f3n Argentina. Porque hizo el mayor desgaste el equipo de Diego Placente, lo empez\u00f3 ganando con un golazo de penal &#8216;picado&#8217; de Claudio Echeverri y pag\u00f3 car\u00edsimo la \u00fanica distracci\u00f3n que tuvo ante un Brasil timorato, que eligi\u00f3 [&hellip;]<\/p>\n","protected":false},"author":1,"featured_media":4765,"comment_status":"open","ping_status":"open","sticky":false,"template":"","format":"standard","meta":{"footnotes":""},"categories":[2],"tags":[1748,66,2012,16,3297,286,336,1234,3296],"class_list":["post-4764","post","type-post","status-publish","format-standard","has-post-thumbnail","hentry","category-ultimas-noticias","tag-campeon","tag-como","tag-necesita","tag-para","tag-posiciones","tag-que","tag-quedo","tag-ser","tag-tabla"],"_links":{"self":[{"href":"https:\/\/13.com.ar\/index.php\/wp-json\/wp\/v2\/posts\/4764","targetHints":{"allow":["GET"]}}],"collection":[{"href":"https:\/\/13.com.ar\/index.php\/wp-json\/wp\/v2\/posts"}],"about":[{"href":"https:\/\/13.com.ar\/index.php\/wp-json\/wp\/v2\/types\/post"}],"author":[{"embeddable":true,"href":"https:\/\/13.com.ar\/index.php\/wp-json\/wp\/v2\/users\/1"}],"replies":[{"embeddable":true,"href":"https:\/\/13.com.ar\/index.php\/wp-json\/wp\/v2\/comments?post=4764"}],"version-history":[{"count":0,"href":"https:\/\/13.com.ar\/index.php\/wp-json\/wp\/v2\/posts\/4764\/revisions"}],"wp:featuredmedia":[{"embeddable":true,"href":"https:\/\/13.com.ar\/index.php\/wp-json\/wp\/v2\/media\/4765"}],"wp:attachment":[{"href":"https:\/\/13.com.ar\/index.php\/wp-json\/wp\/v2\/media?parent=4764"}],"wp:term":[{"taxonomy":"category","embeddable":true,"href":"https:\/\/13.com.ar\/index.php\/wp-json\/wp\/v2\/categories?post=4764"},{"taxonomy":"post_tag","embeddable":true,"href":"https:\/\/13.com.ar\/index.php\/wp-json\/wp\/v2\/tags?post=4764"}],"curies":[{"name":"wp","href":"https:\/\/api.w.org\/{rel}","templated":true}]}}