{"id":4762,"date":"2025-02-14T01:04:10","date_gmt":"2025-02-14T04:04:10","guid":{"rendered":"https:\/\/13.com.ar\/index.php\/el-fuerte-mensaje-contra-riquelme-y-el-consejo-de-futbol\/"},"modified":"2025-02-14T01:04:10","modified_gmt":"2025-02-14T04:04:10","slug":"el-fuerte-mensaje-contra-riquelme-y-el-consejo-de-futbol","status":"publish","type":"post","link":"https:\/\/13.com.ar\/index.php\/el-fuerte-mensaje-contra-riquelme-y-el-consejo-de-futbol\/","title":{"rendered":"el fuerte mensaje contra Riquelme y el Consejo de F\u00fatbol"},"content":{"rendered":"<p> <br \/>\n<br \/><img decoding=\"async\" src=\"https:\/\/13.com.ar\/wp-content\/uploads\/2025\/02\/el-fuerte-mensaje-contra-Riquelme-y-el-Consejo-de-Futbol.jpg\" \/><\/p>\n<div>\n<p><strong>Cristian Medina tuvo una salida traum\u00e1tica de Boca<\/strong>. El volante formado en Boca Predio se plant\u00f3 antes del partido por <strong>Copa Argentina <\/strong>ante Gimnasia de La Plata en Rosario -cuando <strong>Fernando Gago <\/strong>apenas hab\u00eda asumido como DT- y no jug\u00f3 m\u00e1s con la camiseta azul y amarilla. Fue explosiva su partida a <strong>Estudiantes de La Plata<\/strong>, y entre sombras, luego de que el grupo inversor que encabeza el empresario estadounidense <strong>Foster Gillett <\/strong>pag\u00f3 su cl\u00e1usula de rescisi\u00f3n de <strong>15 millones de d\u00f3lares<\/strong>. Antes, a Medina le hab\u00edan filtrado un video en las cuentas oficiales de Boca en el que se lo escuchaba decir en una conversaci\u00f3n privada con <strong>Miguel Merentiel <\/strong>que si no se iba &#8220;ahora&#8221; no se &#8220;iba m\u00e1s&#8221;.<\/p>\n<\/div>\n<div>\n<p>En ese momento, Medina presionaba para ser vendido al <strong>Fenerbache de Turqu\u00eda<\/strong> (equipo que dirige Jos\u00e9 Mourinho), pero ni la oferta de 10 millones de d\u00f3lares ni la forma de pago convencieron a Riquelme y al Consejo de F\u00fatbol, quienes intentaron retenerlo.<\/p>\n<\/div>\n<div>\n<p>Este jueves al filo de la medianoche, <strong>Medina rompi\u00f3 el silencio <\/strong>y por primera vez se refiri\u00f3 p\u00fablicamente del tema en una extensa carta dirigida a lo hinchas de Boca que public\u00f3 en sus redes sociales. All\u00ed les pide disculpas a los hinchas y carga contra Riquelme y el Consejo: <strong>&#8220;Lamentablemente no fui el \u00fanico que sufri\u00f3 esta falta de respeto\/comunicaci\u00f3n en el \u00faltimo tiempo&#8221;<\/strong>, escribi\u00f3.<\/p>\n<\/div>\n<div>\n<p><em>Es el momento de despedirme<\/em><\/p>\n<\/div>\n<div>\n<p><em>En primer lugar quiero pedir disculpas a los hinchas , ya que si hay alguien que merecen mis disculpas y mi agradecimiento son ustedes que siempre estuvieron en todo momento.<\/em><\/p>\n<\/div>\n<div>\n<p><em>Como tambien agradecer a toda la gente de la pensi\u00f3n que me acompa\u00f1o desde mis primeros d\u00edas en el club, a mis t\u00e9cnicos , profes de inferiores, reserva, primera, utileros, cocineros, kinesi\u00f3logos, cuerpo medico y compa\u00f1eros en todo este tiempo.<\/em><\/p>\n<\/div>\n<div>\n<p><em>Cada uno sabe bien lo sucedido en estos \u00faltimos meses y yo decid\u00ed por respeto a Boca Juniors y a mis compa\u00f1eros quedarme al margen de generar pol\u00e9micas innecesarias puertas para afuera.<\/em><\/p>\n<\/div>\n<div>\n<p><em>Lamentablemente no fui el \u00fanico que sufri\u00f3 estos desplantes y esta falta de respeto\/comunicaci\u00f3n en este \u00faltimo tiempo.<\/em><\/p>\n<\/div>\n<div>\n<p><em>Como hincha, siempre voy a estar agradecido de haber podido cumplir mis sue\u00f1os en el club de mis amores y ojal\u00e1 el dia de ma\u00f1ana podamos reencontrarnos nuevamente. Cristian.<\/em><\/p>\n<\/div>\n<p><br \/>\n<br \/><a href=\"https:\/\/www.clarin.com\/deportes\/cristian-medina-despidio-boca-mes-despues-firmar-estudiantes-plata-fuerte-mensaje-riquelme-consejo-futbol_0_qYJVutDag9.html\">Fuente Clarin.com <\/a><\/p>\n","protected":false},"excerpt":{"rendered":"<p>Cristian Medina tuvo una salida traum\u00e1tica de Boca. El volante formado en Boca Predio se plant\u00f3 antes del partido por Copa Argentina ante Gimnasia de La Plata en Rosario -cuando Fernando Gago apenas hab\u00eda asumido como DT- y no jug\u00f3 m\u00e1s con la camiseta azul y amarilla. Fue explosiva su partida a Estudiantes de La [&hellip;]<\/p>\n","protected":false},"author":1,"featured_media":4763,"comment_status":"open","ping_status":"open","sticky":false,"template":"","format":"standard","meta":{"footnotes":""},"categories":[2],"tags":[3671,835,624,2964,211,6],"class_list":["post-4762","post","type-post","status-publish","format-standard","has-post-thumbnail","hentry","category-ultimas-noticias","tag-consejo","tag-contra","tag-fuerte","tag-futbol","tag-mensaje","tag-riquelme"],"_links":{"self":[{"href":"https:\/\/13.com.ar\/index.php\/wp-json\/wp\/v2\/posts\/4762","targetHints":{"allow":["GET"]}}],"collection":[{"href":"https:\/\/13.com.ar\/index.php\/wp-json\/wp\/v2\/posts"}],"about":[{"href":"https:\/\/13.com.ar\/index.php\/wp-json\/wp\/v2\/types\/post"}],"author":[{"embeddable":true,"href":"https:\/\/13.com.ar\/index.php\/wp-json\/wp\/v2\/users\/1"}],"replies":[{"embeddable":true,"href":"https:\/\/13.com.ar\/index.php\/wp-json\/wp\/v2\/comments?post=4762"}],"version-history":[{"count":0,"href":"https:\/\/13.com.ar\/index.php\/wp-json\/wp\/v2\/posts\/4762\/revisions"}],"wp:featuredmedia":[{"embeddable":true,"href":"https:\/\/13.com.ar\/index.php\/wp-json\/wp\/v2\/media\/4763"}],"wp:attachment":[{"href":"https:\/\/13.com.ar\/index.php\/wp-json\/wp\/v2\/media?parent=4762"}],"wp:term":[{"taxonomy":"category","embeddable":true,"href":"https:\/\/13.com.ar\/index.php\/wp-json\/wp\/v2\/categories?post=4762"},{"taxonomy":"post_tag","embeddable":true,"href":"https:\/\/13.com.ar\/index.php\/wp-json\/wp\/v2\/tags?post=4762"}],"curies":[{"name":"wp","href":"https:\/\/api.w.org\/{rel}","templated":true}]}}