{"id":47550,"date":"2025-08-03T05:15:55","date_gmt":"2025-08-03T08:15:55","guid":{"rendered":"https:\/\/13.com.ar\/index.php\/horario-de-la-carrera-cuando-corre-franco-colapinto-y-todo-sobre-el-gran-premio-de-este-domingo-3-de-agosto\/"},"modified":"2025-08-03T05:15:55","modified_gmt":"2025-08-03T08:15:55","slug":"horario-de-la-carrera-cuando-corre-franco-colapinto-y-todo-sobre-el-gran-premio-de-este-domingo-3-de-agosto","status":"publish","type":"post","link":"https:\/\/13.com.ar\/index.php\/horario-de-la-carrera-cuando-corre-franco-colapinto-y-todo-sobre-el-gran-premio-de-este-domingo-3-de-agosto\/","title":{"rendered":"horario de la carrera, cuando corre Franco Colapinto y todo sobre el Gran Premio de este domingo 3 de agosto"},"content":{"rendered":"<p> <br \/>\n<br \/><img decoding=\"async\" src=\"https:\/\/13.com.ar\/wp-content\/uploads\/2025\/08\/horario-de-la-carrera-cuando-corre-Franco-Colapinto-y-todo.jpg\" \/><\/p>\n<div id=\"element-body-0\">\n<p><strong>Franco Colapinto<\/strong> vive este domingo 3 de agosto su \u00faltimo fin de semana de carrera antes del receso veraniego de la<strong> F\u00f3rmula 1<\/strong> con una buena clasificaci\u00f3n y despu\u00e9s de un viernes amargo en el Hungaroring donde este domingo se disputar\u00e1 el <strong>Gran Premio de Hungr\u00eda<\/strong>. El argentino, despu\u00e9s de varios sinsabores, logr\u00f3 meterse en la Q2 con su <strong>Alpine <\/strong>y larga 14\u00b0. De esta manera, adem\u00e1s, super\u00f3 a su compa\u00f1ero de equipo, <strong>Pierre Gasly<\/strong>, que fue eliminado en la Q1 y partir\u00e1 desde el 17\u00b0 puesto. En tanto, <strong>Charles Leclerc<\/strong> clav\u00f3 una vuelta casi perfecta en su \u00faltimo intento y logr\u00f3 superar a los <strong>McLaren<\/strong> para darle a <strong>Ferrari <\/strong>su primera pole del a\u00f1o. El monegasco partir\u00e1 desde adelante y tendr\u00e1 a <strong>Oscar Piastri<\/strong> en la primera fila y a <strong>Lando Norris<\/strong> desde el tercer lugar. Las acciones pueden seguirse en directo en Fox Sports, las plataformas Disney+ y F1TV y el minuto a minuto de Clar\u00edn.com.<\/p>\n<\/div>\n<p><br \/>\n<br \/><a href=\"https:\/\/www.clarin.com\/deportes\/f1-gp-hungria-hoy-vivo-horario-carrera-corre-franco-colapinto-gran-premio-domingo-3-agosto_0_dJrFF5njgl.html\">Fuente Clarin.com <\/a><\/p>\n","protected":false},"excerpt":{"rendered":"<p>Franco Colapinto vive este domingo 3 de agosto su \u00faltimo fin de semana de carrera antes del receso veraniego de la F\u00f3rmula 1 con una buena clasificaci\u00f3n y despu\u00e9s de un viernes amargo en el Hungaroring donde este domingo se disputar\u00e1 el Gran Premio de Hungr\u00eda. El argentino, despu\u00e9s de varios sinsabores, logr\u00f3 meterse en [&hellip;]<\/p>\n","protected":false},"author":1,"featured_media":47551,"comment_status":"open","ping_status":"open","sticky":false,"template":"","format":"standard","meta":{"footnotes":""},"categories":[2],"tags":[12442,604,1053,8146,677,2845,139,3011,925,2480,2000,732,24],"class_list":["post-47550","post","type-post","status-publish","format-standard","has-post-thumbnail","hentry","category-ultimas-noticias","tag-agosto","tag-carrera","tag-colapinto","tag-corre","tag-cuando","tag-domingo","tag-este","tag-franco","tag-gran","tag-horario","tag-premio","tag-sobre","tag-todo"],"_links":{"self":[{"href":"https:\/\/13.com.ar\/index.php\/wp-json\/wp\/v2\/posts\/47550","targetHints":{"allow":["GET"]}}],"collection":[{"href":"https:\/\/13.com.ar\/index.php\/wp-json\/wp\/v2\/posts"}],"about":[{"href":"https:\/\/13.com.ar\/index.php\/wp-json\/wp\/v2\/types\/post"}],"author":[{"embeddable":true,"href":"https:\/\/13.com.ar\/index.php\/wp-json\/wp\/v2\/users\/1"}],"replies":[{"embeddable":true,"href":"https:\/\/13.com.ar\/index.php\/wp-json\/wp\/v2\/comments?post=47550"}],"version-history":[{"count":0,"href":"https:\/\/13.com.ar\/index.php\/wp-json\/wp\/v2\/posts\/47550\/revisions"}],"wp:featuredmedia":[{"embeddable":true,"href":"https:\/\/13.com.ar\/index.php\/wp-json\/wp\/v2\/media\/47551"}],"wp:attachment":[{"href":"https:\/\/13.com.ar\/index.php\/wp-json\/wp\/v2\/media?parent=47550"}],"wp:term":[{"taxonomy":"category","embeddable":true,"href":"https:\/\/13.com.ar\/index.php\/wp-json\/wp\/v2\/categories?post=47550"},{"taxonomy":"post_tag","embeddable":true,"href":"https:\/\/13.com.ar\/index.php\/wp-json\/wp\/v2\/tags?post=47550"}],"curies":[{"name":"wp","href":"https:\/\/api.w.org\/{rel}","templated":true}]}}