{"id":47546,"date":"2025-08-03T05:09:58","date_gmt":"2025-08-03T08:09:58","guid":{"rendered":"https:\/\/13.com.ar\/index.php\/que-pasa-en-tu-organismo-cuando-dejas-de-consumir-ultraprocesados\/"},"modified":"2025-08-03T05:09:58","modified_gmt":"2025-08-03T08:09:58","slug":"que-pasa-en-tu-organismo-cuando-dejas-de-consumir-ultraprocesados","status":"publish","type":"post","link":"https:\/\/13.com.ar\/index.php\/que-pasa-en-tu-organismo-cuando-dejas-de-consumir-ultraprocesados\/","title":{"rendered":"Qu\u00e9 pasa en tu organismo cuando dej\u00e1s de consumir ultraprocesados"},"content":{"rendered":"<p> <br \/>\n<br \/><img decoding=\"async\" src=\"https:\/\/13.com.ar\/wp-content\/uploads\/2025\/08\/Que-pasa-en-tu-organismo-cuando-dejas-de-consumir-ultraprocesados.jpg\" \/><\/p>\n<div id=\"element-body-0\">\n<p>Consumir <strong>ultraprocesados<\/strong> es la norma en la mayor\u00eda de los hogares argentinos: representan cerca del <strong>30% del gasto en alimentos <\/strong>y concentran calor\u00edas de baja calidad nutricional. Bajo la clasificaci\u00f3n NOVA, se consideran ultraprocesados los productos con aditivos, saborizantes o endulzantes que los vuelven casi irreconocibles frente a su ingrediente original.<\/p>\n<\/div>\n<div id=\"element-body-2\">\n<p>Pasar a comidas frescas en solo una semana <strong>mejora la sensibilidad a la insulina y reduce picos de glucemia<\/strong>, gracias a la ausencia de jarabes y edulcorantes artificiales. <\/p>\n<\/div>\n<div id=\"element-body-3\">\n<p>La <strong>microbiota intestinal <\/strong>se <strong>diversifica<\/strong>; al recibir fibra real, crece la producci\u00f3n de \u00e1cidos grasos de cadena corta, mol\u00e9culas que modulan la inflamaci\u00f3n.<\/p>\n<\/div>\n<div id=\"element-body-4\">\n<p>En estudios piloto de Harvard, quienes reemplazaron comidas r\u00e1pidas por platos caseros bajaron la presi\u00f3n arterial sist\u00f3lica en 4 mm Hg y el colesterol LDL en un mes.<\/p>\n<\/div>\n<div id=\"element-body-6\">\n<p> Otro hallazgo clave: una dieta con <strong>menos del 20%<\/strong> de <strong>calor\u00edas ultraprocesadas<\/strong> redujo en 32 % la incidencia de s\u00edntomas depresivos en adultos j\u00f3venes.<\/p>\n<\/div>\n<div id=\"element-body-8\">\n<p>La<strong> evidencia cient\u00edfica<\/strong> vincula estos productos con una larga lista de patolog\u00edas: obesidad, diabetes tipo 2, c\u00e1ncer colorrectal y hasta deterioro cognitivo. En Am\u00e9rica Latina, las ventas de ultraprocesados crecieron 68 % desde 2009, paralelo al aumento de enfermedades cr\u00f3nicas, seg\u00fan la OPS.<\/p>\n<\/div>\n<div id=\"element-body-9\">\n<p>A nivel cualitativo, los aditivos \u2013emulsionantes, colorantes, endulzantes\u2013 alteran la barrera intestinal y provocan inflamaci\u00f3n cr\u00f3nica.<\/p>\n<\/div>\n<div id=\"element-body-11\">\n<p>Los principales <strong>problemas para la salud<\/strong> por <strong>consumir muchos alimentos ultraprocesados <\/strong>son:<\/p>\n<\/div>\n<div id=\"element-body-14\">\n<p>Algunos ejemplos de<strong> reemplazos simples <\/strong>para los <strong>alimentos ultraprocesados<\/strong>:<\/p>\n<\/div>\n<p><br \/>\n<br \/><a href=\"https:\/\/www.clarin.com\/internacional\/pasa-organismo-dejas-consumir-ultraprocesados_0_IFvFqjyHni.html\">Fuente Clarin.com <\/a><\/p>\n","protected":false},"excerpt":{"rendered":"<p>Consumir ultraprocesados es la norma en la mayor\u00eda de los hogares argentinos: representan cerca del 30% del gasto en alimentos y concentran calor\u00edas de baja calidad nutricional. Bajo la clasificaci\u00f3n NOVA, se consideran ultraprocesados los productos con aditivos, saborizantes o endulzantes que los vuelven casi irreconocibles frente a su ingrediente original. Pasar a comidas frescas [&hellip;]<\/p>\n","protected":false},"author":1,"featured_media":47547,"comment_status":"open","ping_status":"open","sticky":false,"template":"","format":"standard","meta":{"footnotes":""},"categories":[2],"tags":[2108,677,14749,3065,112,286,21540],"class_list":["post-47546","post","type-post","status-publish","format-standard","has-post-thumbnail","hentry","category-ultimas-noticias","tag-consumir","tag-cuando","tag-dejas","tag-organismo","tag-pasa","tag-que","tag-ultraprocesados"],"_links":{"self":[{"href":"https:\/\/13.com.ar\/index.php\/wp-json\/wp\/v2\/posts\/47546","targetHints":{"allow":["GET"]}}],"collection":[{"href":"https:\/\/13.com.ar\/index.php\/wp-json\/wp\/v2\/posts"}],"about":[{"href":"https:\/\/13.com.ar\/index.php\/wp-json\/wp\/v2\/types\/post"}],"author":[{"embeddable":true,"href":"https:\/\/13.com.ar\/index.php\/wp-json\/wp\/v2\/users\/1"}],"replies":[{"embeddable":true,"href":"https:\/\/13.com.ar\/index.php\/wp-json\/wp\/v2\/comments?post=47546"}],"version-history":[{"count":0,"href":"https:\/\/13.com.ar\/index.php\/wp-json\/wp\/v2\/posts\/47546\/revisions"}],"wp:featuredmedia":[{"embeddable":true,"href":"https:\/\/13.com.ar\/index.php\/wp-json\/wp\/v2\/media\/47547"}],"wp:attachment":[{"href":"https:\/\/13.com.ar\/index.php\/wp-json\/wp\/v2\/media?parent=47546"}],"wp:term":[{"taxonomy":"category","embeddable":true,"href":"https:\/\/13.com.ar\/index.php\/wp-json\/wp\/v2\/categories?post=47546"},{"taxonomy":"post_tag","embeddable":true,"href":"https:\/\/13.com.ar\/index.php\/wp-json\/wp\/v2\/tags?post=47546"}],"curies":[{"name":"wp","href":"https:\/\/api.w.org\/{rel}","templated":true}]}}