{"id":4737,"date":"2025-02-13T20:50:36","date_gmt":"2025-02-13T23:50:36","guid":{"rendered":"https:\/\/13.com.ar\/index.php\/un-hombre-y-una-nina-de-7-anos-murieron-en-un-choque-frontal\/"},"modified":"2025-02-13T20:50:36","modified_gmt":"2025-02-13T23:50:36","slug":"un-hombre-y-una-nina-de-7-anos-murieron-en-un-choque-frontal","status":"publish","type":"post","link":"https:\/\/13.com.ar\/index.php\/un-hombre-y-una-nina-de-7-anos-murieron-en-un-choque-frontal\/","title":{"rendered":"un hombre y una ni\u00f1a de 7 a\u00f1os murieron en un choque frontal"},"content":{"rendered":"<p> <br \/>\n<br \/><img decoding=\"async\" src=\"https:\/\/13.com.ar\/wp-content\/uploads\/2025\/02\/un-hombre-y-una-nina-de-7-anos-murieron-en.jpg\" \/><\/p>\n<div>\n<p>Un <strong>hombre y una ni\u00f1a de 7 a\u00f1os<\/strong>, argentinos que retornaban <strong>desde Cambori\u00fa, en Brasil<\/strong>, <strong>murieron<\/strong> en un choque frontal que se produjo este jueves al mediod\u00eda en la BR 282, en momentos que ca\u00eda una torrencial lluvia sobre gran parte del Estado de Santa Catarina. El accidente se produjo entre las ciudades de Catanduvas y Joa\u00e7aba, a unos 350 kil\u00f3metros de la frontera.<\/p>\n<\/div>\n<div>\n<p>Los argentinos viajaban en una camioneta Chevrolet S10 que <strong>impact\u00f3 de frente contra un cami\u00f3n<\/strong> de mediano porte. En el choque tambi\u00e9n se vio involucrado un autom\u00f3vil brasile\u00f1o pero sus ocupantes resultaron ilesos.<\/p>\n<\/div>\n<div>\n<p>Cuando la Polic\u00eda Rodoviaria Federal lleg\u00f3 al lugar junto con los equipos de rescate y m\u00e9dicos, constataron que <strong>el conductor <\/strong>ya no presentaba signos vitales. Entre los hierros retorcidos pudieron retirar a <strong>la nena <\/strong>que <strong>falleci\u00f3 a los pocos minutos<\/strong>, antes de que pudiera ser derivada a un hospital.<\/p>\n<\/div>\n<div>\n<p>En la camioneta <strong>viajaban otras dos personas<\/strong>, que sufrieron <strong>heridas de consideraci\u00f3n<\/strong> y fueron llevadas al Hospital Universitario Santa Teresinha. Una de ellas ser\u00eda la esposa del conductor; y la restante el padre de la nena fallecida.<\/p>\n<\/div>\n<div>\n<p>El conductor de la camioneta fue identificado como Renzo Fermani. Era un reconocido <strong>ingeniero<\/strong> que resid\u00eda en la ciudad misionera de<strong> San Vicente<\/strong>.<\/p>\n<\/div>\n<p><br \/>\n<br \/><a href=\"https:\/\/www.clarin.com\/sociedad\/tragedia-argentinos-rutas-brasil-hombre-nina-7-anos-murieron-choque-frontal_0_YmoLQBX8S7.html\">Fuente Clarin.com <\/a><\/p>\n","protected":false},"excerpt":{"rendered":"<p>Un hombre y una ni\u00f1a de 7 a\u00f1os, argentinos que retornaban desde Cambori\u00fa, en Brasil, murieron en un choque frontal que se produjo este jueves al mediod\u00eda en la BR 282, en momentos que ca\u00eda una torrencial lluvia sobre gran parte del Estado de Santa Catarina. El accidente se produjo entre las ciudades de Catanduvas [&hellip;]<\/p>\n","protected":false},"author":1,"featured_media":4738,"comment_status":"open","ping_status":"open","sticky":false,"template":"","format":"standard","meta":{"footnotes":""},"categories":[2],"tags":[636,428,429,532,1787,2404,73],"class_list":["post-4737","post","type-post","status-publish","format-standard","has-post-thumbnail","hentry","category-ultimas-noticias","tag-anos","tag-choque","tag-frontal","tag-hombre","tag-murieron","tag-nina","tag-una"],"_links":{"self":[{"href":"https:\/\/13.com.ar\/index.php\/wp-json\/wp\/v2\/posts\/4737","targetHints":{"allow":["GET"]}}],"collection":[{"href":"https:\/\/13.com.ar\/index.php\/wp-json\/wp\/v2\/posts"}],"about":[{"href":"https:\/\/13.com.ar\/index.php\/wp-json\/wp\/v2\/types\/post"}],"author":[{"embeddable":true,"href":"https:\/\/13.com.ar\/index.php\/wp-json\/wp\/v2\/users\/1"}],"replies":[{"embeddable":true,"href":"https:\/\/13.com.ar\/index.php\/wp-json\/wp\/v2\/comments?post=4737"}],"version-history":[{"count":0,"href":"https:\/\/13.com.ar\/index.php\/wp-json\/wp\/v2\/posts\/4737\/revisions"}],"wp:featuredmedia":[{"embeddable":true,"href":"https:\/\/13.com.ar\/index.php\/wp-json\/wp\/v2\/media\/4738"}],"wp:attachment":[{"href":"https:\/\/13.com.ar\/index.php\/wp-json\/wp\/v2\/media?parent=4737"}],"wp:term":[{"taxonomy":"category","embeddable":true,"href":"https:\/\/13.com.ar\/index.php\/wp-json\/wp\/v2\/categories?post=4737"},{"taxonomy":"post_tag","embeddable":true,"href":"https:\/\/13.com.ar\/index.php\/wp-json\/wp\/v2\/tags?post=4737"}],"curies":[{"name":"wp","href":"https:\/\/api.w.org\/{rel}","templated":true}]}}