{"id":4735,"date":"2025-02-13T20:25:34","date_gmt":"2025-02-13T23:25:34","guid":{"rendered":"https:\/\/13.com.ar\/index.php\/los-precios-cayeron-07-en-enero\/"},"modified":"2025-02-13T20:25:34","modified_gmt":"2025-02-13T23:25:34","slug":"los-precios-cayeron-07-en-enero","status":"publish","type":"post","link":"https:\/\/13.com.ar\/index.php\/los-precios-cayeron-07-en-enero\/","title":{"rendered":"los precios cayeron 0,7% en enero"},"content":{"rendered":"<p> <br \/>\n<br \/><img decoding=\"async\" src=\"https:\/\/13.com.ar\/wp-content\/uploads\/2025\/02\/los-precios-cayeron-07-en-enero.jpg\" \/><\/p>\n<div id=\"cuerpo\">\n<div class=\"sc-80531b6b-0 chRIGJ container-text text-embed\">\n<p>El \u00edndice de la inflaci\u00f3n de enero, que promedi\u00f3 un alza del 2,2%, registr\u00f3 <strong>un \u00fanico rubro deflacionario: indumentaria y calzado<\/strong> que mostr\u00f3 una ca\u00edda mensual de 0,7% y una variaci\u00f3n interanual del 63,7% por debajo del \u00edndice general que lleg\u00f3 al 84,5% seg\u00fan los datos del INDEC.<\/p>\n<\/div>\n<div class=\"sc-80531b6b-0 chRIGJ container-text text-embed\">\n<p>La merma en los precios de la ropa impactan en un contexto en el que hasta el ministro Luis Caputo recientemente dijo que los precios estaban muy altos en el pa\u00eds. Refiri\u00e9ndose a la evoluci\u00f3n de los precios, el funcionario explic\u00f3: \u201ces cierto que hay algunos precios que est\u00e1n adelantados, no quiere decir que el d\u00f3lar est\u00e1 atrasado. Los autos, en Argentina no est\u00e1n m\u00e1s caros que en todos lados, en Uruguay est\u00e1n m\u00e1s caros y van a estarlo m\u00e1s cuando bajen los precios ac\u00e1. <strong>La ropa s\u00ed es cara porque es una industria tremendamente protegida\u201d<\/strong>.<\/p>\n<\/div>\n<div class=\"sc-80531b6b-0 chRIGJ container-text text-embed\">\n<p>Lo cierto es que el dato oficial sobre la indumentaria tambi\u00e9n puede analizarse en el siguiente contexto: en enero, <strong>los bienes se incrementaron mucho menos que los servicios: <\/strong>mientras los primeros tuvieron una variaci\u00f3n de 1,5% los servicios aumentaron 3,8% respecto del mes anterior. Pero adem\u00e1s, en particular, la baja en los valores de las prendas de vestir y el calzado<strong> se enmarcan en la ca\u00edda del consumo.<\/strong><\/p>\n<\/div>\n<div class=\"sc-80531b6b-0 chRIGJ container-text text-embed\">\n<p>El mes en analisis, adem\u00e1s, incorpora el ingrediente de <strong>la estacionalidad<\/strong>: en enero, los comercios hacen fuertes promociones y descuentos para \u201cmover\u201d la mercader\u00eda que no se vendi\u00f3 en la temporada. Sin embargo, para la industria local, \u201cno es un tema estacional porque los costos est\u00e1n subiendo en d\u00f3lares\u201d, argumentan. \u201c Y muchas empresas no est\u00e1n pudiendo recuperar ni los costos fijos ante la ca\u00edda de las ventas\u201d, confi\u00f3 una fuente del sector.<\/p>\n<\/div>\n<div class=\"sc-80531b6b-0 chRIGJ container-text text-embed\">\n<p>Seg\u00fan la Fundaci\u00f3n Protejer que agrupa a los fabricantes nacionales, \u201clos precios de la ropa cayeron en enero  pero \u00e9sto no se explica por la apertura de la economia ya que, por el contrario,<strong> las importaciones de ropa cayeron\u201d,<\/strong> comentaron. Seg\u00fan los n\u00fameros que maneja el sector privado, las prendas que vienen del exterior, en toneladas, disminuyeron 17% en el \u00faltimo a\u00f1o.<\/p>\n<\/div>\n<div class=\"sc-80531b6b-0 chRIGJ container-text text-embed\">\n<p>\u201cLos precios de la ropa cayeron porque <strong>no hay demanda.<\/strong> <strong>No se vende ni nacional ni importado <\/strong>y las empresas est\u00e1n trabajando con rentabilidades incluso negativas, haciendo un gran esfuerzo para no perder mercado, cubrir al menos una parte de los costos fijos y no despedir personas que les cost\u00f3 formar\u201d, abund\u00f3 la entidad.<\/p>\n<\/div>\n<div class=\"sc-80531b6b-0 chRIGJ container-text text-embed\">\n<p>Los fabricantes insisten en los costos que crecieron en d\u00f3lares y que afectan la viabilidad de las empresas en un contexto de facilitaci\u00f3n de las importaciones y mantenimiento de la ca\u00edda en consumo \u201casfixia\u201d a las empresas.<\/p>\n<\/div>\n<div class=\"sc-80531b6b-0 chRIGJ container-text text-embed\">\n<p>El segundo rubro que tuvo<strong> menores subas en el IPC oficial fue el de educaci\u00f3n, que se movi\u00f3 0,5%.<\/strong> Este resultado estuvo influenciado por la escasa demanda en el mes. No obstante, en febrero, se prev\u00e9n aumentos significativos en cuotas y matr\u00edcula escolar de escuelas sin regulaci\u00f3n de aranceles.<\/p>\n<\/div>\n<\/div>\n<p><br \/>\n<br \/><a href=\"https:\/\/www.clarin.com\/economia\/indumentaria-llego-deflacion-precios-cayeron-07-enero_0_cTkyU5XFFE.html\">Fuente Clarin.com <\/a><\/p>\n","protected":false},"excerpt":{"rendered":"<p>El \u00edndice de la inflaci\u00f3n de enero, que promedi\u00f3 un alza del 2,2%, registr\u00f3 un \u00fanico rubro deflacionario: indumentaria y calzado que mostr\u00f3 una ca\u00edda mensual de 0,7% y una variaci\u00f3n interanual del 63,7% por debajo del \u00edndice general que lleg\u00f3 al 84,5% seg\u00fan los datos del INDEC. La merma en los precios de la [&hellip;]<\/p>\n","protected":false},"author":1,"featured_media":4736,"comment_status":"open","ping_status":"open","sticky":false,"template":"","format":"standard","meta":{"footnotes":""},"categories":[2],"tags":[3517,149,28,1064],"class_list":["post-4735","post","type-post","status-publish","format-standard","has-post-thumbnail","hentry","category-ultimas-noticias","tag-cayeron","tag-enero","tag-los","tag-precios"],"_links":{"self":[{"href":"https:\/\/13.com.ar\/index.php\/wp-json\/wp\/v2\/posts\/4735","targetHints":{"allow":["GET"]}}],"collection":[{"href":"https:\/\/13.com.ar\/index.php\/wp-json\/wp\/v2\/posts"}],"about":[{"href":"https:\/\/13.com.ar\/index.php\/wp-json\/wp\/v2\/types\/post"}],"author":[{"embeddable":true,"href":"https:\/\/13.com.ar\/index.php\/wp-json\/wp\/v2\/users\/1"}],"replies":[{"embeddable":true,"href":"https:\/\/13.com.ar\/index.php\/wp-json\/wp\/v2\/comments?post=4735"}],"version-history":[{"count":0,"href":"https:\/\/13.com.ar\/index.php\/wp-json\/wp\/v2\/posts\/4735\/revisions"}],"wp:featuredmedia":[{"embeddable":true,"href":"https:\/\/13.com.ar\/index.php\/wp-json\/wp\/v2\/media\/4736"}],"wp:attachment":[{"href":"https:\/\/13.com.ar\/index.php\/wp-json\/wp\/v2\/media?parent=4735"}],"wp:term":[{"taxonomy":"category","embeddable":true,"href":"https:\/\/13.com.ar\/index.php\/wp-json\/wp\/v2\/categories?post=4735"},{"taxonomy":"post_tag","embeddable":true,"href":"https:\/\/13.com.ar\/index.php\/wp-json\/wp\/v2\/tags?post=4735"}],"curies":[{"name":"wp","href":"https:\/\/api.w.org\/{rel}","templated":true}]}}