{"id":4729,"date":"2025-02-13T19:57:50","date_gmt":"2025-02-13T22:57:50","guid":{"rendered":"https:\/\/13.com.ar\/index.php\/los-primeros-pasos-de-trump-y-las-expectativas-de-milei\/"},"modified":"2025-02-13T19:57:50","modified_gmt":"2025-02-13T22:57:50","slug":"los-primeros-pasos-de-trump-y-las-expectativas-de-milei","status":"publish","type":"post","link":"https:\/\/13.com.ar\/index.php\/los-primeros-pasos-de-trump-y-las-expectativas-de-milei\/","title":{"rendered":"Los primeros pasos de Trump y las expectativas de Milei"},"content":{"rendered":"<p> <br \/>\n<br \/><img decoding=\"async\" src=\"https:\/\/13.com.ar\/wp-content\/uploads\/2025\/02\/Los-primeros-pasos-de-Trump-y-las-expectativas-de-Milei.jpg\" \/><\/p>\n<div id=\"cuerpo\">\n<div class=\"sc-80531b6b-0 chRIGJ container-text text-embed\">\n<p>La elecci\u00f3n de Estados Unidos ocup\u00f3 gran parte de las expectativas de la agenda del a\u00f1o 2024. Iniciado el segundo mandato del gobierno de Donald Trump vemos un pa\u00eds dividido por mitades. La diferencia del voto popular fue de 1,5 puntos.<\/p>\n<\/div>\n<div class=\"sc-80531b6b-0 chRIGJ container-text text-embed\">\n<p>Tambi\u00e9n, se ha hecho hincapi\u00e9 en la lealtad de los funcionarios respecto del gobierno anterior, donde hubo algunos \u201cdesleales\u201d seg\u00fan el trumpismo. Los nombramientos en la funci\u00f3n p\u00fablica fueron rigurosamente seleccionados por su compromiso pol\u00edtico y personal con el liderazgo del presidente. La consigna MAGA (Make America Great Again) tiene como objetivo el proteccionismo y el arancelamiento a sus principales socios comerciales sea China, Canad\u00e1 y M\u00e9xico.<\/p>\n<\/div>\n<div class=\"sc-80531b6b-0 chRIGJ container-text text-embed\">\n<p>Los tres pa\u00edses anunciaron medidas equivalentes. Trump prorrog\u00f3 los plazos por treinta d\u00edas a Canad\u00e1 y Mexico luego de hablar con los presidentes . Tambi\u00e9n  prev\u00e9 volver  hablar con el l\u00edder chino seg\u00fan \u00e9l lo manifest\u00f3 . El tema migratorio est\u00e1 entre los prioritarios ya desde el inicio de la gesti\u00f3n y ello se vincula directamente con el hemisferio occidental.<\/p>\n<\/div>\n<div class=\"sc-80531b6b-0 chRIGJ container-text text-embed\">\n<p>Siendo los casos m\u00e1s sensibles: M\u00e9xico, por la historia y vecindad. La presidenta se pronunci\u00f3 a favor del di\u00e1logo y de objetivos acordados bilateralmente (enviando militares a la frontera) y reafirmando la soberan\u00eda y el principio de no intervenci\u00f3n.<\/p>\n<\/div>\n<div class=\"sc-80531b6b-0 chRIGJ container-text text-embed\">\n<p>El Canal de Panam\u00e1 y la controversias con por la presencia china es una cuesti\u00f3n de seguridad nacional, as\u00ed lo expres\u00f3 Marcos Rubio al presidente de Panam\u00e1 . Luego se inform\u00f3 que Panam\u00e1 se retir\u00f3 de la Ruta de la Seda . Venezuela toma relieve por los canjes de detenidos y por la deportaci\u00f3n de ciudadanos venezolanos que hab\u00edan sido aceptados por el gobierno de Biden . A ello se agregan los miembros de las organizaciones criminales del c\u00e1rtel de Aragua. <\/p>\n<\/div>\n<div class=\"sc-80531b6b-0 chRIGJ container-text text-embed\">\n<p>Las inversiones en petr\u00f3leo de empresas americanas y el reciente fraude electoral de la dictadura de Maduro complejizan la relaci\u00f3n . El enviado de Trump Richard Allen Grenell acord\u00f3 con Maduro la liberaci\u00f3n de los presos y la deportaci\u00f3n de inmigrantes. Coincidentemente, se suspendi\u00f3 la reuni\u00f3n de la CELAC convocada por Honduras, por falta de consenso para el tratamiento del tema de Colombia en la repatriaci\u00f3n de los emigrantes. Ello produjo impacto regional y divisi\u00f3n de opiniones.<\/p>\n<\/div>\n<div class=\"sc-80531b6b-0 chRIGJ container-text text-embed\">\n<p>Ser\u00e1 interesante ver c\u00f3mo se posiciona la regi\u00f3n respecto de este nuevo escenario. La presencia China y su influencia ser\u00e1 parte de los interrogantes . \u00bfHabr\u00e1  otros desertores  de la Ruta de la Seda? Argentina que har\u00e1?  \u00bfEs plata del comunismo la de los swaps?<\/p>\n<\/div>\n<div class=\"sc-80531b6b-0 chRIGJ container-text text-embed\">\n<p>Muchas veces los extremos pol\u00edticos e ideol\u00f3gicos en la regi\u00f3n impiden ver los intereses rec\u00edprocos. Las miradas m\u00e1s amplias pueden abrir intereses comunes. Los antecedentes en el pasado reciente no han sido auspiciosos. Siendo el primer viaje del secretario de Estado Marcos Rubio a Am\u00e9rica Central, es una se\u00f1al pol\u00edtica que hace mucho tiempo no ocurr\u00eda en el hemisferio, as\u00ed lo expres\u00f3 el nuevo enviado especial para Am\u00e9rica latina Mauricio Claver Carone.<\/p>\n<\/div>\n<div class=\"sc-80531b6b-0 chRIGJ container-text text-embed\">\n<p>\u00bfSer\u00e1 que los nacionalismos democr\u00e1ticos pretenden tener una visi\u00f3n hemisf\u00e9rica y recrear un sistema interamericano frente a una geopol\u00edtica de China presente? En este contexto tambi\u00e9n hay que destacar la caracterizaci\u00f3n de los c\u00e1rteles de la droga como organizaciones terroristas extranjeras para los Estados Unidos. Es decir, afectan a la seguridad nacional y hemisf\u00e9rica \u00bfSon intereses compartidos en la regi\u00f3n ?<\/p>\n<\/div>\n<div class=\"sc-80531b6b-0 chRIGJ container-text text-embed\">\n<p>\u00bfEl combate al narcotr\u00e1fico y la corrupci\u00f3n constituyen una prioridad regional para los latinoamericanos? \u00bfLa violencia y la pobreza de las cuales los c\u00e1rteles sacan provecho para sus fines delictivos en la mayor parte de los pa\u00edses tienen red con la pol\u00edtica? M\u00e9xico no quiere que el fentanilo llegue a Estados Unidos y niega tener alianzas con organizaciones criminales. <\/p>\n<\/div>\n<div class=\"sc-80531b6b-0 chRIGJ container-text text-embed\">\n<p>No quiere la confrontaci\u00f3n sino la colaboraci\u00f3n con su vecino, as\u00ed lo expreso su presidenta Claudia Sheinbaum Pardo en su reciente di\u00e1logo con Trump. La pol\u00edtica exterior argentina en el contexto regional probablemente sea una de las que m\u00e1s afinidad tiene con el trumpismo.<\/p>\n<\/div>\n<div class=\"sc-80531b6b-0 chRIGJ container-text text-embed\">\n<p>La salida del Acuerdo Clim\u00e1tico de Par\u00eds y de la OMS es una copia fiel. En lo gestual y lo formal es evidente el buen entendimiento . Milei est\u00e1 viajando a Washington nuevamente a la reuni\u00f3n conservadora de la CPAC. En cuanto a las efectividades conducentes, nuestro pa\u00eds siempre \u201cdebe\u201d y varias veces ha dejado de pagar. Los que deciden lo tienen presente. En lo comunicacional, el Gobierno toma siempre el atajo y dice que todo sucede mejor y m\u00e1s r\u00e1pido de lo esperado exitosamente. El pa\u00eds deber\u00e1 absorber el arancel del 25 % al acero y aluminio impuesto por Trump.<\/p>\n<\/div>\n<div class=\"sc-80531b6b-0 chRIGJ container-text text-embed\">\n<p>Todo se posterga a la elecci\u00f3n de octubre. Llegaremos sin presupuesto, \u201cen campa\u00f1a\u201d.  El Gobierno anot\u00f3 en su pasivo el discurso en Davos donde se tropez\u00f3 dos veces con la misma piedra. As\u00ed lo leen adentro y afuera de Argentina, a pesar de los argumentos oficiales.<\/p>\n<\/div>\n<div class=\"sc-80531b6b-0 chRIGJ container-text text-embed\">\n<p>La creatividad no est\u00e1 ausente en la pol\u00edtica exterior: para ello se cre\u00f3 la figura de los nuevos \u201cembajadores\u201d comerciales con la intenci\u00f3n de promover negocios en el exterior, dependiendo s\u00f3lo de \u201cs\u00ed mismos\u201d sin costo para el estado. Se prev\u00e9 tener rango de embajador  sin dependencia org\u00e1nica, una suerte de \u201cdonantes\u201d sin control con patente de corso. As\u00ed \u201cla libertad avanza\u201d en la abolici\u00f3n del servicio exterior y el desconocimiento de la ley que lo regula.<\/p>\n<\/div>\n<div class=\"sc-80531b6b-0 chRIGJ container-text text-embed\">\n<p>Esto explica por qu\u00e9 no fueron cubiertos algunos cargos locales y en el exterior y tambi\u00e9n el rechazo de algunos ofrecimientos por la volatilidad existente con los funcionarios, siendo la funci\u00f3n precaria y riesgosa por los prejuicios con los diplom\u00e1ticos, principalmente del Presidente (reciente despido por filiaci\u00f3n en la OEA). La libertad es un patrimonio com\u00fan y debemos defenderla frente a la venganza y autoritarismo, por el bien de todos los argentinos.<\/p>\n<\/div>\n<div class=\"sc-80531b6b-0 chRIGJ container-text text-embed\">\n<p><em>Juan Pablo Lohl\u00e9 es ex embajador en la OEA, Espa\u00f1a y Brasil. Director del CEPEI<\/em><\/p>\n<\/div>\n<\/div>\n<p><br \/>\n<br \/><a href=\"https:\/\/www.clarin.com\/opinion\/primeros-pasos-trump-expectativas-milei_0_Ou76xaI96d.html\">Fuente Clarin.com <\/a><\/p>\n","protected":false},"excerpt":{"rendered":"<p>La elecci\u00f3n de Estados Unidos ocup\u00f3 gran parte de las expectativas de la agenda del a\u00f1o 2024. Iniciado el segundo mandato del gobierno de Donald Trump vemos un pa\u00eds dividido por mitades. La diferencia del voto popular fue de 1,5 puntos. Tambi\u00e9n, se ha hecho hincapi\u00e9 en la lealtad de los funcionarios respecto del gobierno [&hellip;]<\/p>\n","protected":false},"author":1,"featured_media":4730,"comment_status":"open","ping_status":"open","sticky":false,"template":"","format":"standard","meta":{"footnotes":""},"categories":[2],"tags":[3127,48,28,77,3893,4862,179],"class_list":["post-4729","post","type-post","status-publish","format-standard","has-post-thumbnail","hentry","category-ultimas-noticias","tag-expectativas","tag-las","tag-los","tag-milei","tag-pasos","tag-primeros","tag-trump"],"_links":{"self":[{"href":"https:\/\/13.com.ar\/index.php\/wp-json\/wp\/v2\/posts\/4729","targetHints":{"allow":["GET"]}}],"collection":[{"href":"https:\/\/13.com.ar\/index.php\/wp-json\/wp\/v2\/posts"}],"about":[{"href":"https:\/\/13.com.ar\/index.php\/wp-json\/wp\/v2\/types\/post"}],"author":[{"embeddable":true,"href":"https:\/\/13.com.ar\/index.php\/wp-json\/wp\/v2\/users\/1"}],"replies":[{"embeddable":true,"href":"https:\/\/13.com.ar\/index.php\/wp-json\/wp\/v2\/comments?post=4729"}],"version-history":[{"count":0,"href":"https:\/\/13.com.ar\/index.php\/wp-json\/wp\/v2\/posts\/4729\/revisions"}],"wp:featuredmedia":[{"embeddable":true,"href":"https:\/\/13.com.ar\/index.php\/wp-json\/wp\/v2\/media\/4730"}],"wp:attachment":[{"href":"https:\/\/13.com.ar\/index.php\/wp-json\/wp\/v2\/media?parent=4729"}],"wp:term":[{"taxonomy":"category","embeddable":true,"href":"https:\/\/13.com.ar\/index.php\/wp-json\/wp\/v2\/categories?post=4729"},{"taxonomy":"post_tag","embeddable":true,"href":"https:\/\/13.com.ar\/index.php\/wp-json\/wp\/v2\/tags?post=4729"}],"curies":[{"name":"wp","href":"https:\/\/api.w.org\/{rel}","templated":true}]}}