{"id":4678,"date":"2025-02-13T17:39:45","date_gmt":"2025-02-13T20:39:45","guid":{"rendered":"https:\/\/13.com.ar\/index.php\/en-el-gobierno-dicen-que-no-negociaran-mas-con-el-kirchnerismo-y-milei-respaldo-a-bullrich\/"},"modified":"2025-02-13T17:39:45","modified_gmt":"2025-02-13T20:39:45","slug":"en-el-gobierno-dicen-que-no-negociaran-mas-con-el-kirchnerismo-y-milei-respaldo-a-bullrich","status":"publish","type":"post","link":"https:\/\/13.com.ar\/index.php\/en-el-gobierno-dicen-que-no-negociaran-mas-con-el-kirchnerismo-y-milei-respaldo-a-bullrich\/","title":{"rendered":"en el Gobierno dicen que no negociar\u00e1n m\u00e1s con el kirchnerismo y Milei respald\u00f3 a Bullrich"},"content":{"rendered":"<p> <br \/>\n<\/p>\n<div id=\"cuerpo\">\n<div class=\"sc-80531b6b-0 chRIGJ container-text text-embed\">\n<p>En los despachos m\u00e1s importantes de la Casa Rosada no temen que la discusi\u00f3n por ficha limpia en el Congreso, que el mi\u00e9rcoles obtuvo media sanci\u00f3n de Diputados, pueda complicar las chances de que <strong>Ariel Lijo<\/strong> se convierta en juez de la Corte Suprema.<\/p>\n<\/div>\n<div class=\"sc-80531b6b-0 chRIGJ container-text text-embed\">\n<p>\u201c<strong>Queremos ver qui\u00e9n se atreve a no votarlo<\/strong>&#8220;, dicen en la mesa chica de Javier Milei donde no disimulan demasiado que el nombre del juez de Comodoro Py -que <strong>propuso Ricardo Lorenzetti <\/strong>para licuar el poder de <strong>Horacio Rosatti, Carlos Rosencrantz y que dej\u00f3 vacante Juan Carlos Maqueda<\/strong>&#8211; es del <strong>agrado de Cristina Kirchner<\/strong>.<\/p>\n<\/div>\n<div class=\"sc-80531b6b-0 chRIGJ container-text text-embed\">\n<p>La misma l\u00f3gica utilizan para pensar en la suerte del proyecto de ficha limpia, que el oficialismo hab\u00eda evitado discutir en diciembre. El Balcarce 50 hacen cuentas y saben que dif\u00edcilmente el proyecto sea sancionado en la C\u00e1mara Alta.<\/p>\n<\/div>\n<div class=\"sc-80531b6b-0 chRIGJ container-text text-embed\">\n<p>De todos modos, acuerdan que los senadores que voten en contra deber\u00e1n pagar un costo de cara a la ciudadan\u00eda y que adem\u00e1s seguir\u00e1 exponiendo las fracturas en el peronismo, algo que tambi\u00e9n ocurrir\u00e1 en las PASO. En la pr\u00e1ctica, si el proyecto es rechazado por la C\u00e1mara Alta, el Gobierno deber\u00e1 postergar por un a\u00f1o un proyecto propio. <\/p>\n<\/div>\n<div class=\"sc-80531b6b-0 chRIGJ container-text text-embed\">\n<p>El diputado Dami\u00e1n Arabia -que responde a Patricia Bullrich- y tiene buena sinton\u00eda con el mandatario pas\u00f3 por la Casa Rosada para &#8220;<strong>celebrar la media sanci\u00f3n del proyecto&#8221;<\/strong>. Fue un gesto de cara a las roces con el PRO, puesto que el Gobierno todav\u00eda no apur\u00f3 la ruptura del bloque amarillo en el Congreso como la que propicio en la Legislatura porte\u00f1a y en la bonaerense.<\/p>\n<\/div>\n<div class=\"sc-80531b6b-0 chRIGJ container-text text-embed\">\n<p>En la misma l\u00ednea de \u201c<strong>exponer\u201d a los legisladores opositores<\/strong>, el oficialismo podr\u00eda intentar colar la votaci\u00f3n a mano alzada el pliego de su segundo candidato para el m\u00e1ximo Tribunal, Manuel Garc\u00eda Mansilla, cuyo pliego a\u00fan no obtuvo dictamen.<\/p>\n<\/div>\n<div class=\"sc-80531b6b-0 chRIGJ container-text text-embed\">\n<p>En el Ejecutivo retomaron hace tiempo la posibilidad que el Presidente nombre por decreto y en comisi\u00f3n al acad\u00e9mico de la universidad Austral, que revel\u00f3 que <strong>Santiago Caputo<\/strong> le hab\u00eda ofrecido la nominaci\u00f3n. Lo mismo, advierten, estar\u00edan dispuestos a hacer con Lijo si no consiguen los votos para ungirlo como supremo antes del 28 de febrero. <\/p>\n<\/div>\n<div class=\"sc-80531b6b-0 chRIGJ container-text text-embed\">\n<p>En cambio, en el tri\u00e1ngulo de hierro de Milei consignan que el Gobierno ahora descarta la posibilidad de <strong>ampliar la Corte Suprema<\/strong>, una condici\u00f3n que el Gobierno hab\u00eda sugerido para seducir al kirchnerismo y a los gobernadores . \u201c<strong>Las ofertas las hacemos una sola vez<\/strong>\u201d, advirtieron en la mesa chica del Presidente.<\/p>\n<\/div>\n<div class=\"sc-80531b6b-0 chRIGJ container-text text-embed\">\n<p>En la intimidad, cerca del Presidente consignan que -si bien les gustar\u00eda <strong>derrotar electoralmente a Cristina Kirchner<\/strong>&#8211; la ex presidenta podr\u00eda no ser candidata si el proyecto de ficha limpia avanza o si -m\u00e1s improbable- la Corte Suprema dejara firme la inhabilitaci\u00f3n de por vida para ejercer cargos p\u00fablicos.<\/p>\n<\/div>\n<p><h2>Visita, respaldo y promesas a Patricia Bullrich<\/h2>\n<\/p>\n<div class=\"sc-198be8ec-0 cynXbu image-embed  image-embed \"><picture class=\"sc-198be8ec-1 kOjRiQ\"><source media=\"(min-width: 975px)\" width=\"720\" height=\"480\" \/><img alt=\"El presidente Milei y la ministra de Seguridad, Patricia Bullrich, en el Sal\u00f3n Blanco de la Rosada\" loading=\"lazy\" width=\"720\" height=\"480\" decoding=\"async\" data-nimg=\"1\" style=\"color:transparent\" src=\"https:\/\/13.com.ar\/wp-content\/uploads\/2025\/02\/en-el-Gobierno-dicen-que-no-negociaran-mas-con-el.jpg\"\/><span class=\"epigraphe\">El presidente Milei y la ministra de Seguridad, Patricia Bullrich, en el Sal\u00f3n Blanco de la Rosada<\/span><span class=\"bkg\"\/><span class=\"picture-open\"><button class=\"open-image\" aria-label=\"Open Image\"\/><\/span><\/picture><\/div>\n<div class=\"sc-80531b6b-0 chRIGJ container-text text-embed\">\n<p>Por \u00faltimo, Milei le ratific\u00f3 a Patricia Bullrich que har\u00e1 los esfuerzos necesarios para que el oficialismo avance con la agenda de Seguridad que aguarda en la C\u00e1mara Alta: juicio en ausencia y la ley reiterancia, que obtuvieron media sanci\u00f3n la semana pasada, y la ley antimafia que reclama la ex titular del PRO para desarticular bandas criminales y genera algunas resistencias en las provincias.<\/p>\n<\/div>\n<div class=\"sc-80531b6b-0 chRIGJ container-text text-embed\">\n<p>El Presidente visit\u00f3 a la ministra en la sede de la Cartera de Seguridad, en Recoleta, <strong>entre las 12 y las 14 de este jueves<\/strong>. Bullrich sent\u00f3 a toda su mesa de trabajo y la reuni\u00f3n fue interpretada en el entorno de la funcionaria como un fuerte gesto de respaldo despu\u00e9s de d\u00edas dif\u00edciles para la ministra: apuntada por los <strong>incendios en el sur<\/strong> y cuestionada por su promesa al padre de un gendarme de que ofrecer\u00eda viviendas <strong>Plan Procrear que el Gobierno cerr\u00f3 en noviembre<\/strong> y viene de otorgar una paritaria por encima de la inflaci\u00f3n a las fuerzas federales, que no ocultan su disconformidad.<\/p>\n<\/div>\n<div class=\"sc-80531b6b-0 chRIGJ container-text text-embed\">\n<p>La ministra le reiter\u00f3 al Presidente su propuesta para <strong>ceder viviendas u otorgar cr\u00e9ditos blandos a los uniformados<\/strong>, una idea que -pese a tomar estado p\u00fablico- no gener\u00f3 una respuesta de Luis Caputo, que hasta ahora s\u00ed dej\u00f3 saber que est\u00e1 dispuesto a transferir las casas disponibles o sin terminar a provincias y municipios. <\/p>\n<\/div>\n<div class=\"sc-80531b6b-0 chRIGJ container-text text-embed\">\n<p>El Presidente respald\u00f3 a la derrotada candidata presidencial de JxC, que <strong>conserva votos propios<\/strong>, un atributo que no ostentan el resto de los ministros. \u201c<strong>Se tiene que cumplir el protocolo antipiquetes, no podemos perder el control de la calle. Los argentinos conf\u00edan en nosotros para mantener el orden<\/strong>\u201d, la motiv\u00f3 Milei.<\/p>\n<\/div>\n<\/div>\n<p><br \/>\n<br \/><a href=\"https:\/\/www.clarin.com\/politica\/pliegos-corte-ficha-limpia-gobierno-dicen-negociaran-kirchnerismo-milei-respaldo-bullrich_0_ET7YwOdaKi.html\">Fuente Clarin.com <\/a><\/p>\n","protected":false},"excerpt":{"rendered":"<p>En los despachos m\u00e1s importantes de la Casa Rosada no temen que la discusi\u00f3n por ficha limpia en el Congreso, que el mi\u00e9rcoles obtuvo media sanci\u00f3n de Diputados, pueda complicar las chances de que Ariel Lijo se convierta en juez de la Corte Suprema. \u201cQueremos ver qui\u00e9n se atreve a no votarlo&#8220;, dicen en la [&hellip;]<\/p>\n","protected":false},"author":1,"featured_media":4679,"comment_status":"open","ping_status":"open","sticky":false,"template":"","format":"standard","meta":{"footnotes":""},"categories":[2],"tags":[584,18,3814,71,2825,155,77,6713,6714],"class_list":["post-4678","post","type-post","status-publish","format-standard","has-post-thumbnail","hentry","category-ultimas-noticias","tag-bullrich","tag-con","tag-dicen","tag-gobierno","tag-kirchnerismo","tag-mas","tag-milei","tag-negociaran","tag-respaldo"],"_links":{"self":[{"href":"https:\/\/13.com.ar\/index.php\/wp-json\/wp\/v2\/posts\/4678","targetHints":{"allow":["GET"]}}],"collection":[{"href":"https:\/\/13.com.ar\/index.php\/wp-json\/wp\/v2\/posts"}],"about":[{"href":"https:\/\/13.com.ar\/index.php\/wp-json\/wp\/v2\/types\/post"}],"author":[{"embeddable":true,"href":"https:\/\/13.com.ar\/index.php\/wp-json\/wp\/v2\/users\/1"}],"replies":[{"embeddable":true,"href":"https:\/\/13.com.ar\/index.php\/wp-json\/wp\/v2\/comments?post=4678"}],"version-history":[{"count":0,"href":"https:\/\/13.com.ar\/index.php\/wp-json\/wp\/v2\/posts\/4678\/revisions"}],"wp:featuredmedia":[{"embeddable":true,"href":"https:\/\/13.com.ar\/index.php\/wp-json\/wp\/v2\/media\/4679"}],"wp:attachment":[{"href":"https:\/\/13.com.ar\/index.php\/wp-json\/wp\/v2\/media?parent=4678"}],"wp:term":[{"taxonomy":"category","embeddable":true,"href":"https:\/\/13.com.ar\/index.php\/wp-json\/wp\/v2\/categories?post=4678"},{"taxonomy":"post_tag","embeddable":true,"href":"https:\/\/13.com.ar\/index.php\/wp-json\/wp\/v2\/tags?post=4678"}],"curies":[{"name":"wp","href":"https:\/\/api.w.org\/{rel}","templated":true}]}}