{"id":46564,"date":"2025-07-30T12:10:02","date_gmt":"2025-07-30T15:10:02","guid":{"rendered":"https:\/\/13.com.ar\/index.php\/designan-al-nuevo-interventor-del-enre-que-hara-el-ajuste-antes-de-la-unificacion-con-el-enargas\/"},"modified":"2025-07-30T12:10:02","modified_gmt":"2025-07-30T15:10:02","slug":"designan-al-nuevo-interventor-del-enre-que-hara-el-ajuste-antes-de-la-unificacion-con-el-enargas","status":"publish","type":"post","link":"https:\/\/13.com.ar\/index.php\/designan-al-nuevo-interventor-del-enre-que-hara-el-ajuste-antes-de-la-unificacion-con-el-enargas\/","title":{"rendered":"Designan al nuevo interventor del ENRE, que har\u00e1 el ajuste antes de la unificaci\u00f3n con el Enargas"},"content":{"rendered":"<p> <br \/>\n<br \/><img decoding=\"async\" src=\"https:\/\/13.com.ar\/wp-content\/uploads\/2025\/07\/Designan-al-nuevo-interventor-del-ENRE-que-hara-el-ajuste.jpg\" \/><\/p>\n<div id=\"element-body-0\">\n<p>El Gobierno design\u00f3 como <strong>nuevo interventor del Ente Nacional Regulador de la Electricidad (ENRE<\/strong>) a<strong> N\u00e9stor Marcelo Lamboglia<\/strong>, despu\u00e9s de la <strong>renuncia de Osvaldo Rolando,<\/strong> que trabajar\u00e1 hasta este viernes 1 de agosto.<\/p>\n<\/div>\n<div id=\"element-body-1\">\n<p><strong>Lamboglia ser\u00e1 el encargado de otra etapa de ajuste en el organismo, <\/strong>con despidos de personal antes de la unificaci\u00f3n de los entes reguladores de la luz y el gas, que se har\u00eda efectiva a fin de a\u00f1o.<\/p>\n<\/div>\n<div id=\"element-body-2\">\n<p>Su designaci\u00f3n, anticipada por Clar\u00edn en exclusiva, fue oficializada este mi\u00e9rcoles por la resoluci\u00f3n 330\/2025 de la Secretar\u00eda de Energ\u00eda, y ser\u00e1 efectiva hasta que se conforme un Directorio del nuevo Ente Nacional Regulador del Gas y la Electricidad, cuyos integrantes no pasar\u00e1n por un concurso p\u00fablico de antecedentes, tal la normativa propia de cada uno de los organismos.<\/p>\n<\/div>\n<div id=\"element-body-3\">\n<p>Entre sus principales tareas <strong>tendr\u00e1 a cargo la ejecuci\u00f3n de los aumentos de tarifas mensuales de la luz<\/strong>, bajo las \u00f3rdenes que da el ministro de Econom\u00eda, Luis Caputo, y la f\u00f3rmula de actualizaci\u00f3n de los ingresos que arroja la Revisi\u00f3n Quinquenal Tarifaria (RQT) de Edenor, Edesur, Transener y otras transportistas de energ\u00eda en alta tensi\u00f3n en todo el pa\u00eds.<\/p>\n<\/div>\n<div id=\"element-body-4\">\n<p>A la vez,<strong> en estos meses controlar\u00e1 la evoluci\u00f3n de las inversiones y los resultados en materia de cortes de luz.<\/strong><\/p>\n<\/div>\n<div id=\"element-body-5\">\n<p>El flamante funcionario es abogado por la Universidad Nacional de La Plata (UNLP), con especializaci\u00f3n en Derecho de la Regulaci\u00f3n Econ\u00f3mica de los Servicios P\u00fablicos en la Universidad Austral, y cuenta con m\u00e1s de 30 a\u00f1os de experiencia en el sector el\u00e9ctrico.<\/p>\n<\/div>\n<div id=\"element-body-6\">\n<p><strong>A lo largo de su trayectoria ocup\u00f3 roles clave en organismos de control y en el \u00e1mbito binacional<\/strong>: fue Secretario Letrado del Directorio y Gerente de Control de Concesiones en el Organismo de Control de Energ\u00eda El\u00e9ctrica de la Provincia de Buenos Aires (OCEBA); y Coordinador Legal de la Secretar\u00eda de Energ\u00eda El\u00e9ctrica en el entonces Ministerio de Energ\u00eda y Miner\u00eda.<\/p>\n<\/div>\n<div id=\"element-body-7\">\n<p>Tambi\u00e9n se desempe\u00f1\u00f3 como Asesor Letrado argentino en la Comisi\u00f3n T\u00e9cnica Mixta de Salto Grande y Asesor Jur\u00eddico de la Entidad Binacional Yacyret\u00e1.<\/p>\n<\/div>\n<div id=\"element-body-8\">\n<p>En los \u00faltimos a\u00f1os, Lamboglia integr\u00f3 el equipo de asesores de la Secretar\u00eda de Energ\u00eda de la Naci\u00f3n y, m\u00e1s recientemente, ocup\u00f3 la Secretar\u00eda de Directorio del ENRE.<\/p>\n<\/div>\n<div id=\"element-body-9\">\n<p>&#8220;Su designaci\u00f3n reafirma la decisi\u00f3n de sostener una conducci\u00f3n con amplio conocimiento t\u00e9cnico, regulatorio y jur\u00eddico del sector el\u00e9ctrico, en un momento clave para consolidar la previsibilidad tarifaria, la atracci\u00f3n de inversiones y la reorganizaci\u00f3n institucional del organismo&#8221;, comunic\u00f3 la Secretar\u00eda de Energ\u00eda.<\/p>\n<\/div>\n<p><br \/>\n<br \/><a href=\"https:\/\/www.clarin.com\/economia\/designan-nuevo-interventor-enre-hara-ajuste-unificacion-enargas_0_Wnj2QcNJNx.html\">Fuente Clarin.com <\/a><\/p>\n","protected":false},"excerpt":{"rendered":"<p>El Gobierno design\u00f3 como nuevo interventor del Ente Nacional Regulador de la Electricidad (ENRE) a N\u00e9stor Marcelo Lamboglia, despu\u00e9s de la renuncia de Osvaldo Rolando, que trabajar\u00e1 hasta este viernes 1 de agosto. Lamboglia ser\u00e1 el encargado de otra etapa de ajuste en el organismo, con despidos de personal antes de la unificaci\u00f3n de los [&hellip;]<\/p>\n","protected":false},"author":1,"featured_media":46565,"comment_status":"open","ping_status":"open","sticky":false,"template":"","format":"standard","meta":{"footnotes":""},"categories":[2],"tags":[2991,733,18,100,24931,23118,23119,1753,810,14,17934],"class_list":["post-46564","post","type-post","status-publish","format-standard","has-post-thumbnail","hentry","category-ultimas-noticias","tag-ajuste","tag-antes","tag-con","tag-del","tag-designan","tag-enargas","tag-enre","tag-hara","tag-interventor","tag-nuevo","tag-unificacion"],"_links":{"self":[{"href":"https:\/\/13.com.ar\/index.php\/wp-json\/wp\/v2\/posts\/46564","targetHints":{"allow":["GET"]}}],"collection":[{"href":"https:\/\/13.com.ar\/index.php\/wp-json\/wp\/v2\/posts"}],"about":[{"href":"https:\/\/13.com.ar\/index.php\/wp-json\/wp\/v2\/types\/post"}],"author":[{"embeddable":true,"href":"https:\/\/13.com.ar\/index.php\/wp-json\/wp\/v2\/users\/1"}],"replies":[{"embeddable":true,"href":"https:\/\/13.com.ar\/index.php\/wp-json\/wp\/v2\/comments?post=46564"}],"version-history":[{"count":0,"href":"https:\/\/13.com.ar\/index.php\/wp-json\/wp\/v2\/posts\/46564\/revisions"}],"wp:featuredmedia":[{"embeddable":true,"href":"https:\/\/13.com.ar\/index.php\/wp-json\/wp\/v2\/media\/46565"}],"wp:attachment":[{"href":"https:\/\/13.com.ar\/index.php\/wp-json\/wp\/v2\/media?parent=46564"}],"wp:term":[{"taxonomy":"category","embeddable":true,"href":"https:\/\/13.com.ar\/index.php\/wp-json\/wp\/v2\/categories?post=46564"},{"taxonomy":"post_tag","embeddable":true,"href":"https:\/\/13.com.ar\/index.php\/wp-json\/wp\/v2\/tags?post=46564"}],"curies":[{"name":"wp","href":"https:\/\/api.w.org\/{rel}","templated":true}]}}