{"id":46563,"date":"2025-07-30T12:04:01","date_gmt":"2025-07-30T15:04:01","guid":{"rendered":"https:\/\/13.com.ar\/index.php\/quien-es-la-nena-de-13-anos-que-murio-con-la-nieta-de-cris-morena-en-el-choque-del-velero\/"},"modified":"2025-07-30T12:04:01","modified_gmt":"2025-07-30T15:04:01","slug":"quien-es-la-nena-de-13-anos-que-murio-con-la-nieta-de-cris-morena-en-el-choque-del-velero","status":"publish","type":"post","link":"https:\/\/13.com.ar\/index.php\/quien-es-la-nena-de-13-anos-que-murio-con-la-nieta-de-cris-morena-en-el-choque-del-velero\/","title":{"rendered":"Qui\u00e9n es la nena de 13 a\u00f1os que muri\u00f3 con la nieta de Cris Morena en el choque del velero"},"content":{"rendered":"<p> <br \/>\n<br \/><img decoding=\"async\" src=\"https:\/\/13.com.ar\/wp-content\/uploads\/2025\/07\/Una-barcaza-embistio-a-un-velero-y-mato-a-dos.jpg\" \/><\/p>\n<div id=\"element-body-0\">\n<p>Pasadas 48 horas del tr\u00e1gico choque en Miami de una barcaza contra el velero en el que viajaba Mila Yankelevich, la nieta de 7 a\u00f1os de Cris Morena, que termin\u00f3 con su muerte y la de otra chica de 13 a\u00f1os, este mi\u00e9rcoles se conoci\u00f3 la identidad de esa adolescente, que <strong>era chilena y no argentina<\/strong>, como hab\u00eda trascendido.<\/p>\n<\/div>\n<div id=\"element-body-1\">\n<p>Se llamaba Erin Ko, y fue identificada en estas horas por la oficina del m\u00e9dico forense del condado de Miami-Dade. Hija de padres de origen coreanos, hasta el a\u00f1o pasado estudi\u00f3 en el colegio San Pedro Nolasco de Vitacura, Chile. La familia hab\u00eda emigrado a Miami hace un a\u00f1o. Erin tampoco pude ser reanimada por los param\u00e9dicos luego del choque.<\/p>\n<\/div>\n<div id=\"element-body-2\">\n<p>&#8220;La Canciller\u00eda chilena, a trav\u00e9s del Consulado General de Chile en Miami, est\u00e1 dando seguimiento a este lamentable caso y a disposici\u00f3n de la familia para la asistencia consular requerida, dentro de sus competencias&#8221;, comunicaron desde el gobierno chileno.<\/p>\n<\/div>\n<p><br \/>\n<br \/><a href=\"https:\/\/www.clarin.com\/sociedad\/nena-13-anos-murio-nieta-cris-morena-choque-velero_0_PQHd3phV31.html\">Fuente Clarin.com <\/a><\/p>\n","protected":false},"excerpt":{"rendered":"<p>Pasadas 48 horas del tr\u00e1gico choque en Miami de una barcaza contra el velero en el que viajaba Mila Yankelevich, la nieta de 7 a\u00f1os de Cris Morena, que termin\u00f3 con su muerte y la de otra chica de 13 a\u00f1os, este mi\u00e9rcoles se conoci\u00f3 la identidad de esa adolescente, que era chilena y no [&hellip;]<\/p>\n","protected":false},"author":1,"featured_media":46239,"comment_status":"open","ping_status":"open","sticky":false,"template":"","format":"standard","meta":{"footnotes":""},"categories":[2],"tags":[636,428,18,3501,100,878,611,3218,2684,3,19674],"class_list":["post-46563","post","type-post","status-publish","format-standard","has-post-thumbnail","hentry","category-ultimas-noticias","tag-anos","tag-choque","tag-con","tag-cris","tag-del","tag-morena","tag-murio","tag-nena","tag-nieta","tag-quien","tag-velero"],"_links":{"self":[{"href":"https:\/\/13.com.ar\/index.php\/wp-json\/wp\/v2\/posts\/46563","targetHints":{"allow":["GET"]}}],"collection":[{"href":"https:\/\/13.com.ar\/index.php\/wp-json\/wp\/v2\/posts"}],"about":[{"href":"https:\/\/13.com.ar\/index.php\/wp-json\/wp\/v2\/types\/post"}],"author":[{"embeddable":true,"href":"https:\/\/13.com.ar\/index.php\/wp-json\/wp\/v2\/users\/1"}],"replies":[{"embeddable":true,"href":"https:\/\/13.com.ar\/index.php\/wp-json\/wp\/v2\/comments?post=46563"}],"version-history":[{"count":0,"href":"https:\/\/13.com.ar\/index.php\/wp-json\/wp\/v2\/posts\/46563\/revisions"}],"wp:featuredmedia":[{"embeddable":true,"href":"https:\/\/13.com.ar\/index.php\/wp-json\/wp\/v2\/media\/46239"}],"wp:attachment":[{"href":"https:\/\/13.com.ar\/index.php\/wp-json\/wp\/v2\/media?parent=46563"}],"wp:term":[{"taxonomy":"category","embeddable":true,"href":"https:\/\/13.com.ar\/index.php\/wp-json\/wp\/v2\/categories?post=46563"},{"taxonomy":"post_tag","embeddable":true,"href":"https:\/\/13.com.ar\/index.php\/wp-json\/wp\/v2\/tags?post=46563"}],"curies":[{"name":"wp","href":"https:\/\/api.w.org\/{rel}","templated":true}]}}