{"id":46557,"date":"2025-07-30T11:55:02","date_gmt":"2025-07-30T14:55:02","guid":{"rendered":"https:\/\/13.com.ar\/index.php\/nacionalizar-la-eleccion-y-polarizar-con-la-ayuda-de-milei-y-candidatos-mas-alla-de-sus-secciones\/"},"modified":"2025-07-30T11:55:02","modified_gmt":"2025-07-30T14:55:02","slug":"nacionalizar-la-eleccion-y-polarizar-con-la-ayuda-de-milei-y-candidatos-mas-alla-de-sus-secciones","status":"publish","type":"post","link":"https:\/\/13.com.ar\/index.php\/nacionalizar-la-eleccion-y-polarizar-con-la-ayuda-de-milei-y-candidatos-mas-alla-de-sus-secciones\/","title":{"rendered":"nacionalizar la elecci\u00f3n y polarizar con la ayuda de Milei y candidatos m\u00e1s all\u00e1 de sus secciones"},"content":{"rendered":"<p> <br \/>\n<\/p>\n<div id=\"cuerpo\">\n<div class=\"sc-45461e9c-0 eqiBeF container-text text-embed \" id=\"element-body-0\">\n<p>Con poco m\u00e1s de un mes por delante, antes de la elecci\u00f3n bonaerense, la Alianza La Libertad Avanza que integran LLA y el PRO, ya tiene una estrategia bastante definida y hasta obvia: <strong>nacionalizar la elecci\u00f3n y polarizar con el kirchnerismo<\/strong>. Esa misma decisi\u00f3n le sirvi\u00f3 al oficialismo nacional para <strong>ganar en la Ciudad en mayo<\/strong>. <strong>Javier Milei se prepara para ponerle el cuerpo a la campa\u00f1a<\/strong>.<\/p>\n<\/div>\n<div class=\"sc-45461e9c-0 eqiBeF container-text text-embed \" id=\"element-body-1\">\n<p>Tres meses despu\u00e9s y del otro lado de la General Paz no hubo cambios sensibles. Una de los candidatos que encabezar\u00e1 una de las ocho <strong>secciones electorales<\/strong> se alegr\u00f3 ante las pintadas que aparecieron en su distrito. \u201c<strong>Axel o Milei<\/strong>\u201d, se le\u00eda en paredones y autopistas del conurbano. \u201c<strong>Voy a hacer campa\u00f1a con las pintadas de Kicillof. Desdoblaron la elecci\u00f3n y lo primero que hicieron es nacionalizarla<\/strong>\u201d, se alegraba el candidato. Las <strong>problem\u00e1ticas de la seguridad, el trabajo, la baja de impuestos y la desburocratizaci\u00f3n conformar\u00e1n la agenda<\/strong>.<\/p>\n<\/div>\n<div class=\"sc-45461e9c-0 eqiBeF container-text text-embed \" id=\"element-body-2\">\n<p>Una de las certezas en la mesa bonaerense que tiene al mando a <strong>Sebasti\u00e1n Pareja<\/strong> con la supervisi\u00f3n de <strong>Eduardo \u201cLule\u201d Menem <\/strong>es que el electorado <strong>no distingue en l\u00edneas generales entre las diferentes secciones<\/strong>.<\/p>\n<\/div>\n<div class=\"sc-45461e9c-0 eqiBeF container-text text-embed \" id=\"element-body-3\">\n<p>El <strong>Presidente participar\u00e1 de \u201cbajadas\u201d <\/strong>al territorio donde coincidir\u00e1n los <strong>ochos cabeza de lista<\/strong> de cada secci\u00f3n y parte del gabinete nacional. <strong>Los intendentes-candidatos y expertos en los temas tambi\u00e9n cruzar\u00e1n<\/strong> m\u00e1s all\u00e1 de los l\u00edmites por los que compiten.<\/p>\n<\/div>\n<div class=\"sc-45461e9c-0 eqiBeF container-text text-embed \" id=\"element-body-4\">\n<p>Con ese pretexto, el intendente de 3 de Febrero <strong>Diego Valenzuela<\/strong>, candidato a senador por la primera secci\u00f3n -la m\u00e1s populosa de la Provincia- se cruz\u00f3 este martes a Ciudadela, en el municipio vecino de La Matanza para conversar y fotografiarse con <strong>Leila Gianni<\/strong>, cabeza de lista de concejales en ese distrito, el m\u00e1s poblado.<\/p>\n<\/div>\n<div class=\"sc-98b114a2-0 bkqiHH image-embed  image-embed \" id=\"element-body-5\"><picture class=\"sc-98b114a2-1 jRUlDm\"><source media=\"(min-width: 975px)\" width=\"720\" height=\"480\" \/><img fetchpriority=\"high\" alt=\"Dos en uno. Valenzuela y Leila Gianni, en Ciudadela. La primera y la tercera secci\u00f3n.\" loading=\"eager\" width=\"720\" height=\"480\" decoding=\"async\" data-nimg=\"1\" style=\"color:transparent\" src=\"https:\/\/13.com.ar\/wp-content\/uploads\/2025\/07\/nacionalizar-la-eleccion-y-polarizar-con-la-ayuda-de-Milei.jpg\"\/><span class=\"epigraphe\">Dos en uno. Valenzuela y Leila Gianni, en Ciudadela. La primera y la tercera secci\u00f3n.<\/span><span class=\"picture-open\"><button class=\"open-image\" aria-label=\"Open Image\"\/><\/span><\/picture><\/div>\n<div class=\"sc-45461e9c-0 eqiBeF container-text text-embed \" id=\"element-body-6\">\n<p>Valenzuela, el primer jefe comunal del PRO en saltar a LLA, buscar\u00e1 contrastar su gesti\u00f3n con la de <strong>Fernando Espinoza<\/strong>, como ya hizo con la baja impositiva en ingresos brutos que <strong>sirvi\u00f3 de excusa para que el Banco Naci\u00f3n cerrara<\/strong> la sucursal matancera de San Justo y la mudara a 15 cuadras, a 3 de Febrero. O el desembarco de un <strong>centro de almacenamiento de Mercado Libre<\/strong>, que fue comunicado con la misma perspectiva. Con esa directiva, el intendente recorrer\u00e1 <strong>Mor\u00f3n, Moreno, Ituzaing\u00f3, Pilar, Merlo y Escobar<\/strong>. No piensan en caminatas tradicionales por las peatonales; sino en llevar propuestas concretas.<\/p>\n<\/div>\n<div class=\"sc-45461e9c-0 eqiBeF container-text text-embed \" id=\"element-body-7\">\n<p><strong>Patricia Bullrich<\/strong> en su \u00faltima visita al distrito, en la previa del cierre de listas, fulmin\u00f3 a Kicillof. \u201c<strong>Es pro-delincuencia<\/strong>\u201d, consign\u00f3. La presencia de los ministros, como ocurri\u00f3 en la Ciudad, tambi\u00e9n estar\u00e1 al servicio de los comicios.<\/p>\n<\/div>\n<div class=\"sc-45461e9c-0 eqiBeF container-text text-embed \" id=\"element-body-8\">\n<p>La elecci\u00f3n del ex comisario inspector de la bonaerense, <strong>Maximiliano Bondarenko<\/strong>, como cabeza de lista en la tercera sirvi\u00f3 para lo mismo: <strong>poner el reclamo por la seguridad en el centro de la escena<\/strong>.<\/p>\n<\/div>\n<div class=\"sc-45461e9c-0 eqiBeF container-text text-embed \" id=\"element-body-9\">\n<p>Esa realidad se amoldar\u00e1 seg\u00fan el entorno. En las secciones rurales (<strong>la cuarta, la segunda, la sexta y la s\u00e9ptima<\/strong>) donde la actividad agropecuaria es el motor econ\u00f3mico, esa problem\u00e1tica se centrar\u00e1 en el abigeato as\u00ed como la gesti\u00f3n nacional se traducir\u00e1 en la <strong>baja de retenciones que el Presidente anunci\u00f3 el s\u00e1bado en La Rural<\/strong>.<\/p>\n<\/div>\n<div class=\"sc-45461e9c-0 eqiBeF container-text text-embed \" id=\"element-body-10\">\n<p>El intendente de General Pueyrred\u00f3n, <strong>Guillermo Montenegro<\/strong>, del PRO, tambi\u00e9n se mostrar\u00e1 en otras jurisdicciones para hablar de sus especialidades, <strong>desde la polic\u00eda local a c\u00f3mo perseguir y erradicar a los trapitos<\/strong>.<\/p>\n<\/div>\n<div class=\"sc-98b114a2-0 bkqiHH image-embed  image-embed \" id=\"element-body-11\"><picture class=\"sc-98b114a2-1 jRUlDm\"><source media=\"(min-width: 975px)\" width=\"720\" height=\"480\" \/><img alt=\"Guillermo Montenegro y Patricia Bullrich. Tambi\u00e9n ser\u00e1n protagonistas. Foto: Diego Izquierdo\" loading=\"eager\" width=\"720\" height=\"480\" decoding=\"async\" data-nimg=\"1\" style=\"color:transparent\" src=\"https:\/\/13.com.ar\/wp-content\/uploads\/2025\/07\/1753887302_331_nacionalizar-la-eleccion-y-polarizar-con-la-ayuda-de-Milei.jpg\"\/><span class=\"epigraphe\">Guillermo Montenegro y Patricia Bullrich. Tambi\u00e9n ser\u00e1n protagonistas. Foto: Diego Izquierdo<\/span><span class=\"picture-open\"><button class=\"open-image\" aria-label=\"Open Image\"\/><\/span><\/picture><\/div>\n<div class=\"sc-45461e9c-0 eqiBeF container-text text-embed \" id=\"element-body-12\">\n<p><strong>A Milei tambi\u00e9n lo esperan en los distritos<\/strong>. El tiempo juega en contra para que visite las ocho secciones, pero seguro estar\u00e1 en la quinta, la tercera y la primera. Por estas horas, el equipo de campa\u00f1a termina de decidir sobre la <strong>conveniencia de un cierre bonaerense con un acto tradicional a la vieja usanza<\/strong>, que LLA prob\u00f3 que le siguen interesando para disputarle ese folclore e iconograf\u00eda popular al peronismo.<\/p>\n<\/div>\n<div class=\"sc-45461e9c-0 eqiBeF container-text text-embed \" id=\"element-body-13\">\n<p>En 2023, Milei se atrevi\u00f3 a una caravana en La Matanza. Suena m\u00e1s que improbable que se exponga en algunas de las localidades m\u00e1s postergadas, donde ning\u00fan libertario se ilusiona con un triunfo. En la primera, en cambio, los planetas lucen m\u00e1s alineados.<\/p>\n<\/div>\n<div class=\"sc-45461e9c-0 eqiBeF container-text text-embed \" id=\"element-body-14\">\n<p>Los mile\u00edstas conf\u00edan en que la polarizaci\u00f3n servir\u00e1 para anteponer dos modelos. \u201c<strong>Te puede gustar o no, pero Milei tiene gesti\u00f3n. <\/strong>Axel no tiene nada y el kirchnerismo es color sepia, en blanco y negro. \u00bfQu\u00e9 van a mostrar? \u00bfA los dirigentes de Massa o a los de Alberto\u201d, ironizan.<\/p>\n<\/div>\n<div class=\"sc-45461e9c-0 eqiBeF container-text text-embed \" id=\"element-body-15\">\n<p>En el comando violeta no creen que la <strong>oferta de centro de<\/strong> <strong>Somos <\/strong>-que une a radicales y peronistas disidentes- les pueda robar votos. \u201cEn todo caso le puede quitar votos al peronismo. <strong>Dos de sus referentes m\u00e1s importantes vienen de ah\u00ed<\/strong>\u201d, dicen en alusi\u00f3n a Julio Zamora, de Tigre, y Juan Zabaleta, de Esteban Echeverr\u00eda.<\/p>\n<\/div>\n<div class=\"sc-45461e9c-0 eqiBeF container-text text-embed \" id=\"element-body-16\">\n<p>Zamora pas\u00f3 el lunes por Vicente L\u00f3pez. Evit\u00f3 cuestionar a Soledad Mart\u00ednez, a quien hab\u00eda invitado a sumarse a Somos. <\/p>\n<\/div>\n<div class=\"sc-45461e9c-0 eqiBeF container-text text-embed \" id=\"element-body-17\">\n<p>El Presidente <strong>cerr\u00f3 la interna entre Santiago Caputo y Karina Milei<\/strong>. Este martes, el asesor regres\u00f3 a la mesa pol\u00edtica del oficialismo con los Menem despu\u00e9s de semanas de cruces de alta tensi\u00f3n.<\/p>\n<\/div>\n<div class=\"sc-45461e9c-0 eqiBeF container-text text-embed \" id=\"element-body-18\">\n<p>Milei exager\u00f3 y lo defini\u00f3 como un <strong>hermano para \u00e9l y tambi\u00e9n para Karina<\/strong>. En el oficialismo descuentan que colaborar\u00e1 en la organizaci\u00f3n de la campa\u00f1a bonaerense como hizo en la Ciudad. Sin embargo, como recuerdan cerca del asesor, <strong>el primer tiempo de cualquier campa\u00f1a gira alrededor de la oferta electoral<\/strong> y ese cap\u00edtulo se cerr\u00f3 el 19 de julio. Destacan que los cierres no fueron buenos ni en la cuarta ni en la segunda secci\u00f3n. Los que se quedaron adentro del PRO minimizan el costo de los portazos de los intendentes <strong>Pablo Petrecca<\/strong> (en la cuarta) y de <strong>Javier Mart\u00ednez<\/strong> en la segunda. <\/p>\n<\/div>\n<div class=\"sc-45461e9c-0 eqiBeF container-text text-embed \" id=\"element-body-19\">\n<p>\u201c<strong>Hoy por hoy est\u00e1 a cargo Lule de la campa\u00f1a provincial<\/strong>. <strong>Santiago se involucrar\u00e1 en caso de que Milei lo requiera<\/strong>. Y si se involucra ser\u00e1 a fondo, tomando el control de la campa\u00f1a\u201d, consign\u00f3 una voz autorizada, aunque dif\u00edcilmente los karinistas se corran. De cara a las elecciones nacionales de <strong>octubre<\/strong>, el reparto de poder puertas adentro del oficialismo <strong>ser\u00e1 distinto<\/strong>, pero la estrategia ser\u00e1 probablemente la misma.<\/p>\n<\/div>\n<\/div>\n<p><br \/>\n<br \/><a href=\"https:\/\/www.clarin.com\/politica\/estrategia-libertaria-pba-nacionalizar-eleccion-polarizar-ayuda-milei-candidatos-alla-secciones_0_0a3byC84OB.html\">Fuente Clarin.com <\/a><\/p>\n","protected":false},"excerpt":{"rendered":"<p>Con poco m\u00e1s de un mes por delante, antes de la elecci\u00f3n bonaerense, la Alianza La Libertad Avanza que integran LLA y el PRO, ya tiene una estrategia bastante definida y hasta obvia: nacionalizar la elecci\u00f3n y polarizar con el kirchnerismo. Esa misma decisi\u00f3n le sirvi\u00f3 al oficialismo nacional para ganar en la Ciudad en [&hellip;]<\/p>\n","protected":false},"author":1,"featured_media":46558,"comment_status":"open","ping_status":"open","sticky":false,"template":"","format":"standard","meta":{"footnotes":""},"categories":[2],"tags":[7642,117,3347,18,3294,155,77,20095,24927,16516,40],"class_list":["post-46557","post","type-post","status-publish","format-standard","has-post-thumbnail","hentry","category-ultimas-noticias","tag-alla","tag-ayuda","tag-candidatos","tag-con","tag-eleccion","tag-mas","tag-milei","tag-nacionalizar","tag-polarizar","tag-secciones","tag-sus"],"_links":{"self":[{"href":"https:\/\/13.com.ar\/index.php\/wp-json\/wp\/v2\/posts\/46557","targetHints":{"allow":["GET"]}}],"collection":[{"href":"https:\/\/13.com.ar\/index.php\/wp-json\/wp\/v2\/posts"}],"about":[{"href":"https:\/\/13.com.ar\/index.php\/wp-json\/wp\/v2\/types\/post"}],"author":[{"embeddable":true,"href":"https:\/\/13.com.ar\/index.php\/wp-json\/wp\/v2\/users\/1"}],"replies":[{"embeddable":true,"href":"https:\/\/13.com.ar\/index.php\/wp-json\/wp\/v2\/comments?post=46557"}],"version-history":[{"count":0,"href":"https:\/\/13.com.ar\/index.php\/wp-json\/wp\/v2\/posts\/46557\/revisions"}],"wp:featuredmedia":[{"embeddable":true,"href":"https:\/\/13.com.ar\/index.php\/wp-json\/wp\/v2\/media\/46558"}],"wp:attachment":[{"href":"https:\/\/13.com.ar\/index.php\/wp-json\/wp\/v2\/media?parent=46557"}],"wp:term":[{"taxonomy":"category","embeddable":true,"href":"https:\/\/13.com.ar\/index.php\/wp-json\/wp\/v2\/categories?post=46557"},{"taxonomy":"post_tag","embeddable":true,"href":"https:\/\/13.com.ar\/index.php\/wp-json\/wp\/v2\/tags?post=46557"}],"curies":[{"name":"wp","href":"https:\/\/api.w.org\/{rel}","templated":true}]}}