{"id":46549,"date":"2025-07-30T11:43:02","date_gmt":"2025-07-30T14:43:02","guid":{"rendered":"https:\/\/13.com.ar\/index.php\/que-paises-de-america-latina-estan-en-riesgo\/"},"modified":"2025-07-30T11:43:02","modified_gmt":"2025-07-30T14:43:02","slug":"que-paises-de-america-latina-estan-en-riesgo","status":"publish","type":"post","link":"https:\/\/13.com.ar\/index.php\/que-paises-de-america-latina-estan-en-riesgo\/","title":{"rendered":"qu\u00e9 pa\u00edses de Am\u00e9rica Latina est\u00e1n en riesgo"},"content":{"rendered":"<p> <br \/>\n<br \/><img decoding=\"async\" src=\"https:\/\/13.com.ar\/wp-content\/uploads\/2025\/07\/que-paises-de-America-Latina-estan-en-riesgo.jpg\" \/><\/p>\n<div id=\"element-body-0\">\n<p>Diversos <strong>pa\u00edses de Am\u00e9rica Latina con costa en el Oc\u00e9ano Pac\u00edfico se encuentran bajo alerta de tsunami <\/strong>ante la posible llegada de fuertes oleajes y un considerable aumento del nivel del mar. Esta situaci\u00f3n se presenta tras el potente <strong>terremoto <\/strong>de magnitud 8.8 que sacudi\u00f3 a la<strong> pen\u00ednsula rusa de Kamchatka<\/strong> este mi\u00e9rcoles.<\/p>\n<\/div>\n<div id=\"element-body-1\">\n<p>El Servicio Geof\u00edsico de la Academia de Ciencias de Rusia defini\u00f3 al <strong>temblor como el m\u00e1s potente en la regi\u00f3n desde 1952.<\/strong> &#8220;Fue el m\u00e1s fuerte en d\u00e9cadas de temblores&#8221;, asegur\u00f3 el gobernador de Kamchatka, Vladimir Solodov, en un video publicado en su cuenta de Telegram.<\/p>\n<\/div>\n<div id=\"element-body-4\">\n<p>En Chile, el Servicio Nacional de Prevenci\u00f3n y Respuesta ante Desastres (Senapred) emiti\u00f3 una<strong> alerta m\u00e1xima por<\/strong> <strong>amenaza de tsunami <\/strong>y convoc\u00f3 de urgencia al Comit\u00e9 T\u00e9cnico de Gesti\u00f3n del Riesgo de Desastres. <\/p>\n<\/div>\n<div id=\"element-body-5\">\n<p>El presidente Gabriel Boric anunci\u00f3 un <strong>plan de evacuaci\u00f3n preventiva en todas las zonas costeras del pa\u00eds<\/strong>, detallando en su cuenta oficial de X que &#8220;el protocolo indica evacuar tres horas antes del horario estimado de llegada de la ola&#8221;.<\/p>\n<\/div>\n<div id=\"element-body-8\">\n<p>La Direcci\u00f3n de Hidrograf\u00eda y Navegaci\u00f3n de la Marina de Guerra del Per\u00fa activ\u00f3 una <strong>alerta de tsunami para todo su litoral.<\/strong> El Centro de Operaciones de Emergencia Nacional (COEN) inform\u00f3 que <strong>se espera que las olas impacten en los puertos <\/strong>de todas las regiones del pa\u00eds.<\/p>\n<\/div>\n<div id=\"element-body-10\">\n<p>El gobierno de Ecuador implement\u00f3<strong> medidas preventivas en las Islas Gal\u00e1pagos<\/strong>, ordenando la<strong> suspensi\u00f3n de todas las actividades mar\u00edtimas<\/strong> y la <strong>evacuaci\u00f3n de playas, muelles y zonas bajas.<\/strong> Si bien el riesgo para la costa continental es considerado menor por el momento, las autoridades permanecen en alerta.<\/p>\n<\/div>\n<div id=\"element-body-12\">\n<p>La Unidad Nacional para la Gesti\u00f3n del Riesgo de Desastres (UNGRD) colombiana declar\u00f3<strong> alerta roja para las zonas costeras de Nari\u00f1o y Choc\u00f3<\/strong>, y una<strong> advertencia para los departamentos de Cauca y Valle del Cauca. <\/strong><\/p>\n<\/div>\n<div id=\"element-body-13\">\n<p>Se anticipa la llegada de <strong>fuertes corrientes y oleaje<\/strong> durante este 30 de julio, por lo que se insta a la poblaci\u00f3n a tomar precauciones extremas. <\/p>\n<\/div>\n<div id=\"element-body-16\">\n<p>El Centro de Alerta de Tsunamis de la Secretar\u00eda de Marina (SEMAR) de M\u00e9xico prev\u00e9 un <strong>aumento del nivel del mar de entre 30 cent\u00edmetros y un metro a lo largo de su costa<\/strong>. La Coordinaci\u00f3n Nacional de Protecci\u00f3n Civil ha indicado que las primeras alteraciones podr\u00edan detectarse a partir de las 02:00 horas (tiempo del centro de M\u00e9xico) de este mi\u00e9rcoles 30 de julio.<\/p>\n<\/div>\n<div id=\"element-body-17\">\n<p>Por ultimo, la Oficina Nacional de Administraci\u00f3n Oce\u00e1nica y Atmosf\u00e9rica (NOAA) estadounidense tambi\u00e9n emiti\u00f3 una <strong>alerta de tsunami para Haw\u00e1i y algunas partes de Alaska,<\/strong> y las autoridades rusas emitieron una alerta de tsunami para la bah\u00eda de Avacha.<\/p>\n<\/div>\n<p><br \/>\n<br \/><a href=\"https:\/\/www.clarin.com\/internacional\/tsunami-paises-america-latina-riesgo_0_R0xfkpkPVS.html\">Fuente Clarin.com <\/a><\/p>\n","protected":false},"excerpt":{"rendered":"<p>Diversos pa\u00edses de Am\u00e9rica Latina con costa en el Oc\u00e9ano Pac\u00edfico se encuentran bajo alerta de tsunami ante la posible llegada de fuertes oleajes y un considerable aumento del nivel del mar. Esta situaci\u00f3n se presenta tras el potente terremoto de magnitud 8.8 que sacudi\u00f3 a la pen\u00ednsula rusa de Kamchatka este mi\u00e9rcoles. El Servicio [&hellip;]<\/p>\n","protected":false},"author":1,"featured_media":46550,"comment_status":"open","ping_status":"open","sticky":false,"template":"","format":"standard","meta":{"footnotes":""},"categories":[2],"tags":[3432,2376,3433,2848,286,456],"class_list":["post-46549","post","type-post","status-publish","format-standard","has-post-thumbnail","hentry","category-ultimas-noticias","tag-america","tag-estan","tag-latina","tag-paises","tag-que","tag-riesgo"],"_links":{"self":[{"href":"https:\/\/13.com.ar\/index.php\/wp-json\/wp\/v2\/posts\/46549","targetHints":{"allow":["GET"]}}],"collection":[{"href":"https:\/\/13.com.ar\/index.php\/wp-json\/wp\/v2\/posts"}],"about":[{"href":"https:\/\/13.com.ar\/index.php\/wp-json\/wp\/v2\/types\/post"}],"author":[{"embeddable":true,"href":"https:\/\/13.com.ar\/index.php\/wp-json\/wp\/v2\/users\/1"}],"replies":[{"embeddable":true,"href":"https:\/\/13.com.ar\/index.php\/wp-json\/wp\/v2\/comments?post=46549"}],"version-history":[{"count":0,"href":"https:\/\/13.com.ar\/index.php\/wp-json\/wp\/v2\/posts\/46549\/revisions"}],"wp:featuredmedia":[{"embeddable":true,"href":"https:\/\/13.com.ar\/index.php\/wp-json\/wp\/v2\/media\/46550"}],"wp:attachment":[{"href":"https:\/\/13.com.ar\/index.php\/wp-json\/wp\/v2\/media?parent=46549"}],"wp:term":[{"taxonomy":"category","embeddable":true,"href":"https:\/\/13.com.ar\/index.php\/wp-json\/wp\/v2\/categories?post=46549"},{"taxonomy":"post_tag","embeddable":true,"href":"https:\/\/13.com.ar\/index.php\/wp-json\/wp\/v2\/tags?post=46549"}],"curies":[{"name":"wp","href":"https:\/\/api.w.org\/{rel}","templated":true}]}}