{"id":46545,"date":"2025-07-30T11:31:00","date_gmt":"2025-07-30T14:31:00","guid":{"rendered":"https:\/\/13.com.ar\/index.php\/susana-gimenez-expreso-su-dolor-tras-el-fallecimiento-de-la-nieta-de-gustavo-yankelevich-y-cris-morena\/"},"modified":"2025-07-30T11:31:00","modified_gmt":"2025-07-30T14:31:00","slug":"susana-gimenez-expreso-su-dolor-tras-el-fallecimiento-de-la-nieta-de-gustavo-yankelevich-y-cris-morena","status":"publish","type":"post","link":"https:\/\/13.com.ar\/index.php\/susana-gimenez-expreso-su-dolor-tras-el-fallecimiento-de-la-nieta-de-gustavo-yankelevich-y-cris-morena\/","title":{"rendered":"Susana Gim\u00e9nez expres\u00f3 su dolor tras el fallecimiento de la nieta de Gustavo Yankelevich y Cris Morena"},"content":{"rendered":"<p> <br \/>\n<br \/><img decoding=\"async\" src=\"https:\/\/13.com.ar\/wp-content\/uploads\/2025\/07\/Susana-Gimenez-expreso-su-dolor-tras-el-fallecimiento-de-la.jpg\" \/><\/p>\n<div id=\"element-body-0\">\n<p>En las \u00faltimas horas, <strong>Susana Gim\u00e9nez<\/strong> se expres\u00f3 en las redes sociales luego de enterarse de la triste noticia del fallecimiento de Mila Yankelevich, la hija de siete a\u00f1os del productor Tom\u00e1s Yankelevich y de la actriz Sof\u00eda Reca y nieta menor de Cris Morena y Gustavo Yankelevich. <\/p>\n<\/div>\n<div id=\"element-body-1\">\n<p>La peque\u00f1a falleci\u00f3 el lunes 28 de julio en un accidente entre un velero y una barcaza ocurrido en Miami, en el que tambi\u00e9n perdi\u00f3 la vida una ni\u00f1a de trece a\u00f1os. Este mi\u00e9rcoles, la conductora televisiva comparti\u00f3 un sentido mensaje para acompa\u00f1ar a la familia y especialmente a Gustavo, con quien mantiene una cercana relaci\u00f3n. <\/p>\n<\/div>\n<div id=\"element-body-2\">\n<p>De viaje en Turqu\u00eda, a donde fue a grabar junto a Marley la primera emisi\u00f3n de la nueva temporada de <em>Por el mundo <\/em>(Telefe), Susana se mostr\u00f3 consternada por la triste noticia y expres\u00f3 su dolor ante la p\u00e9rdida de la peque\u00f1a de 7 a\u00f1os envi\u00e1ndole un mensaje directamente a Tom\u00e1s Yankelevich y Sof\u00eda Reca, padres de la ni\u00f1a.<\/p>\n<\/div>\n<div id=\"element-body-3\">\n<p>\u201c<strong>Tom\u00e1s y Sofi, rezo con toda mi alma para que puedan soportar tanto dolor\u201d, <\/strong>escribi\u00f3 la diva junto al emoji de un coraz\u00f3n roto en sus historias de Instagram.<\/p>\n<\/div>\n<div id=\"element-body-5\">\n<p>La diva de la televisi\u00f3n, de esta manera, se sum\u00f3 con el apoyo al igual que lo hicieron otros famosos como Nico V\u00e1zquez, Wanda Nara, Benjam\u00edn Vicu\u00f1a y Marcelo Tinelli, entre otros, quienes se solidarizaron con esta nueva tragedia que golpea a la familia de Gustavo Yankelevich y Cris Morena, quienes perdieron a su hija Romina Yan en 2010 cuando muri\u00f3 a los 36 a\u00f1os tras descompensarse al salir de su rutina de entrenamiento f\u00edsico.<\/p>\n<\/div>\n<div id=\"element-body-7\">\n<p>Benjam\u00edn Vicu\u00f1a, quien perdi\u00f3 a su hija Blanca, fruto de su relaci\u00f3n con Carolina &#8220;Pampita&#8221; Ardohain, en 2012 cuando la peque\u00f1a ten\u00eda apenas seis a\u00f1os, le dio el p\u00e9same a la familia Yankelevich entendiendo el dolor que est\u00e1n atravesando.<\/p>\n<\/div>\n<div id=\"element-body-8\">\n<p>&#8220;En una fr\u00eda ma\u00f1ana donde el dolor de una familia es el dolor de un pueblo, de una comunidad absorta frente a la tragedia, nos hacemos preguntas que jam\u00e1s tendr\u00e1n respuesta&#8221;, escribi\u00f3 el actor sobre un fondo negro en sus historias de Instagram.<\/p>\n<\/div>\n<div id=\"element-body-10\">\n<p>Y agreg\u00f3: &#8220;Somos esa familia, somos la naturaleza que estalla, que erupciona y cambia. Que se abraza. Mi coraz\u00f3n est\u00e1 con ustedes, familia Yankelevich.&#8221;<\/p>\n<\/div>\n<div id=\"element-body-11\">\n<p>Wanda Nara fue otras de las que se expres\u00f3 en sus redes sociales. La conductora de MasterChef Argentina escribi\u00f3: &#8220;No existen palabras. Cris, te abrazo muy fuerte, a toda la familia Yankelevich. QEPD Mila&#8221;.<\/p>\n<\/div>\n<div id=\"element-body-13\">\n<p>Por su parte, Nicol\u00e1s V\u00e1zquez tambi\u00e9n comparti\u00f3 una reflexi\u00f3n en su cuenta de Instagram: &#8220;Hay momentos que ning\u00fan coraz\u00f3n est\u00e1 preparado para atravesar. Situaciones que nos sacuden de ra\u00edz, que no tienen explicaci\u00f3n, ni l\u00f3gica, ni consuelo posible. La partida de Mila es una de esas tragedias que duelen hasta el alma. Y m\u00e1s a\u00fan cuando la vida golpea por segunda vez a una misma familia. No hay por qu\u00e9, no hay para qu\u00e9. S\u00f3lo el dolor y el amor latiendo al mismo tiempo&#8221;.<\/p>\n<\/div>\n<div id=\"element-body-15\">\n<p>&#8220;Pido a Dios que los abrace, que les d\u00e9 la templanza y el consuelo que necesitan para seguir caminando, para seguir caminando. Creo sinceramente, que quienes partieron siguen estando. De otra forma, en otra luz. Acompa\u00f1ando desde ese otro plano que no entendemos, pero sentimos&#8221;, sum\u00f3 Nico, quien en 2016 perdi\u00f3 a su hermano Santiago, quien falleci\u00f3 s\u00fabitamente mientras vacacionaba en Punta Cana.<\/p>\n<\/div>\n<div id=\"element-body-16\">\n<p>Por su parte, Marcelo Tinelli, allegado cercano a la familia de Tom\u00e1s Yankelevich y Sof\u00eda Reca, padres de la ni\u00f1a, utiliz\u00f3 X (ex Twitter) para transmitir su reacci\u00f3n. <\/p>\n<\/div>\n<div id=\"element-body-17\">\n<p>\u201cEstoy destruido. No lo puedo creer. Mi amor inmenso a toda la familia, que forma parte de mi vida. No lo entiendo lpm\u201d, fueron sus palabras, que acompa\u00f1\u00f3 con varios emojis de corazones partidos.<\/p>\n<\/div>\n<p><br \/>\n<br \/><a href=\"https:\/\/www.clarin.com\/fama\/susana-gimenez-expreso-dolor-fallecimiento-nieta-gustavo-yankelevich-cris-morena_0_QpwJN1EVPt.html\">Fuente Clarin.com <\/a><\/p>\n","protected":false},"excerpt":{"rendered":"<p>En las \u00faltimas horas, Susana Gim\u00e9nez se expres\u00f3 en las redes sociales luego de enterarse de la triste noticia del fallecimiento de Mila Yankelevich, la hija de siete a\u00f1os del productor Tom\u00e1s Yankelevich y de la actriz Sof\u00eda Reca y nieta menor de Cris Morena y Gustavo Yankelevich. La peque\u00f1a falleci\u00f3 el lunes 28 de [&hellip;]<\/p>\n","protected":false},"author":1,"featured_media":46546,"comment_status":"open","ping_status":"open","sticky":false,"template":"","format":"standard","meta":{"footnotes":""},"categories":[2],"tags":[3501,3219,3801,13592,3629,2745,878,2684,2503,312,22796],"class_list":["post-46545","post","type-post","status-publish","format-standard","has-post-thumbnail","hentry","category-ultimas-noticias","tag-cris","tag-dolor","tag-expreso","tag-fallecimiento","tag-gimenez","tag-gustavo","tag-morena","tag-nieta","tag-susana","tag-tras","tag-yankelevich"],"_links":{"self":[{"href":"https:\/\/13.com.ar\/index.php\/wp-json\/wp\/v2\/posts\/46545","targetHints":{"allow":["GET"]}}],"collection":[{"href":"https:\/\/13.com.ar\/index.php\/wp-json\/wp\/v2\/posts"}],"about":[{"href":"https:\/\/13.com.ar\/index.php\/wp-json\/wp\/v2\/types\/post"}],"author":[{"embeddable":true,"href":"https:\/\/13.com.ar\/index.php\/wp-json\/wp\/v2\/users\/1"}],"replies":[{"embeddable":true,"href":"https:\/\/13.com.ar\/index.php\/wp-json\/wp\/v2\/comments?post=46545"}],"version-history":[{"count":0,"href":"https:\/\/13.com.ar\/index.php\/wp-json\/wp\/v2\/posts\/46545\/revisions"}],"wp:featuredmedia":[{"embeddable":true,"href":"https:\/\/13.com.ar\/index.php\/wp-json\/wp\/v2\/media\/46546"}],"wp:attachment":[{"href":"https:\/\/13.com.ar\/index.php\/wp-json\/wp\/v2\/media?parent=46545"}],"wp:term":[{"taxonomy":"category","embeddable":true,"href":"https:\/\/13.com.ar\/index.php\/wp-json\/wp\/v2\/categories?post=46545"},{"taxonomy":"post_tag","embeddable":true,"href":"https:\/\/13.com.ar\/index.php\/wp-json\/wp\/v2\/tags?post=46545"}],"curies":[{"name":"wp","href":"https:\/\/api.w.org\/{rel}","templated":true}]}}