{"id":46543,"date":"2025-07-30T11:27:58","date_gmt":"2025-07-30T14:27:58","guid":{"rendered":"https:\/\/13.com.ar\/index.php\/como-sigue-la-investigacion-del-choque-del-velero-en-el-que-murio-la-nieta-de-cris-morena\/"},"modified":"2025-07-30T11:27:58","modified_gmt":"2025-07-30T14:27:58","slug":"como-sigue-la-investigacion-del-choque-del-velero-en-el-que-murio-la-nieta-de-cris-morena","status":"publish","type":"post","link":"https:\/\/13.com.ar\/index.php\/como-sigue-la-investigacion-del-choque-del-velero-en-el-que-murio-la-nieta-de-cris-morena\/","title":{"rendered":"C\u00f3mo sigue la investigaci\u00f3n del choque del velero en el que muri\u00f3 la nieta de Cris Morena"},"content":{"rendered":"<p> <br \/>\n<br \/><img decoding=\"async\" src=\"https:\/\/13.com.ar\/wp-content\/uploads\/2025\/07\/Como-sigue-la-investigacion-del-choque-del-velero-en-el.jpg\" \/><\/p>\n<div id=\"element-body-0\">\n<p>A m\u00e1s de 48 horas del tr\u00e1gico choque en Miami de una barcaza contra el velero en el que viajaba <strong>Mila Yankelevich, la nieta de 7 a\u00f1os de Cris Morena<\/strong>, que termin\u00f3 con su muerte y la de otra argentina de 13 a\u00f1os, la investigaci\u00f3n sigue su curso con <strong>total reserva<\/strong> por parte de la Guardia Costera de la Florida.<\/p>\n<\/div>\n<div id=\"element-body-1\">\n<p>Si bien no se pueden apresurar los peritajes para establecer la mec\u00e1nica y las causas de lo ocurrido en la <strong>Isla Hibiscus<\/strong>, queda claro que algo fall\u00f3 en ese canal de aguas bajas.<\/p>\n<\/div>\n<div id=\"element-body-2\">\n<p>Mila, junto a otras cuatro chicas y una instructora de 19 a\u00f1os, navegaban en el marco de las actividades del campamento de verano del Miami Yacht Club.<\/p>\n<\/div>\n<div id=\"element-body-3\">\n<p>Tras el impacto, los equipos de emergencia sacaron a las v\u00edctimas del agua y a pesar de la realizaci\u00f3n de maniobras de reanimaci\u00f3n cardiopulmonar, Mila y la nena de 13 no sobrevivieron. Otras dos chicas, de 8 y 11 a\u00f1os, se encuentran en &#8220;estado cr\u00edtico&#8221; en el Hospital Jackson Memorial.<\/p>\n<\/div>\n<div id=\"element-body-4\">\n<p>\u201cLa Guardia Costera est\u00e1 llevando a cabo una investigaci\u00f3n exhaustiva para aclarar lo sucedido&#8221;, confirm\u00f3 el capit\u00e1n Frank Florio, quien est\u00e1 a cargo del sector de Miami de la Guardia Costera, en una conferencia de prensa que dio el martes. <\/p>\n<\/div>\n<div id=\"element-body-5\">\n<div class=\"sc-c2c2a3c6-1 kQhBlc videoText videoText\">\n<h2>Video<\/h2>\n<p>Video: el momento exacto en el que una barcaza choca un velero y mata a dos nenas<\/p>\n<\/div>\n<\/div>\n<div id=\"element-body-6\">\n<p>Al conductor de la barcaza se le realiz\u00f3 <strong>un test de alcoholemia y uno de drogas<\/strong>. Pero todav\u00eda no se informaron los resultados. Las autoridades tampoco dieron a conocer la identidad de la otra nena fallecida, ni de las heridas. Desde la conferencia de prensa, no hubo otro parte oficial sobre el avance de la causa.<\/p>\n<\/div>\n<div id=\"element-body-7\">\n<p>El Yacht Club de Miami sigue cerrado &#8220;hasta nuevo aviso&#8221;. <strong>Todav\u00eda est\u00e1 all\u00ed la barcaza<\/strong>, pero no se inform\u00f3 si se realizaron ya todas las pericias pertinentes sobre la embarcaci\u00f3n.<\/p>\n<\/div>\n<div id=\"element-body-8\">\n<p>Seg\u00fan el reporte brindado por las autoridades de Miami Beach, el reporte del siniestro ocurri\u00f3 a las 11.15 del lunes, cuando una barcaza de 60 pies (18 metros) con un remolcador choc\u00f3 contra un velero mucho m\u00e1s peque\u00f1o, de 17 pies (unos cinco metros).<\/p>\n<\/div>\n<div id=\"element-body-9\">\n<p>Las cuatro sobrevivientes fueron trasladadas al Ryder Trauma Center de Miami. Dos de las chicas se encuentran en estado cr\u00edtico por las lesiones que sufrieron al ser embestidas por la barcaza, que provoc\u00f3 el hundimiento del peque\u00f1o velero. <\/p>\n<\/div>\n<p><br \/>\n<br \/><a href=\"https:\/\/www.clarin.com\/sociedad\/sigue-investigacion-choque-velero-murio-nieta-cris-morena_0_T3ozciewFs.html\">Fuente Clarin.com <\/a><\/p>\n","protected":false},"excerpt":{"rendered":"<p>A m\u00e1s de 48 horas del tr\u00e1gico choque en Miami de una barcaza contra el velero en el que viajaba Mila Yankelevich, la nieta de 7 a\u00f1os de Cris Morena, que termin\u00f3 con su muerte y la de otra argentina de 13 a\u00f1os, la investigaci\u00f3n sigue su curso con total reserva por parte de la [&hellip;]<\/p>\n","protected":false},"author":1,"featured_media":46544,"comment_status":"open","ping_status":"open","sticky":false,"template":"","format":"standard","meta":{"footnotes":""},"categories":[2],"tags":[428,66,3501,100,1362,878,611,2684,837,19674],"class_list":["post-46543","post","type-post","status-publish","format-standard","has-post-thumbnail","hentry","category-ultimas-noticias","tag-choque","tag-como","tag-cris","tag-del","tag-investigacion","tag-morena","tag-murio","tag-nieta","tag-sigue","tag-velero"],"_links":{"self":[{"href":"https:\/\/13.com.ar\/index.php\/wp-json\/wp\/v2\/posts\/46543","targetHints":{"allow":["GET"]}}],"collection":[{"href":"https:\/\/13.com.ar\/index.php\/wp-json\/wp\/v2\/posts"}],"about":[{"href":"https:\/\/13.com.ar\/index.php\/wp-json\/wp\/v2\/types\/post"}],"author":[{"embeddable":true,"href":"https:\/\/13.com.ar\/index.php\/wp-json\/wp\/v2\/users\/1"}],"replies":[{"embeddable":true,"href":"https:\/\/13.com.ar\/index.php\/wp-json\/wp\/v2\/comments?post=46543"}],"version-history":[{"count":0,"href":"https:\/\/13.com.ar\/index.php\/wp-json\/wp\/v2\/posts\/46543\/revisions"}],"wp:featuredmedia":[{"embeddable":true,"href":"https:\/\/13.com.ar\/index.php\/wp-json\/wp\/v2\/media\/46544"}],"wp:attachment":[{"href":"https:\/\/13.com.ar\/index.php\/wp-json\/wp\/v2\/media?parent=46543"}],"wp:term":[{"taxonomy":"category","embeddable":true,"href":"https:\/\/13.com.ar\/index.php\/wp-json\/wp\/v2\/categories?post=46543"},{"taxonomy":"post_tag","embeddable":true,"href":"https:\/\/13.com.ar\/index.php\/wp-json\/wp\/v2\/tags?post=46543"}],"curies":[{"name":"wp","href":"https:\/\/api.w.org\/{rel}","templated":true}]}}