{"id":46537,"date":"2025-07-30T11:18:56","date_gmt":"2025-07-30T14:18:56","guid":{"rendered":"https:\/\/13.com.ar\/index.php\/hay-siete-muertos-por-la-caida-de-un-avion-militar-sobre-el-amazonas\/"},"modified":"2025-07-30T11:18:56","modified_gmt":"2025-07-30T14:18:56","slug":"hay-siete-muertos-por-la-caida-de-un-avion-militar-sobre-el-amazonas","status":"publish","type":"post","link":"https:\/\/13.com.ar\/index.php\/hay-siete-muertos-por-la-caida-de-un-avion-militar-sobre-el-amazonas\/","title":{"rendered":"hay siete muertos por la ca\u00edda de un avi\u00f3n militar sobre el Amazonas"},"content":{"rendered":"<p> <br \/>\n<br \/><img decoding=\"async\" src=\"https:\/\/13.com.ar\/wp-content\/uploads\/2025\/07\/hay-siete-muertos-por-la-caida-de-un-avion-militar.jpg\" \/><\/p>\n<div id=\"element-body-0\">\n<p>Siete personas, entre ellas el copiloto, fallecieron y otras tres resultaron heridas en el accidente de una aeronave de la Aviaci\u00f3n Militar Bolivariana de Venezuela ocurrido en el estado Amazonas (sur, fronterizo con Brasil y Colombia), inform\u00f3 este mi\u00e9rcoles el titular de Defensa, Vladimir Padrino.<\/p>\n<\/div>\n<div id=\"element-body-1\">\n<p>El avi\u00f3n, que se precipit\u00f3 a tierra a las 08:30 hora local (12:30 GMT) de este martes, 29 de julio, trasladaba a miembros de la comunidad ind\u00edgena Yanomami a una poblaci\u00f3n en el municipio del Alto Orinoco e iba a retornar con material y equipos del Consejo Nacional Electoral (CNE), como parte del operativo por los comicios municipales celebrados el pasado domingo, seg\u00fan un comunicado oficial difundido por <em>Telegram<\/em>.<\/p>\n<\/div>\n<div id=\"element-body-2\">\n<p>Padrino anunci\u00f3 una investigaci\u00f3n por parte de la Fuerza Armada Nacional Bolivariana (FANB) por orden del presidente, Nicol\u00e1s Maduro, &#8220;con el objeto de determinar las posibles causas del siniestro&#8221;.<\/p>\n<\/div>\n<div id=\"element-body-3\">\n<p>Seis civiles pertenecientes a la etnia ind\u00edgena yanomami y un militar murieron en el accidente de un avi\u00f3n de la Aviaci\u00f3n Militar de Venezuela en una remota ruta del Amazonas venezolano, mientras que tres personas fueron rescatadas con vida, confirm\u00f3 el ministerio de Defensa este mi\u00e9rcoles.<\/p>\n<\/div>\n<div id=\"element-body-4\">\n<p>&#8220;Lamentablemente, fallecieron el copiloto y seis compatriotas de causas a\u00fan por determinar; la evacuaci\u00f3n de sus cuerpos se efectuar\u00e1 a la mayor brevedad posible&#8221;, confirm\u00f3 Padrino en un mensaje oficial.<\/p>\n<\/div>\n<div id=\"element-body-5\">\n<p>La aeronave Cessna Grand Caravan C-208B, siglas AMB-4292 del Grupo A\u00e9reo de Transporte No. 9 de la Aviaci\u00f3n Militar Bolivariana se precipit\u00f3 a tierra en el sector Cucurrital, cerca de la poblaci\u00f3n La Reforma, aproximadamente a 14 kil\u00f3metros al este de Puerto Ayacucho, la capital estatal de donde hab\u00eda despegado, explic\u00f3 el ministro.<\/p>\n<\/div>\n<div id=\"element-body-6\">\n<p>El avi\u00f3n era pilotado por el mayor Yonkers Atahualpa Salimey Rujano; el capit\u00e1n Luis Alberto Dur\u00e1n Caripa (copiloto muerto); y la teniente Valerie Valentiner Vera (jefa de m\u00e1quina).<\/p>\n<\/div>\n<div id=\"element-body-7\">\n<p>&#8220;Afortunadamente, fueron rescatadas tres de las diez personas a bordo, a quienes se les est\u00e1 brindando la atenci\u00f3n m\u00e9dica correspondiente&#8221; dijo Padrino sobre las labores de b\u00fasqueda y rescate emprendidas con unidades a\u00e9reas y terrestres &#8220;inmediatamente luego de haber perdido contacto radar&#8221;.<\/p>\n<\/div>\n<div id=\"element-body-8\">\n<p>Las causas del accidente est\u00e1n bajo investigaci\u00f3n por parte de la Junta Investigadora de Accidentes A\u00e9reos de la Fuerza Armada.<\/p>\n<\/div>\n<div id=\"element-body-9\">\n<p>Los ind\u00edgenas de la etnia yanomami regresaban a su aldea en Parima B despu\u00e9s de haber recibido atenci\u00f3n m\u00e9dica, seg\u00fan dijo el gobernador del estado Amazonas, Miguel Rodr\u00edguez.<\/p>\n<\/div>\n<p><br \/>\n<br \/><a href=\"https:\/\/www.clarin.com\/mundo\/tragedia-aerea-venezuela-muertos-caida-avion-militar-amazonas_0_jezczOJYsS.html\">Fuente Clarin.com <\/a><\/p>\n","protected":false},"excerpt":{"rendered":"<p>Siete personas, entre ellas el copiloto, fallecieron y otras tres resultaron heridas en el accidente de una aeronave de la Aviaci\u00f3n Militar Bolivariana de Venezuela ocurrido en el estado Amazonas (sur, fronterizo con Brasil y Colombia), inform\u00f3 este mi\u00e9rcoles el titular de Defensa, Vladimir Padrino. El avi\u00f3n, que se precipit\u00f3 a tierra a las 08:30 [&hellip;]<\/p>\n","protected":false},"author":1,"featured_media":46538,"comment_status":"open","ping_status":"open","sticky":false,"template":"","format":"standard","meta":{"footnotes":""},"categories":[2],"tags":[19110,1418,1953,942,1183,435,142,2264,732],"class_list":["post-46537","post","type-post","status-publish","format-standard","has-post-thumbnail","hentry","category-ultimas-noticias","tag-amazonas","tag-avion","tag-caida","tag-hay","tag-militar","tag-muertos","tag-por","tag-siete","tag-sobre"],"_links":{"self":[{"href":"https:\/\/13.com.ar\/index.php\/wp-json\/wp\/v2\/posts\/46537","targetHints":{"allow":["GET"]}}],"collection":[{"href":"https:\/\/13.com.ar\/index.php\/wp-json\/wp\/v2\/posts"}],"about":[{"href":"https:\/\/13.com.ar\/index.php\/wp-json\/wp\/v2\/types\/post"}],"author":[{"embeddable":true,"href":"https:\/\/13.com.ar\/index.php\/wp-json\/wp\/v2\/users\/1"}],"replies":[{"embeddable":true,"href":"https:\/\/13.com.ar\/index.php\/wp-json\/wp\/v2\/comments?post=46537"}],"version-history":[{"count":0,"href":"https:\/\/13.com.ar\/index.php\/wp-json\/wp\/v2\/posts\/46537\/revisions"}],"wp:featuredmedia":[{"embeddable":true,"href":"https:\/\/13.com.ar\/index.php\/wp-json\/wp\/v2\/media\/46538"}],"wp:attachment":[{"href":"https:\/\/13.com.ar\/index.php\/wp-json\/wp\/v2\/media?parent=46537"}],"wp:term":[{"taxonomy":"category","embeddable":true,"href":"https:\/\/13.com.ar\/index.php\/wp-json\/wp\/v2\/categories?post=46537"},{"taxonomy":"post_tag","embeddable":true,"href":"https:\/\/13.com.ar\/index.php\/wp-json\/wp\/v2\/tags?post=46537"}],"curies":[{"name":"wp","href":"https:\/\/api.w.org\/{rel}","templated":true}]}}