{"id":46533,"date":"2025-07-30T11:13:03","date_gmt":"2025-07-30T14:13:03","guid":{"rendered":"https:\/\/13.com.ar\/index.php\/el-futbolista-de-san-martin-de-san-juan-seguira-detenido-en-mendoza-tras-el-violento-episodio-en-una-ruta-de-mendoza\/"},"modified":"2025-07-30T11:13:03","modified_gmt":"2025-07-30T14:13:03","slug":"el-futbolista-de-san-martin-de-san-juan-seguira-detenido-en-mendoza-tras-el-violento-episodio-en-una-ruta-de-mendoza","status":"publish","type":"post","link":"https:\/\/13.com.ar\/index.php\/el-futbolista-de-san-martin-de-san-juan-seguira-detenido-en-mendoza-tras-el-violento-episodio-en-una-ruta-de-mendoza\/","title":{"rendered":"el futbolista de San Mart\u00edn de San Juan seguir\u00e1 detenido en Mendoza tras el violento episodio en una ruta de Mendoza"},"content":{"rendered":"<p> <br \/>\n<\/p>\n<div id=\"cuerpo\">\n<div class=\"sc-45461e9c-0 eqiBeF container-text text-embed \" id=\"element-body-0\">\n<p>La causa en Mendoza contra el jugador de San Mart\u00edn de San Juan <strong>Mat\u00edas Orihuela<\/strong> pas\u00f3 a una fiscal\u00eda penal. El jugador cordob\u00e9s, que se sum\u00f3 en este mercado de pases a la instituci\u00f3n verdinegra, seguir\u00e1 detenido. Fue imputado por amenazas y resistencias, en un control vial de la Polic\u00eda de Mendoza en la ruta 7 de alta monta\u00f1a.<\/p>\n<\/div>\n<div class=\"sc-45461e9c-0 eqiBeF container-text text-embed \" id=\"element-body-1\">\n<p>La dirigencia de San Mart\u00edn respald\u00f3 a su jugador de con un comunicado que remarca &#8220;la arbitrariedad del accionar policial mendocino&#8221; y contrat\u00f3 a un abogado con jurisdicci\u00f3n en Mendoza para asistirlo.<\/p>\n<\/div>\n<div class=\"sc-45461e9c-0 eqiBeF container-text text-embed \" id=\"element-body-2\">\n<p>Este jueves, a las 11, est\u00e1 prevista la audiencia pedida por la defensa de Orihuela, donde <strong>podr\u00eda declarar el jugador y solicitar que contin\u00fae el proceso penal en libertad<\/strong>. Esa decisi\u00f3n quedar\u00e1 en manos de un juez de Garant\u00edas luego de escuchar la opini\u00f3n del fiscal.<\/p>\n<\/div>\n<div class=\"sc-45461e9c-0 eqiBeF container-text text-embed \" id=\"element-body-3\">\n<p>El lunes en la ma\u00f1ana, el futbolista conduc\u00eda una camioneta <strong>Ford Ranger negra<\/strong>, en compa\u00f1\u00eda de su esposa y su hija, por <strong>la ruta que une Potrerillos con Luj\u00e1n de Cuyo<\/strong>. Fue detenido por un control vial de la Polic\u00eda de Mendoza, cuando traspon\u00eda una doble l\u00ednea amarilla, en una zona de curvas.<\/p>\n<\/div>\n<div class=\"sc-45461e9c-0 eqiBeF container-text text-embed \" id=\"element-body-4\">\n<p>La denuncia menciona que, al solicitarle la documentaci\u00f3n, &#8220;Orihuela descendi\u00f3 de la camioneta diciendo frases incomprensibles, lo que motiv\u00f3 la intervenci\u00f3n del oficial Ca\u00f1izares&#8221;.<\/p>\n<\/div>\n<div class=\"sc-45461e9c-0 eqiBeF container-text text-embed \" id=\"element-body-5\">\n<p>&#8220;El polic\u00eda se acerc\u00f3 para preguntarle qu\u00e9 le pasaba y le pidi\u00f3 que bajara la ventanilla con un golpe peque\u00f1o en el cristal, ya que no se encontraba mirando hacia el personal y hablaba con la acompa\u00f1ante&#8221;, menciona el informe policial.<\/p>\n<\/div>\n<div class=\"sc-98b114a2-0 bkqiHH image-embed  image-embed \" id=\"element-body-6\"><picture class=\"sc-98b114a2-1 jRUlDm\"><source media=\"(min-width: 975px)\" width=\"720\" height=\"480\" \/><img fetchpriority=\"high\" alt=\"Orihuela al momento de firmar como refuerzo del Santo.\" loading=\"eager\" width=\"720\" height=\"480\" decoding=\"async\" data-nimg=\"1\" style=\"color:transparent\" src=\"https:\/\/13.com.ar\/wp-content\/uploads\/2025\/07\/el-futbolista-de-San-Martin-de-San-Juan-seguira-detenido.jpg\"\/><span class=\"epigraphe\">Orihuela al momento de firmar como refuerzo del Santo.<\/span><span class=\"picture-open\"><button class=\"open-image\" aria-label=\"Open Image\"\/><\/span><\/picture><\/div>\n<div class=\"sc-45461e9c-0 eqiBeF container-text text-embed \" id=\"element-body-7\">\n<p>&#8220;Al solicitar la documentaci\u00f3n correspondiente, el conductor, descendi\u00f3 del veh\u00edculo con actitud agresiva y la situaci\u00f3n se agrav\u00f3 cuando el ayudante Ca\u00f1izares intent\u00f3 mediar para calmar los \u00e1nimos y explicar el procedimiento.<strong> Orihuela abri\u00f3 de manera brusca la puerta del veh\u00edculo, golpeando al uniformado, para luego agredirlo f\u00edsicamente con golpes de pu\u00f1o<\/strong>&#8220;, indica el acta.<\/p>\n<\/div>\n<div class=\"sc-45461e9c-0 eqiBeF container-text text-embed \" id=\"element-body-8\">\n<p>El informe consigna que el futbolista<strong> &#8220;ofreci\u00f3 resistencia al accionar policial, profiri\u00f3 amenazas&#8221;<\/strong> y que al ser conducido hacia el m\u00f3vil policial, se abalanz\u00f3 nuevamente sobre Ca\u00f1izares, &#8220;provocando su ca\u00edda al suelo tras un nuevo ataque f\u00edsico&#8221;. Orihuela, adem\u00e1s rompi\u00f3 el acta con la infracci\u00f3n, antes de ser reducido por mayor n\u00famero de polic\u00edas, como se ve en videos que fueron aportados como prueba en la investigaci\u00f3n.<\/p>\n<\/div>\n<div class=\"sc-45461e9c-0 eqiBeF container-text text-embed \" id=\"element-body-9\">\n<p>De acuerdo con la versi\u00f3n policial, &#8220;el jugador se calm\u00f3 y se mostr\u00f3 descontento por la infracci\u00f3n vial y el actuar policial, sin embargo, comenz\u00f3 a lanzar amenazas. Asegur\u00f3 que era jugador del club San Mart\u00edn de San Juan y que ten\u00eda &#8220;muchos amigos en la AFA&#8221; que lograr\u00edan que el polic\u00eda fuera echado.<\/p>\n<\/div>\n<div class=\"sc-45461e9c-0 eqiBeF container-text text-embed \" id=\"element-body-10\">\n<p>Toda la secuencia fue registrada por la bodycam N\u00ba 193, seg\u00fan confirmaron fuentes policiales. De hecho, el efectivo comunic\u00f3 la novedad al CEO y pidi\u00f3 que registrara lo que el futbolista dec\u00eda. Sin embargo, al momento de ser detenido, <strong>el jugador public\u00f3 un video en la redes sociales denunciando haber sido golpeado por la Polic\u00eda.<\/strong><\/p>\n<\/div>\n<div class=\"sc-45461e9c-0 eqiBeF container-text text-embed \" id=\"element-body-11\">\n<p>Luego de permitirle hablar con su mujer, Orihuela fue notificado de su aprehensi\u00f3n. En el momento en que era trasladado a pie hacia el m\u00f3vil policial, <strong>&#8220;gir\u00f3 repentinamente y le propin\u00f3 golpes de pu\u00f1o al oficial, arroj\u00e1ndolo al suelo. El agresor fue reducido con la colaboraci\u00f3n de otro oficial y dos civiles&#8221;<\/strong>, dice la denuncia.<\/p>\n<\/div>\n<p><h2>La imputaci\u00f3n<\/h2>\n<\/p>\n<div class=\"sc-45461e9c-0 eqiBeF container-text text-embed \" id=\"element-body-13\">\n<p>&#8220;<strong>Seguir\u00e1 detenido porque a la conducci\u00f3n riesgosa que expuso con su conducta<\/strong>, se le suma el caso omiso a las \u00f3rdenes de detenci\u00f3n de la polic\u00eda, increp\u00f3 y golpe\u00f3 a la autoridad policial&#8221;, fundament\u00f3 en un comunicado el fiscal de Mendoza, Gustavo Stroppiana.<\/p>\n<\/div>\n<div class=\"sc-45461e9c-0 eqiBeF container-text text-embed \" id=\"element-body-14\">\n<p>En un primer momento, Orihuela qued\u00f3 demorado en la Comisar\u00eda 11 de Luj\u00e1n de Cuyo, pero luego de imputarlo por amenazas y resistencia a la autoridad, <strong>el fiscal dispuso que el jugador sea trasladado al penal de San Felipe<\/strong>, en la ciudad de Mendoza.<\/p>\n<\/div>\n<div class=\"sc-45461e9c-0 eqiBeF container-text text-embed \" id=\"element-body-15\">\n<p><strong>&#8220;Teniendo en cuenta estas circunstancias que se imputan, es de presumir que existe claro riesgo procesal que justifica su detenci\u00f3n&#8221;<\/strong>, sostuvo Stroppiana.<\/p>\n<\/div>\n<div class=\"sc-45461e9c-0 eqiBeF container-text text-embed \" id=\"element-body-16\">\n<p>Desde la Fiscal\u00eda indicaron que la defensa pidi\u00f3 que el jugador declare declarar al tiempo que solicit\u00f3 el control jurisdiccional, el cual ser\u00e1 formalizado este jueves 31 de julio, a las 11.<\/p>\n<\/div>\n<div class=\"sc-45461e9c-0 eqiBeF container-text text-embed \" id=\"element-body-17\">\n<p>Hasta el momento, no se ha hecho presente en la Fiscal\u00eda de Mendoza ni en el penal, alg\u00fan representante de la dirigencia de San Mart\u00edn, que podr\u00edan viajar para la audiencia de ma\u00f1ana.<\/p>\n<\/div>\n<div class=\"sc-45461e9c-0 eqiBeF container-text text-embed \" id=\"element-body-18\">\n<p>El equipo que dirige <strong>Leandro Pipi Romagnoli<\/strong> retom\u00f3 los entrenamientos ayer. San Mart\u00edn volver\u00e1 a la competencia el s\u00e1bado 9 de agosto cuando reciba en San Juan a Sarmiento de Jun\u00edn, en un partido clave para las aspiraciones de permanencia en la Liga Profesional de F\u00fatbol.<\/p>\n<\/div>\n<\/div>\n<p><br \/>\n<br \/><a href=\"https:\/\/www.clarin.com\/deportes\/caso-matias-orihuela-futbolista-san-martin-san-juan-seguira-detenido-mendoza-violento-episodio-ruta-mendoza_0_eD6jc0VCFf.html\">Fuente Clarin.com <\/a><\/p>\n","protected":false},"excerpt":{"rendered":"<p>La causa en Mendoza contra el jugador de San Mart\u00edn de San Juan Mat\u00edas Orihuela pas\u00f3 a una fiscal\u00eda penal. El jugador cordob\u00e9s, que se sum\u00f3 en este mercado de pases a la instituci\u00f3n verdinegra, seguir\u00e1 detenido. Fue imputado por amenazas y resistencias, en un control vial de la Polic\u00eda de Mendoza en la ruta [&hellip;]<\/p>\n","protected":false},"author":1,"featured_media":46534,"comment_status":"open","ping_status":"open","sticky":false,"template":"","format":"standard","meta":{"footnotes":""},"categories":[2],"tags":[1360,2498,3748,1038,1604,642,493,451,603,312,73,5330],"class_list":["post-46533","post","type-post","status-publish","format-standard","has-post-thumbnail","hentry","category-ultimas-noticias","tag-detenido","tag-episodio","tag-futbolista","tag-juan","tag-martin","tag-mendoza","tag-ruta","tag-san","tag-seguira","tag-tras","tag-una","tag-violento"],"_links":{"self":[{"href":"https:\/\/13.com.ar\/index.php\/wp-json\/wp\/v2\/posts\/46533","targetHints":{"allow":["GET"]}}],"collection":[{"href":"https:\/\/13.com.ar\/index.php\/wp-json\/wp\/v2\/posts"}],"about":[{"href":"https:\/\/13.com.ar\/index.php\/wp-json\/wp\/v2\/types\/post"}],"author":[{"embeddable":true,"href":"https:\/\/13.com.ar\/index.php\/wp-json\/wp\/v2\/users\/1"}],"replies":[{"embeddable":true,"href":"https:\/\/13.com.ar\/index.php\/wp-json\/wp\/v2\/comments?post=46533"}],"version-history":[{"count":0,"href":"https:\/\/13.com.ar\/index.php\/wp-json\/wp\/v2\/posts\/46533\/revisions"}],"wp:featuredmedia":[{"embeddable":true,"href":"https:\/\/13.com.ar\/index.php\/wp-json\/wp\/v2\/media\/46534"}],"wp:attachment":[{"href":"https:\/\/13.com.ar\/index.php\/wp-json\/wp\/v2\/media?parent=46533"}],"wp:term":[{"taxonomy":"category","embeddable":true,"href":"https:\/\/13.com.ar\/index.php\/wp-json\/wp\/v2\/categories?post=46533"},{"taxonomy":"post_tag","embeddable":true,"href":"https:\/\/13.com.ar\/index.php\/wp-json\/wp\/v2\/tags?post=46533"}],"curies":[{"name":"wp","href":"https:\/\/api.w.org\/{rel}","templated":true}]}}