{"id":46531,"date":"2025-07-30T11:10:00","date_gmt":"2025-07-30T14:10:00","guid":{"rendered":"https:\/\/13.com.ar\/index.php\/reclamos-de-contribuyentes-contadores-y-del-agro-por-la-caida-del-sistema-en-una-fecha-clave\/"},"modified":"2025-07-30T11:10:00","modified_gmt":"2025-07-30T14:10:00","slug":"reclamos-de-contribuyentes-contadores-y-del-agro-por-la-caida-del-sistema-en-una-fecha-clave","status":"publish","type":"post","link":"https:\/\/13.com.ar\/index.php\/reclamos-de-contribuyentes-contadores-y-del-agro-por-la-caida-del-sistema-en-una-fecha-clave\/","title":{"rendered":"reclamos de contribuyentes, contadores y del agro por la ca\u00edda del sistema en una fecha clave"},"content":{"rendered":"<p> <br \/>\n<br \/><img decoding=\"async\" src=\"https:\/\/13.com.ar\/wp-content\/uploads\/2025\/07\/reclamos-de-contribuyentes-contadores-y-del-agro-por-la-caida.jpg\" \/><\/p>\n<div id=\"element-body-0\">\n<p>La p\u00e1gina web de la Agencia de Recaudaci\u00f3n y Control Aduanero (ARCA), organismo que reemplaza a la hist\u00f3rica AFIP, tiene problemas en su sistema y la p\u00e1gina web se encuentra ca\u00edda desde este mi\u00e9rcoles, complicando a contribuyentes y contadores en una fecha clave como es el fin de mes.<\/p>\n<\/div>\n<div id=\"element-body-1\">\n<p><strong>El problema ocurre en pleno cierre de mes y durante el periodo de recategorizaci\u00f3n del Monotributo,<\/strong> lo que genera reclamos por parte de sectores como la agroindustria y contadores p\u00fablicos, quienes se\u00f1alaron las dificultades para cumplir con los tr\u00e1mites obligatorios.<\/p>\n<\/div>\n<div id=\"element-body-2\">\n<p>La p\u00e1gina principal se ve sin ning\u00fan inconveniente, el problema surge cuando el contribuyente intenta loguearse. A partir de ah\u00ed, en solo segundos la p\u00e1gina aparece ca\u00edda.<\/p>\n<\/div>\n<div id=\"element-body-3\">\n<p>Esto oblig\u00f3 a que ARCA desde su cuenta de X cuelgue un alerta que indica: &#8220;Moment\u00e1neamente estamos experimentando problemas con los sistemas de ARCA. Estamos trabajando para activarlo a la brevedad&#8221;. <\/p>\n<\/div>\n<p><br \/>\n<br \/><a href=\"https:\/\/www.clarin.com\/economia\/arca-advierte-cayo-sistema-reclamos-agro-contadores-cierre-mes_0_jrYxQEfBr6.html\">Fuente Clarin.com <\/a><\/p>\n","protected":false},"excerpt":{"rendered":"<p>La p\u00e1gina web de la Agencia de Recaudaci\u00f3n y Control Aduanero (ARCA), organismo que reemplaza a la hist\u00f3rica AFIP, tiene problemas en su sistema y la p\u00e1gina web se encuentra ca\u00edda desde este mi\u00e9rcoles, complicando a contribuyentes y contadores en una fecha clave como es el fin de mes. El problema ocurre en pleno cierre [&hellip;]<\/p>\n","protected":false},"author":1,"featured_media":46532,"comment_status":"open","ping_status":"open","sticky":false,"template":"","format":"standard","meta":{"footnotes":""},"categories":[2],"tags":[2577,1953,272,22244,7648,100,1946,142,3241,2333,73],"class_list":["post-46531","post","type-post","status-publish","format-standard","has-post-thumbnail","hentry","category-ultimas-noticias","tag-agro","tag-caida","tag-clave","tag-contadores","tag-contribuyentes","tag-del","tag-fecha","tag-por","tag-reclamos","tag-sistema","tag-una"],"_links":{"self":[{"href":"https:\/\/13.com.ar\/index.php\/wp-json\/wp\/v2\/posts\/46531","targetHints":{"allow":["GET"]}}],"collection":[{"href":"https:\/\/13.com.ar\/index.php\/wp-json\/wp\/v2\/posts"}],"about":[{"href":"https:\/\/13.com.ar\/index.php\/wp-json\/wp\/v2\/types\/post"}],"author":[{"embeddable":true,"href":"https:\/\/13.com.ar\/index.php\/wp-json\/wp\/v2\/users\/1"}],"replies":[{"embeddable":true,"href":"https:\/\/13.com.ar\/index.php\/wp-json\/wp\/v2\/comments?post=46531"}],"version-history":[{"count":0,"href":"https:\/\/13.com.ar\/index.php\/wp-json\/wp\/v2\/posts\/46531\/revisions"}],"wp:featuredmedia":[{"embeddable":true,"href":"https:\/\/13.com.ar\/index.php\/wp-json\/wp\/v2\/media\/46532"}],"wp:attachment":[{"href":"https:\/\/13.com.ar\/index.php\/wp-json\/wp\/v2\/media?parent=46531"}],"wp:term":[{"taxonomy":"category","embeddable":true,"href":"https:\/\/13.com.ar\/index.php\/wp-json\/wp\/v2\/categories?post=46531"},{"taxonomy":"post_tag","embeddable":true,"href":"https:\/\/13.com.ar\/index.php\/wp-json\/wp\/v2\/tags?post=46531"}],"curies":[{"name":"wp","href":"https:\/\/api.w.org\/{rel}","templated":true}]}}