{"id":4641,"date":"2025-02-13T16:18:53","date_gmt":"2025-02-13T19:18:53","guid":{"rendered":"https:\/\/13.com.ar\/index.php\/los-participantes-de-love-is-blind-se-solidarizaron-con-emily-y-contaron-mas-episodios-violentos-de-santiago\/"},"modified":"2025-02-13T16:18:53","modified_gmt":"2025-02-13T19:18:53","slug":"los-participantes-de-love-is-blind-se-solidarizaron-con-emily-y-contaron-mas-episodios-violentos-de-santiago","status":"publish","type":"post","link":"https:\/\/13.com.ar\/index.php\/los-participantes-de-love-is-blind-se-solidarizaron-con-emily-y-contaron-mas-episodios-violentos-de-santiago\/","title":{"rendered":"Los participantes de &#8220;Love is Blind&#8221; se solidarizaron con Emily y contaron m\u00e1s episodios violentos de Santiago"},"content":{"rendered":"<p> <br \/>\n<\/p>\n<div id=\"cuerpo\">\n<div class=\"sc-80531b6b-0 chRIGJ container-text text-embed\">\n<p>Luego de que <strong>Emily Ceco<\/strong> revelara que fue v\u00edctima de violencia de g\u00e9nero por parte de <strong>Santiago Mart\u00ednez<\/strong>, su pareja y con quien se cas\u00f3 en el <em>reality<\/em> de Netflix <strong><em>Love is Blind<\/em><\/strong>, sus compa\u00f1eros de programa se solidarizaron con ella. Tambi\u00e9n relataron otros episodios violentos de Santiago.<\/p>\n<\/div>\n<div class=\"sc-80531b6b-0 chRIGJ container-text text-embed\">\n<p>Esta ma\u00f1ana, Emily Ceco brind\u00f3 una entrevista en<strong> <em>El Ej\u00e9rcito de la Ma\u00f1ana<\/em><\/strong> (Bondi Live). All\u00ed, con un ojo morado, cont\u00f3 con detalles de c\u00f3mo <strong>Santiago Mart\u00ednez le peg\u00f3<\/strong> <strong>en la casa que compart\u00edan.<\/strong><\/p>\n<\/div>\n<div class=\"sc-80531b6b-0 chRIGJ container-text text-embed\">\n<p>Luego de que ella finalizara su escalofriante relato, sus compa\u00f1eros del reality<em> Love is Blind<\/em> (Netflix) publicaron <strong>una serie de mensajes solidariz\u00e1ndose con la joven<\/strong> y d\u00e1ndole su apoyo en tal dif\u00edcil situaci\u00f3n.<\/p>\n<\/div>\n<div class=\"sc-80531b6b-0 chRIGJ container-text text-embed\">\n<p>A trav\u00e9s de su Instagram, <strong>Julieta Fennema<\/strong> le escribi\u00f3 a su compa\u00f1era: &#8220;Menos mal que saliste de ah\u00ed, estoy segura de que <strong>en un tiempo vas a volver a ser la Emily simp\u00e1tica, alegre y amorosa<\/strong> que nosotras conocimos&#8221;. <\/p>\n<\/div>\n<div class=\"sc-80531b6b-0 chRIGJ container-text text-embed\">\n<p>Por otro lado, la joven le asegur\u00f3 a Santiago: &#8220;No te va a alcanzar la vida para pedir disculpas,<strong> manipulador, mentiroso, c\u00ednico y golpeador<\/strong>. por no decirte forro hijo de puta. Espero que nunca m\u00e1s en la vida toques a una mujer&#8221;. <\/p>\n<\/div>\n<div class=\"sc-80531b6b-0 chRIGJ container-text text-embed\">\n<p>En ese sentido, Julieta le reproch\u00f3 a Mart\u00ednez los mensajes que le envi\u00f3 a Emily despu\u00e9s de golpearla: &#8220;Le pediste seguir con las publicidades que ten\u00edan pactadas despu\u00e9s de hacerle lo que le hiciste, c\u00ednico. <strong>Mientras le mandabas mensajes a otra chica para que vaya a tu casa a tomar algo el domingo<\/strong>&#8220;. <\/p>\n<\/div>\n<div class=\"sc-80531b6b-0 chRIGJ container-text text-embed\">\n<p>A su vez, hubo otros participantes del programa de Netflix que aseguraron no estar sorprendidos por la situaci\u00f3n, dando a entender que <strong>Santiago ya hab\u00eda mostrado actitudes violentas durante las grabaciones.<\/strong><\/p>\n<\/div>\n<div class=\"sc-198be8ec-0 cynXbu image-embed  image-embed \"><picture class=\"sc-198be8ec-1 kOjRiQ\"><source media=\"(min-width: 975px)\" width=\"720\" height=\"480\" \/><img alt=\"El mensaje de Julieta Fennema para Emily de &quot;Love is Blind&quot;. Foto: Instagram\" loading=\"lazy\" width=\"720\" height=\"480\" decoding=\"async\" data-nimg=\"1\" style=\"color:transparent\" src=\"https:\/\/13.com.ar\/wp-content\/uploads\/2025\/02\/Los-participantes-de-Love-is-Blind-se-solidarizaron-con-Emily.jpg\"\/><span class=\"epigraphe\">El mensaje de Julieta Fennema para Emily de &#8220;Love is Blind&#8221;. Foto: Instagram<\/span><span class=\"bkg\"\/><span class=\"picture-open\"><button class=\"open-image\" aria-label=\"Open Image\"\/><\/span><\/picture><\/div>\n<div class=\"sc-80531b6b-0 chRIGJ container-text text-embed\">\n<p><strong>&#8220;Siempre dijimos que no mostraron las verdaderas personalidades<\/strong>, participantes que parec\u00edan &#8216;buenitos&#8217; con denuncia de g\u00e9nero&#8221;, revel\u00f3 Macarena Moro\u00f1o. <\/p>\n<\/div>\n<div class=\"sc-198be8ec-0 cynXbu image-embed  image-embed \"><picture class=\"sc-198be8ec-1 kOjRiQ\"><source media=\"(min-width: 975px)\" width=\"720\" height=\"480\" \/><img alt=\"Macarena Moro\u00f1o de &quot;Love is Blind&quot; le mand\u00f3 un mensaje a Emily. Foto: Instagram\" loading=\"lazy\" width=\"720\" height=\"480\" decoding=\"async\" data-nimg=\"1\" style=\"color:transparent\" src=\"https:\/\/13.com.ar\/wp-content\/uploads\/2025\/02\/1739474333_702_Los-participantes-de-Love-is-Blind-se-solidarizaron-con-Emily.jpg\"\/><span class=\"epigraphe\">Macarena Moro\u00f1o de &#8220;Love is Blind&#8221; le mand\u00f3 un mensaje a Emily. Foto: Instagram<\/span><span class=\"bkg\"\/><span class=\"picture-open\"><button class=\"open-image\" aria-label=\"Open Image\"\/><\/span><\/picture><\/div>\n<div class=\"sc-80531b6b-0 chRIGJ container-text text-embed\">\n<p>&#8220;Quiero solidarizarme con \u00a9cecoemily y recordarles a todos que nadie merece sufrir ning\u00fan tipo de violencia. Ninguna excusa ni situaci\u00f3n justifica el maltrato.<strong> El amor no lastima, no hace sufrir<\/strong>&#8220;, agreg\u00f3 la participante de este <em>reality<\/em>. <\/p>\n<\/div>\n<div class=\"sc-80531b6b-0 chRIGJ container-text text-embed\">\n<p>Agustina Pontoriero denunci\u00f3 otro hecho de violencia: &#8220;<strong>\u00c9l siempre fue un violento. Con otra chica del <em>reality<\/em> tambi\u00e9n se comport\u00f3 mal<\/strong> adelante de Emily, aunque entiendo que es dif\u00edcil salir de eso cuando est\u00e1s enamorada&#8221;. <\/p>\n<\/div>\n<div class=\"sc-198be8ec-0 cynXbu image-embed  image-embed \"><picture class=\"sc-198be8ec-1 kOjRiQ\"><source media=\"(min-width: 975px)\" width=\"720\" height=\"480\" \/><img alt=\"Agustina de &quot;Love is Blind&quot; cont\u00f3 m\u00e1s episodios de violencia de Santiago Mart\u00ednez. Foto: InstagramFoto: Instagram\" loading=\"lazy\" width=\"720\" height=\"480\" decoding=\"async\" data-nimg=\"1\" style=\"color:transparent\" src=\"https:\/\/13.com.ar\/wp-content\/uploads\/2025\/02\/1739474333_368_Los-participantes-de-Love-is-Blind-se-solidarizaron-con-Emily.jpg\"\/><span class=\"epigraphe\">Agustina de &#8220;Love is Blind&#8221; cont\u00f3 m\u00e1s episodios de violencia de Santiago Mart\u00ednez. Foto: InstagramFoto: Instagram<\/span><span class=\"bkg\"\/><span class=\"picture-open\"><button class=\"open-image\" aria-label=\"Open Image\"\/><\/span><\/picture><\/div>\n<div class=\"sc-80531b6b-0 chRIGJ container-text text-embed\">\n<p>En ese sentido, la joven tambi\u00e9n apunt\u00f3 contra la producci\u00f3n del programa: &#8220;<strong>\u00bfC\u00f3mo hizo para pasar el psicot\u00e9cnico?<\/strong> El show es divertido hasta que deja de ser show, los personajes se caen y el tiempo te muestra qui\u00e9n es qui\u00e9n&#8221;. <\/p>\n<\/div>\n<div class=\"sc-80531b6b-0 chRIGJ container-text text-embed\">\n<p>Luego, la misma Agustina con un video explic\u00f3 lo que realmente ocurr\u00eda detr\u00e1s de c\u00e1maras: &#8220;Sab\u00edamos que \u00e9l era violento, <strong>fue agresivo con algunos de los chicos<\/strong>, con otra de las chicas tambi\u00e9n&#8221;.<\/p>\n<\/div>\n<div class=\"sc-198be8ec-0 cynXbu image-embed  image-embed \"><picture class=\"sc-198be8ec-1 kOjRiQ\"><source media=\"(min-width: 975px)\" width=\"720\" height=\"480\" \/><img alt=\"Agustina apunt\u00f3 tambi\u00e9n contra la producci\u00f3n de &quot;Love is Blind&quot;. Foto: Instagram\" loading=\"lazy\" width=\"720\" height=\"480\" decoding=\"async\" data-nimg=\"1\" style=\"color:transparent\" src=\"https:\/\/13.com.ar\/wp-content\/uploads\/2025\/02\/1739474333_65_Los-participantes-de-Love-is-Blind-se-solidarizaron-con-Emily.jpg\"\/><span class=\"epigraphe\">Agustina apunt\u00f3 tambi\u00e9n contra la producci\u00f3n de &#8220;Love is Blind&#8221;. Foto: Instagram<\/span><span class=\"bkg\"\/><span class=\"picture-open\"><button class=\"open-image\" aria-label=\"Open Image\"\/><\/span><\/picture><\/div>\n<div class=\"sc-80531b6b-0 chRIGJ container-text text-embed\">\n<p>&#8220;Ahora que haya terminado c\u00f3mo termin\u00f3&#8230; le desfigur\u00f3 la cara, encima pretend\u00eda fingir demencia para las c\u00e1maras&#8221;, critic\u00f3 Pontoriero.<\/p>\n<\/div>\n<div class=\"sc-80531b6b-0 chRIGJ container-text text-embed\">\n<p>Sofi Iorio tambi\u00e9n le dej\u00f3 un mensaje a su compa\u00f1era: &#8220;Nadie, nunca, jam\u00e1s merece pasar por esto, la violencia no se justifica.<strong> Me duele en el alma que tengamos que seguir pasando por esto<\/strong>, todo mi apoyo a Emily&#8221;. <\/p>\n<\/div>\n<div class=\"sc-80531b6b-0 chRIGJ container-text text-embed\">\n<p>Luego, Brenda Oviedo asegur\u00f3 en una de sus historias: &#8220;Es una locura todo esto, l<strong>os personajes no se pueden mantener en la vida real<\/strong>. Las verdaderas personalidades siempre salen a la luz&#8221;.<\/p>\n<\/div>\n<p><h2>Los participantes hombres de &#8220;Love is Blind&#8221; tambi\u00e9n repudiaron la violencia<\/h2>\n<\/p>\n<div class=\"sc-80531b6b-0 chRIGJ container-text text-embed\">\n<p>Los hombres que participaron del programa no se quedaron atr\u00e1s y tambi\u00e9n publicaron mensajes <strong>repudiando el accionar de su compa\u00f1ero<\/strong>. <\/p>\n<\/div>\n<div class=\"sc-80531b6b-0 chRIGJ container-text text-embed\">\n<p>&#8220;Lamentablemente son situaciones m\u00e1s comunes de lo que imaginamos, fuerza, Emily&#8221;, escribi\u00f3 Thomas Cohen.<\/p>\n<\/div>\n<div class=\"sc-198be8ec-0 cynXbu image-embed  image-embed \"><picture class=\"sc-198be8ec-1 kOjRiQ\"><source media=\"(min-width: 975px)\" width=\"720\" height=\"480\" \/><img alt=\"Thomas de &quot;Love is Blind&quot; se solidariz\u00f3 con Emily. Foto: Instagram\" loading=\"lazy\" width=\"720\" height=\"480\" decoding=\"async\" data-nimg=\"1\" style=\"color:transparent\" src=\"https:\/\/13.com.ar\/wp-content\/uploads\/2025\/02\/1739474333_575_Los-participantes-de-Love-is-Blind-se-solidarizaron-con-Emily.jpg\"\/><span class=\"epigraphe\">Thomas de &#8220;Love is Blind&#8221; se solidariz\u00f3 con Emily. Foto: Instagram<\/span><span class=\"bkg\"\/><span class=\"picture-open\"><button class=\"open-image\" aria-label=\"Open Image\"\/><\/span><\/picture><\/div>\n<div class=\"sc-80531b6b-0 chRIGJ container-text text-embed\">\n<p>Por otro lado, el cordob\u00e9s Mat\u00edas Moreno expres\u00f3: &#8220;<strong>El amor no es violencia<\/strong>, abrazo enorme a Emily&#8221;. <\/p>\n<\/div>\n<div class=\"sc-198be8ec-0 cynXbu image-embed  image-embed \"><picture class=\"sc-198be8ec-1 kOjRiQ\"><source media=\"(min-width: 975px)\" width=\"720\" height=\"480\" \/><img alt=\"Roberto de &quot;Love is Blind&quot; pidi\u00f3 justicia por lo que pas\u00f3 con Emily. Foto: Instagram\" loading=\"lazy\" width=\"720\" height=\"480\" decoding=\"async\" data-nimg=\"1\" style=\"color:transparent\" src=\"https:\/\/13.com.ar\/wp-content\/uploads\/2025\/02\/1739474333_402_Los-participantes-de-Love-is-Blind-se-solidarizaron-con-Emily.jpg\"\/><span class=\"epigraphe\">Roberto de &#8220;Love is Blind&#8221; pidi\u00f3 justicia por lo que pas\u00f3 con Emily. Foto: Instagram<\/span><span class=\"bkg\"\/><span class=\"picture-open\"><button class=\"open-image\" aria-label=\"Open Image\"\/><\/span><\/picture><\/div>\n<div class=\"sc-80531b6b-0 chRIGJ container-text text-embed\">\n<p>Roberto Marsicano tambi\u00e9n repudi\u00f3 violencia de g\u00e9nero y agreg\u00f3: &#8220;Nada justifica un accionar de ese tipo, nadie tiene derecho, bajo ning\u00fan punto de vista, a comportarse as\u00ed y nadie se merece tener que pasar por una situaci\u00f3n como esa<strong>. Que la justicia act\u00fae como corresponde&#8221;. <\/strong><\/p>\n<\/div>\n<\/div>\n<p><br \/>\n<br \/><a href=\"https:\/\/www.clarin.com\/fama\/participantes-love-is-blind-solidarizaron-emily-contaron-episodios-violentos-santiago_0_52r72JmLPz.html\">Fuente Clarin.com <\/a><\/p>\n","protected":false},"excerpt":{"rendered":"<p>Luego de que Emily Ceco revelara que fue v\u00edctima de violencia de g\u00e9nero por parte de Santiago Mart\u00ednez, su pareja y con quien se cas\u00f3 en el reality de Netflix Love is Blind, sus compa\u00f1eros de programa se solidarizaron con ella. Tambi\u00e9n relataron otros episodios violentos de Santiago. Esta ma\u00f1ana, Emily Ceco brind\u00f3 una entrevista [&hellip;]<\/p>\n","protected":false},"author":1,"featured_media":4642,"comment_status":"open","ping_status":"open","sticky":false,"template":"","format":"standard","meta":{"footnotes":""},"categories":[2],"tags":[6596,18,4518,3727,6674,28,6595,155,3375,414,6673,6675],"class_list":["post-4641","post","type-post","status-publish","format-standard","has-post-thumbnail","hentry","category-ultimas-noticias","tag-blind","tag-con","tag-contaron","tag-emily","tag-episodios","tag-los","tag-love","tag-mas","tag-participantes","tag-santiago","tag-solidarizaron","tag-violentos"],"_links":{"self":[{"href":"https:\/\/13.com.ar\/index.php\/wp-json\/wp\/v2\/posts\/4641","targetHints":{"allow":["GET"]}}],"collection":[{"href":"https:\/\/13.com.ar\/index.php\/wp-json\/wp\/v2\/posts"}],"about":[{"href":"https:\/\/13.com.ar\/index.php\/wp-json\/wp\/v2\/types\/post"}],"author":[{"embeddable":true,"href":"https:\/\/13.com.ar\/index.php\/wp-json\/wp\/v2\/users\/1"}],"replies":[{"embeddable":true,"href":"https:\/\/13.com.ar\/index.php\/wp-json\/wp\/v2\/comments?post=4641"}],"version-history":[{"count":0,"href":"https:\/\/13.com.ar\/index.php\/wp-json\/wp\/v2\/posts\/4641\/revisions"}],"wp:featuredmedia":[{"embeddable":true,"href":"https:\/\/13.com.ar\/index.php\/wp-json\/wp\/v2\/media\/4642"}],"wp:attachment":[{"href":"https:\/\/13.com.ar\/index.php\/wp-json\/wp\/v2\/media?parent=4641"}],"wp:term":[{"taxonomy":"category","embeddable":true,"href":"https:\/\/13.com.ar\/index.php\/wp-json\/wp\/v2\/categories?post=4641"},{"taxonomy":"post_tag","embeddable":true,"href":"https:\/\/13.com.ar\/index.php\/wp-json\/wp\/v2\/tags?post=4641"}],"curies":[{"name":"wp","href":"https:\/\/api.w.org\/{rel}","templated":true}]}}